{"id":4508,"date":"2024-05-01T19:17:21","date_gmt":"2024-05-01T18:17:21","guid":{"rendered":"https:\/\/blogsaverroes.juntadeandalucia.es\/ceip-manuel-cano-damian\/?p=4508"},"modified":"2024-05-01T19:17:21","modified_gmt":"2024-05-01T18:17:21","slug":"dehesafio","status":"publish","type":"post","link":"https:\/\/blogsaverroes.juntadeandalucia.es\/ceip-manuel-cano-damian\/dehesafio\/","title":{"rendered":"DEHESAF\u00cdO"},"content":{"rendered":"<p><img loading=\"lazy\" decoding=\"async\" class=\"aligncenter size-full wp-image-4509\" src=\"https:\/\/blogsaverroes.juntadeandalucia.es\/ceip-manuel-cano-damian\/files\/2024\/05\/cooltext457248322998189.png\" alt=\"\" width=\"369\" height=\"99\" srcset=\"https:\/\/blogsaverroes.juntadeandalucia.es\/ceip-manuel-cano-damian\/files\/2024\/05\/cooltext457248322998189.png 369w, https:\/\/blogsaverroes.juntadeandalucia.es\/ceip-manuel-cano-damian\/files\/2024\/05\/cooltext457248322998189-300x80.png 300w\" sizes=\"(max-width: 369px) 100vw, 369px\" \/><\/p>\n<p><span style=\"font-size: 14pt;color: #000000\"><strong>Un a\u00f1o m\u00e1s nuestro alumnado de 4\u00ba de Primaria ha colaborado con PRODE participando en su programa \u00abEl Dehesaf\u00edo\u00bb contribuyendo no solo al conocimiento sino adem\u00e1s a la reforestaci\u00f3n de nuestra dehesa. Al mismo tiempo nuestros ni\u00f1os y ni\u00f1as disfrutan de una actividad muy divertida en plena naturaleza.<\/strong><\/span><\/p>\n<p><img loading=\"lazy\" decoding=\"async\" class=\"aligncenter size-full wp-image-4510\" src=\"https:\/\/blogsaverroes.juntadeandalucia.es\/ceip-manuel-cano-damian\/files\/2024\/05\/5d5dd0fb-904f-429e-828d-ae1e572a309c.jpg\" alt=\"\" width=\"900\" height=\"1600\" srcset=\"https:\/\/blogsaverroes.juntadeandalucia.es\/ceip-manuel-cano-damian\/files\/2024\/05\/5d5dd0fb-904f-429e-828d-ae1e572a309c.jpg 900w, https:\/\/blogsaverroes.juntadeandalucia.es\/ceip-manuel-cano-damian\/files\/2024\/05\/5d5dd0fb-904f-429e-828d-ae1e572a309c-169x300.jpg 169w, https:\/\/blogsaverroes.juntadeandalucia.es\/ceip-manuel-cano-damian\/files\/2024\/05\/5d5dd0fb-904f-429e-828d-ae1e572a309c-576x1024.jpg 576w, https:\/\/blogsaverroes.juntadeandalucia.es\/ceip-manuel-cano-damian\/files\/2024\/05\/5d5dd0fb-904f-429e-828d-ae1e572a309c-768x1365.jpg 768w, https:\/\/blogsaverroes.juntadeandalucia.es\/ceip-manuel-cano-damian\/files\/2024\/05\/5d5dd0fb-904f-429e-828d-ae1e572a309c-864x1536.jpg 864w\" sizes=\"(max-width: 900px) 100vw, 900px\" \/> <img loading=\"lazy\" decoding=\"async\" class=\"aligncenter size-full wp-image-4511\" src=\"https:\/\/blogsaverroes.juntadeandalucia.es\/ceip-manuel-cano-damian\/files\/2024\/05\/8f6d6624-dd65-48e5-ae9d-5b4a3d6b8f2d.jpg\" alt=\"\" width=\"900\" height=\"1600\" srcset=\"https:\/\/blogsaverroes.juntadeandalucia.es\/ceip-manuel-cano-damian\/files\/2024\/05\/8f6d6624-dd65-48e5-ae9d-5b4a3d6b8f2d.jpg 900w, https:\/\/blogsaverroes.juntadeandalucia.es\/ceip-manuel-cano-damian\/files\/2024\/05\/8f6d6624-dd65-48e5-ae9d-5b4a3d6b8f2d-169x300.jpg 169w, https:\/\/blogsaverroes.juntadeandalucia.es\/ceip-manuel-cano-damian\/files\/2024\/05\/8f6d6624-dd65-48e5-ae9d-5b4a3d6b8f2d-576x1024.jpg 576w, https:\/\/blogsaverroes.juntadeandalucia.es\/ceip-manuel-cano-damian\/files\/2024\/05\/8f6d6624-dd65-48e5-ae9d-5b4a3d6b8f2d-768x1365.jpg 768w, https:\/\/blogsaverroes.juntadeandalucia.es\/ceip-manuel-cano-damian\/files\/2024\/05\/8f6d6624-dd65-48e5-ae9d-5b4a3d6b8f2d-864x1536.jpg 864w\" sizes=\"(max-width: 900px) 100vw, 900px\" \/> <img loading=\"lazy\" decoding=\"async\" class=\"aligncenter size-full wp-image-4512\" src=\"https:\/\/blogsaverroes.juntadeandalucia.es\/ceip-manuel-cano-damian\/files\/2024\/05\/9a15637c-5d3d-4e42-bfc0-9b6cde86665b.jpg\" alt=\"\" width=\"900\" height=\"1600\" srcset=\"https:\/\/blogsaverroes.juntadeandalucia.es\/ceip-manuel-cano-damian\/files\/2024\/05\/9a15637c-5d3d-4e42-bfc0-9b6cde86665b.jpg 900w, https:\/\/blogsaverroes.juntadeandalucia.es\/ceip-manuel-cano-damian\/files\/2024\/05\/9a15637c-5d3d-4e42-bfc0-9b6cde86665b-169x300.jpg 169w, https:\/\/blogsaverroes.juntadeandalucia.es\/ceip-manuel-cano-damian\/files\/2024\/05\/9a15637c-5d3d-4e42-bfc0-9b6cde86665b-576x1024.jpg 576w, https:\/\/blogsaverroes.juntadeandalucia.es\/ceip-manuel-cano-damian\/files\/2024\/05\/9a15637c-5d3d-4e42-bfc0-9b6cde86665b-768x1365.jpg 768w, https:\/\/blogsaverroes.juntadeandalucia.es\/ceip-manuel-cano-damian\/files\/2024\/05\/9a15637c-5d3d-4e42-bfc0-9b6cde86665b-864x1536.jpg 864w\" sizes=\"(max-width: 900px) 100vw, 900px\" \/> <img loading=\"lazy\" decoding=\"async\" class=\"aligncenter size-full wp-image-4513\" src=\"https:\/\/blogsaverroes.juntadeandalucia.es\/ceip-manuel-cano-damian\/files\/2024\/05\/874b14c4-8486-4dba-b8ee-654784ccebfa.jpg\" alt=\"\" width=\"900\" height=\"1600\" srcset=\"https:\/\/blogsaverroes.juntadeandalucia.es\/ceip-manuel-cano-damian\/files\/2024\/05\/874b14c4-8486-4dba-b8ee-654784ccebfa.jpg 900w, https:\/\/blogsaverroes.juntadeandalucia.es\/ceip-manuel-cano-damian\/files\/2024\/05\/874b14c4-8486-4dba-b8ee-654784ccebfa-169x300.jpg 169w, https:\/\/blogsaverroes.juntadeandalucia.es\/ceip-manuel-cano-damian\/files\/2024\/05\/874b14c4-8486-4dba-b8ee-654784ccebfa-576x1024.jpg 576w, https:\/\/blogsaverroes.juntadeandalucia.es\/ceip-manuel-cano-damian\/files\/2024\/05\/874b14c4-8486-4dba-b8ee-654784ccebfa-768x1365.jpg 768w, https:\/\/blogsaverroes.juntadeandalucia.es\/ceip-manuel-cano-damian\/files\/2024\/05\/874b14c4-8486-4dba-b8ee-654784ccebfa-864x1536.jpg 864w\" sizes=\"(max-width: 900px) 100vw, 900px\" \/> <img loading=\"lazy\" decoding=\"async\" class=\"aligncenter size-full wp-image-4514\" src=\"https:\/\/blogsaverroes.juntadeandalucia.es\/ceip-manuel-cano-damian\/files\/2024\/05\/bf8b5c44-485b-44b0-87b4-3d4e3c212546.jpg\" alt=\"\" width=\"1600\" height=\"1200\" srcset=\"https:\/\/blogsaverroes.juntadeandalucia.es\/ceip-manuel-cano-damian\/files\/2024\/05\/bf8b5c44-485b-44b0-87b4-3d4e3c212546.jpg 1600w, https:\/\/blogsaverroes.juntadeandalucia.es\/ceip-manuel-cano-damian\/files\/2024\/05\/bf8b5c44-485b-44b0-87b4-3d4e3c212546-300x225.jpg 300w, https:\/\/blogsaverroes.juntadeandalucia.es\/ceip-manuel-cano-damian\/files\/2024\/05\/bf8b5c44-485b-44b0-87b4-3d4e3c212546-1024x768.jpg 1024w, https:\/\/blogsaverroes.juntadeandalucia.es\/ceip-manuel-cano-damian\/files\/2024\/05\/bf8b5c44-485b-44b0-87b4-3d4e3c212546-768x576.jpg 768w, https:\/\/blogsaverroes.juntadeandalucia.es\/ceip-manuel-cano-damian\/files\/2024\/05\/bf8b5c44-485b-44b0-87b4-3d4e3c212546-1536x1152.jpg 1536w\" sizes=\"(max-width: 1600px) 100vw, 1600px\" \/><\/p>\n","protected":false},"excerpt":{"rendered":"<p>Un a\u00f1o m\u00e1s nuestro alumnado de 4\u00ba de Primaria ha colaborado con PRODE participando en su programa \u00abEl Dehesaf\u00edo\u00bb contribuyendo no solo al conocimiento sino adem\u00e1s a la reforestaci\u00f3n de nuestra dehesa. Al mismo&#46;&#46;&#46;<\/p>\n","protected":false},"author":14491,"featured_media":4514,"comment_status":"closed","ping_status":"open","sticky":false,"template":"","format":"standard","meta":{"ngg_post_thumbnail":0,"footnotes":""},"categories":[3,4],"tags":[],"aioseo_notices":[],"_links":{"self":[{"href":"https:\/\/blogsaverroes.juntadeandalucia.es\/ceip-manuel-cano-damian\/wp-json\/wp\/v2\/posts\/4508"}],"collection":[{"href":"https:\/\/blogsaverroes.juntadeandalucia.es\/ceip-manuel-cano-damian\/wp-json\/wp\/v2\/posts"}],"about":[{"href":"https:\/\/blogsaverroes.juntadeandalucia.es\/ceip-manuel-cano-damian\/wp-json\/wp\/v2\/types\/post"}],"author":[{"embeddable":true,"href":"https:\/\/blogsaverroes.juntadeandalucia.es\/ceip-manuel-cano-damian\/wp-json\/wp\/v2\/users\/14491"}],"replies":[{"embeddable":true,"href":"https:\/\/blogsaverroes.juntadeandalucia.es\/ceip-manuel-cano-damian\/wp-json\/wp\/v2\/comments?post=4508"}],"version-history":[{"count":1,"href":"https:\/\/blogsaverroes.juntadeandalucia.es\/ceip-manuel-cano-damian\/wp-json\/wp\/v2\/posts\/4508\/revisions"}],"predecessor-version":[{"id":4515,"href":"https:\/\/blogsaverroes.juntadeandalucia.es\/ceip-manuel-cano-damian\/wp-json\/wp\/v2\/posts\/4508\/revisions\/4515"}],"wp:featuredmedia":[{"embeddable":true,"href":"https:\/\/blogsaverroes.juntadeandalucia.es\/ceip-manuel-cano-damian\/wp-json\/wp\/v2\/media\/4514"}],"wp:attachment":[{"href":"https:\/\/blogsaverroes.juntadeandalucia.es\/ceip-manuel-cano-damian\/wp-json\/wp\/v2\/media?parent=4508"}],"wp:term":[{"taxonomy":"category","embeddable":true,"href":"https:\/\/blogsaverroes.juntadeandalucia.es\/ceip-manuel-cano-damian\/wp-json\/wp\/v2\/categories?post=4508"},{"taxonomy":"post_tag","embeddable":true,"href":"https:\/\/blogsaverroes.juntadeandalucia.es\/ceip-manuel-cano-damian\/wp-json\/wp\/v2\/tags?post=4508"}],"curies":[{"name":"wp","href":"https:\/\/api.w.org\/{rel}","templated":true}]}}