{"id":5653,"date":"2025-10-22T19:53:11","date_gmt":"2025-10-22T18:53:11","guid":{"rendered":"https:\/\/blogsaverroes.juntadeandalucia.es\/ceip-manuel-cano-damian\/?p=5653"},"modified":"2025-10-22T19:53:11","modified_gmt":"2025-10-22T18:53:11","slug":"patios-dinamicos-llenos-de-diversion","status":"publish","type":"post","link":"https:\/\/blogsaverroes.juntadeandalucia.es\/ceip-manuel-cano-damian\/patios-dinamicos-llenos-de-diversion\/","title":{"rendered":"Patios din\u00e1micos llenos de diversi\u00f3n."},"content":{"rendered":"<p><img loading=\"lazy\" decoding=\"async\" class=\"aligncenter size-full wp-image-5654\" src=\"https:\/\/blogsaverroes.juntadeandalucia.es\/ceip-manuel-cano-damian\/files\/2025\/10\/1cooltext494505788306524.png\" alt=\"\" width=\"1300\" height=\"102\" srcset=\"https:\/\/blogsaverroes.juntadeandalucia.es\/ceip-manuel-cano-damian\/files\/2025\/10\/1cooltext494505788306524.png 1300w, https:\/\/blogsaverroes.juntadeandalucia.es\/ceip-manuel-cano-damian\/files\/2025\/10\/1cooltext494505788306524-300x24.png 300w, https:\/\/blogsaverroes.juntadeandalucia.es\/ceip-manuel-cano-damian\/files\/2025\/10\/1cooltext494505788306524-1024x80.png 1024w, https:\/\/blogsaverroes.juntadeandalucia.es\/ceip-manuel-cano-damian\/files\/2025\/10\/1cooltext494505788306524-768x60.png 768w\" sizes=\"(max-width: 1300px) 100vw, 1300px\" \/><\/p>\n<p data-start=\"142\" data-end=\"400\"><span style=\"font-size: 14pt\">Este curso, nuestros <strong data-start=\"163\" data-end=\"183\">patios din\u00e1micos<\/strong> han comenzado con mucha fuerza, ilusi\u00f3n y diversi\u00f3n. Durante los recreos, nuestro alumnado disfruta de una gran variedad de juegos y actividades que fomentan la <strong data-start=\"345\" data-end=\"397\">convivencia, la cooperaci\u00f3n y el juego en equipo<\/strong>.<\/span><\/p>\n<p data-start=\"402\" data-end=\"596\"><span style=\"font-size: 14pt\">Cada d\u00eda, los ni\u00f1os y ni\u00f1as participan con entusiasmo en propuestas llenas de movimiento, creatividad y alegr\u00eda, convirtiendo el recreo en un espacio para compartir, aprender y pasarlo genial.<\/span><\/p>\n<p data-start=\"598\" data-end=\"689\"><span style=\"font-size: 14pt\">\u00a1Nos encanta ver c\u00f3mo nuestros patios se llenan de sonrisas, energ\u00eda y ganas de jugar!<\/span><\/p>\n<p data-start=\"598\" data-end=\"689\"><img loading=\"lazy\" decoding=\"async\" class=\"aligncenter size-full wp-image-5655\" src=\"https:\/\/blogsaverroes.juntadeandalucia.es\/ceip-manuel-cano-damian\/files\/2025\/10\/PHOTO-2025-10-14-12-34-05.jpg\" alt=\"\" width=\"2048\" height=\"1537\" srcset=\"https:\/\/blogsaverroes.juntadeandalucia.es\/ceip-manuel-cano-damian\/files\/2025\/10\/PHOTO-2025-10-14-12-34-05.jpg 2048w, https:\/\/blogsaverroes.juntadeandalucia.es\/ceip-manuel-cano-damian\/files\/2025\/10\/PHOTO-2025-10-14-12-34-05-300x225.jpg 300w, https:\/\/blogsaverroes.juntadeandalucia.es\/ceip-manuel-cano-damian\/files\/2025\/10\/PHOTO-2025-10-14-12-34-05-1024x769.jpg 1024w, https:\/\/blogsaverroes.juntadeandalucia.es\/ceip-manuel-cano-damian\/files\/2025\/10\/PHOTO-2025-10-14-12-34-05-768x576.jpg 768w, https:\/\/blogsaverroes.juntadeandalucia.es\/ceip-manuel-cano-damian\/files\/2025\/10\/PHOTO-2025-10-14-12-34-05-1536x1153.jpg 1536w\" sizes=\"(max-width: 2048px) 100vw, 2048px\" \/> <img loading=\"lazy\" decoding=\"async\" class=\"aligncenter size-full wp-image-5656\" src=\"https:\/\/blogsaverroes.juntadeandalucia.es\/ceip-manuel-cano-damian\/files\/2025\/10\/PHOTO-2025-10-14-12-34-061.jpg\" alt=\"\" width=\"1537\" height=\"2048\" srcset=\"https:\/\/blogsaverroes.juntadeandalucia.es\/ceip-manuel-cano-damian\/files\/2025\/10\/PHOTO-2025-10-14-12-34-061.jpg 1537w, https:\/\/blogsaverroes.juntadeandalucia.es\/ceip-manuel-cano-damian\/files\/2025\/10\/PHOTO-2025-10-14-12-34-061-225x300.jpg 225w, https:\/\/blogsaverroes.juntadeandalucia.es\/ceip-manuel-cano-damian\/files\/2025\/10\/PHOTO-2025-10-14-12-34-061-769x1024.jpg 769w, https:\/\/blogsaverroes.juntadeandalucia.es\/ceip-manuel-cano-damian\/files\/2025\/10\/PHOTO-2025-10-14-12-34-061-768x1023.jpg 768w, https:\/\/blogsaverroes.juntadeandalucia.es\/ceip-manuel-cano-damian\/files\/2025\/10\/PHOTO-2025-10-14-12-34-061-1153x1536.jpg 1153w\" sizes=\"(max-width: 1537px) 100vw, 1537px\" \/> <img loading=\"lazy\" decoding=\"async\" class=\"aligncenter size-full wp-image-5657\" src=\"https:\/\/blogsaverroes.juntadeandalucia.es\/ceip-manuel-cano-damian\/files\/2025\/10\/PHOTO-2025-10-14-12-34-062.jpg\" alt=\"\" width=\"1537\" height=\"2048\" srcset=\"https:\/\/blogsaverroes.juntadeandalucia.es\/ceip-manuel-cano-damian\/files\/2025\/10\/PHOTO-2025-10-14-12-34-062.jpg 1537w, https:\/\/blogsaverroes.juntadeandalucia.es\/ceip-manuel-cano-damian\/files\/2025\/10\/PHOTO-2025-10-14-12-34-062-225x300.jpg 225w, https:\/\/blogsaverroes.juntadeandalucia.es\/ceip-manuel-cano-damian\/files\/2025\/10\/PHOTO-2025-10-14-12-34-062-769x1024.jpg 769w, https:\/\/blogsaverroes.juntadeandalucia.es\/ceip-manuel-cano-damian\/files\/2025\/10\/PHOTO-2025-10-14-12-34-062-768x1023.jpg 768w, https:\/\/blogsaverroes.juntadeandalucia.es\/ceip-manuel-cano-damian\/files\/2025\/10\/PHOTO-2025-10-14-12-34-062-1153x1536.jpg 1153w\" sizes=\"(max-width: 1537px) 100vw, 1537px\" \/> <img loading=\"lazy\" decoding=\"async\" class=\"aligncenter size-full wp-image-5658\" src=\"https:\/\/blogsaverroes.juntadeandalucia.es\/ceip-manuel-cano-damian\/files\/2025\/10\/PHOTO-2025-10-14-12-34-063.jpg\" alt=\"\" width=\"2048\" height=\"1537\" srcset=\"https:\/\/blogsaverroes.juntadeandalucia.es\/ceip-manuel-cano-damian\/files\/2025\/10\/PHOTO-2025-10-14-12-34-063.jpg 2048w, https:\/\/blogsaverroes.juntadeandalucia.es\/ceip-manuel-cano-damian\/files\/2025\/10\/PHOTO-2025-10-14-12-34-063-300x225.jpg 300w, https:\/\/blogsaverroes.juntadeandalucia.es\/ceip-manuel-cano-damian\/files\/2025\/10\/PHOTO-2025-10-14-12-34-063-1024x769.jpg 1024w, https:\/\/blogsaverroes.juntadeandalucia.es\/ceip-manuel-cano-damian\/files\/2025\/10\/PHOTO-2025-10-14-12-34-063-768x576.jpg 768w, https:\/\/blogsaverroes.juntadeandalucia.es\/ceip-manuel-cano-damian\/files\/2025\/10\/PHOTO-2025-10-14-12-34-063-1536x1153.jpg 1536w\" sizes=\"(max-width: 2048px) 100vw, 2048px\" \/> <img loading=\"lazy\" decoding=\"async\" class=\"aligncenter size-full wp-image-5659\" src=\"https:\/\/blogsaverroes.juntadeandalucia.es\/ceip-manuel-cano-damian\/files\/2025\/10\/PHOTO-2025-10-14-12-34-06.jpg\" alt=\"\" width=\"1537\" height=\"2048\" srcset=\"https:\/\/blogsaverroes.juntadeandalucia.es\/ceip-manuel-cano-damian\/files\/2025\/10\/PHOTO-2025-10-14-12-34-06.jpg 1537w, https:\/\/blogsaverroes.juntadeandalucia.es\/ceip-manuel-cano-damian\/files\/2025\/10\/PHOTO-2025-10-14-12-34-06-225x300.jpg 225w, https:\/\/blogsaverroes.juntadeandalucia.es\/ceip-manuel-cano-damian\/files\/2025\/10\/PHOTO-2025-10-14-12-34-06-769x1024.jpg 769w, https:\/\/blogsaverroes.juntadeandalucia.es\/ceip-manuel-cano-damian\/files\/2025\/10\/PHOTO-2025-10-14-12-34-06-768x1023.jpg 768w, https:\/\/blogsaverroes.juntadeandalucia.es\/ceip-manuel-cano-damian\/files\/2025\/10\/PHOTO-2025-10-14-12-34-06-1153x1536.jpg 1153w\" sizes=\"(max-width: 1537px) 100vw, 1537px\" \/> <img loading=\"lazy\" decoding=\"async\" class=\"aligncenter size-full wp-image-5660\" src=\"https:\/\/blogsaverroes.juntadeandalucia.es\/ceip-manuel-cano-damian\/files\/2025\/10\/PHOTO-2025-10-14-12-34-071.jpg\" alt=\"\" width=\"2048\" height=\"1537\" srcset=\"https:\/\/blogsaverroes.juntadeandalucia.es\/ceip-manuel-cano-damian\/files\/2025\/10\/PHOTO-2025-10-14-12-34-071.jpg 2048w, https:\/\/blogsaverroes.juntadeandalucia.es\/ceip-manuel-cano-damian\/files\/2025\/10\/PHOTO-2025-10-14-12-34-071-300x225.jpg 300w, https:\/\/blogsaverroes.juntadeandalucia.es\/ceip-manuel-cano-damian\/files\/2025\/10\/PHOTO-2025-10-14-12-34-071-1024x769.jpg 1024w, https:\/\/blogsaverroes.juntadeandalucia.es\/ceip-manuel-cano-damian\/files\/2025\/10\/PHOTO-2025-10-14-12-34-071-768x576.jpg 768w, https:\/\/blogsaverroes.juntadeandalucia.es\/ceip-manuel-cano-damian\/files\/2025\/10\/PHOTO-2025-10-14-12-34-071-1536x1153.jpg 1536w\" sizes=\"(max-width: 2048px) 100vw, 2048px\" \/> <img loading=\"lazy\" decoding=\"async\" class=\"aligncenter size-full wp-image-5661\" src=\"https:\/\/blogsaverroes.juntadeandalucia.es\/ceip-manuel-cano-damian\/files\/2025\/10\/PHOTO-2025-10-14-12-34-07.jpg\" alt=\"\" width=\"1537\" height=\"2048\" srcset=\"https:\/\/blogsaverroes.juntadeandalucia.es\/ceip-manuel-cano-damian\/files\/2025\/10\/PHOTO-2025-10-14-12-34-07.jpg 1537w, https:\/\/blogsaverroes.juntadeandalucia.es\/ceip-manuel-cano-damian\/files\/2025\/10\/PHOTO-2025-10-14-12-34-07-225x300.jpg 225w, https:\/\/blogsaverroes.juntadeandalucia.es\/ceip-manuel-cano-damian\/files\/2025\/10\/PHOTO-2025-10-14-12-34-07-769x1024.jpg 769w, https:\/\/blogsaverroes.juntadeandalucia.es\/ceip-manuel-cano-damian\/files\/2025\/10\/PHOTO-2025-10-14-12-34-07-768x1023.jpg 768w, https:\/\/blogsaverroes.juntadeandalucia.es\/ceip-manuel-cano-damian\/files\/2025\/10\/PHOTO-2025-10-14-12-34-07-1153x1536.jpg 1153w\" sizes=\"(max-width: 1537px) 100vw, 1537px\" \/> <img loading=\"lazy\" decoding=\"async\" class=\"aligncenter size-full wp-image-5662\" src=\"https:\/\/blogsaverroes.juntadeandalucia.es\/ceip-manuel-cano-damian\/files\/2025\/10\/PHOTO-2025-10-14-12-34-081.jpg\" alt=\"\" width=\"1537\" height=\"2048\" srcset=\"https:\/\/blogsaverroes.juntadeandalucia.es\/ceip-manuel-cano-damian\/files\/2025\/10\/PHOTO-2025-10-14-12-34-081.jpg 1537w, https:\/\/blogsaverroes.juntadeandalucia.es\/ceip-manuel-cano-damian\/files\/2025\/10\/PHOTO-2025-10-14-12-34-081-225x300.jpg 225w, https:\/\/blogsaverroes.juntadeandalucia.es\/ceip-manuel-cano-damian\/files\/2025\/10\/PHOTO-2025-10-14-12-34-081-769x1024.jpg 769w, https:\/\/blogsaverroes.juntadeandalucia.es\/ceip-manuel-cano-damian\/files\/2025\/10\/PHOTO-2025-10-14-12-34-081-768x1023.jpg 768w, https:\/\/blogsaverroes.juntadeandalucia.es\/ceip-manuel-cano-damian\/files\/2025\/10\/PHOTO-2025-10-14-12-34-081-1153x1536.jpg 1153w\" sizes=\"(max-width: 1537px) 100vw, 1537px\" \/> <img loading=\"lazy\" decoding=\"async\" class=\"aligncenter size-full wp-image-5663\" src=\"https:\/\/blogsaverroes.juntadeandalucia.es\/ceip-manuel-cano-damian\/files\/2025\/10\/PHOTO-2025-10-14-12-34-08.jpg\" alt=\"\" width=\"2048\" height=\"1537\" srcset=\"https:\/\/blogsaverroes.juntadeandalucia.es\/ceip-manuel-cano-damian\/files\/2025\/10\/PHOTO-2025-10-14-12-34-08.jpg 2048w, https:\/\/blogsaverroes.juntadeandalucia.es\/ceip-manuel-cano-damian\/files\/2025\/10\/PHOTO-2025-10-14-12-34-08-300x225.jpg 300w, https:\/\/blogsaverroes.juntadeandalucia.es\/ceip-manuel-cano-damian\/files\/2025\/10\/PHOTO-2025-10-14-12-34-08-1024x769.jpg 1024w, https:\/\/blogsaverroes.juntadeandalucia.es\/ceip-manuel-cano-damian\/files\/2025\/10\/PHOTO-2025-10-14-12-34-08-768x576.jpg 768w, https:\/\/blogsaverroes.juntadeandalucia.es\/ceip-manuel-cano-damian\/files\/2025\/10\/PHOTO-2025-10-14-12-34-08-1536x1153.jpg 1536w\" sizes=\"(max-width: 2048px) 100vw, 2048px\" \/> <img loading=\"lazy\" decoding=\"async\" class=\"aligncenter size-full wp-image-5664\" src=\"https:\/\/blogsaverroes.juntadeandalucia.es\/ceip-manuel-cano-damian\/files\/2025\/10\/PHOTO-2025-10-14-12-34-091.jpg\" alt=\"\" width=\"1537\" height=\"2048\" srcset=\"https:\/\/blogsaverroes.juntadeandalucia.es\/ceip-manuel-cano-damian\/files\/2025\/10\/PHOTO-2025-10-14-12-34-091.jpg 1537w, https:\/\/blogsaverroes.juntadeandalucia.es\/ceip-manuel-cano-damian\/files\/2025\/10\/PHOTO-2025-10-14-12-34-091-225x300.jpg 225w, https:\/\/blogsaverroes.juntadeandalucia.es\/ceip-manuel-cano-damian\/files\/2025\/10\/PHOTO-2025-10-14-12-34-091-769x1024.jpg 769w, https:\/\/blogsaverroes.juntadeandalucia.es\/ceip-manuel-cano-damian\/files\/2025\/10\/PHOTO-2025-10-14-12-34-091-768x1023.jpg 768w, https:\/\/blogsaverroes.juntadeandalucia.es\/ceip-manuel-cano-damian\/files\/2025\/10\/PHOTO-2025-10-14-12-34-091-1153x1536.jpg 1153w\" sizes=\"(max-width: 1537px) 100vw, 1537px\" \/> <img loading=\"lazy\" decoding=\"async\" class=\"aligncenter size-full wp-image-5665\" src=\"https:\/\/blogsaverroes.juntadeandalucia.es\/ceip-manuel-cano-damian\/files\/2025\/10\/PHOTO-2025-10-14-12-34-09.jpg\" alt=\"\" width=\"1537\" height=\"2048\" srcset=\"https:\/\/blogsaverroes.juntadeandalucia.es\/ceip-manuel-cano-damian\/files\/2025\/10\/PHOTO-2025-10-14-12-34-09.jpg 1537w, https:\/\/blogsaverroes.juntadeandalucia.es\/ceip-manuel-cano-damian\/files\/2025\/10\/PHOTO-2025-10-14-12-34-09-225x300.jpg 225w, https:\/\/blogsaverroes.juntadeandalucia.es\/ceip-manuel-cano-damian\/files\/2025\/10\/PHOTO-2025-10-14-12-34-09-769x1024.jpg 769w, https:\/\/blogsaverroes.juntadeandalucia.es\/ceip-manuel-cano-damian\/files\/2025\/10\/PHOTO-2025-10-14-12-34-09-768x1023.jpg 768w, https:\/\/blogsaverroes.juntadeandalucia.es\/ceip-manuel-cano-damian\/files\/2025\/10\/PHOTO-2025-10-14-12-34-09-1153x1536.jpg 1153w\" sizes=\"(max-width: 1537px) 100vw, 1537px\" \/> <img loading=\"lazy\" decoding=\"async\" class=\"aligncenter size-full wp-image-5666\" src=\"https:\/\/blogsaverroes.juntadeandalucia.es\/ceip-manuel-cano-damian\/files\/2025\/10\/PHOTO-2025-10-17-12-30-531.jpg\" alt=\"\" width=\"1200\" height=\"1600\" srcset=\"https:\/\/blogsaverroes.juntadeandalucia.es\/ceip-manuel-cano-damian\/files\/2025\/10\/PHOTO-2025-10-17-12-30-531.jpg 1200w, https:\/\/blogsaverroes.juntadeandalucia.es\/ceip-manuel-cano-damian\/files\/2025\/10\/PHOTO-2025-10-17-12-30-531-225x300.jpg 225w, https:\/\/blogsaverroes.juntadeandalucia.es\/ceip-manuel-cano-damian\/files\/2025\/10\/PHOTO-2025-10-17-12-30-531-768x1024.jpg 768w, https:\/\/blogsaverroes.juntadeandalucia.es\/ceip-manuel-cano-damian\/files\/2025\/10\/PHOTO-2025-10-17-12-30-531-1152x1536.jpg 1152w\" sizes=\"(max-width: 1200px) 100vw, 1200px\" \/> <img loading=\"lazy\" decoding=\"async\" class=\"aligncenter size-full wp-image-5667\" src=\"https:\/\/blogsaverroes.juntadeandalucia.es\/ceip-manuel-cano-damian\/files\/2025\/10\/PHOTO-2025-10-17-12-30-532.jpg\" alt=\"\" width=\"1200\" height=\"1600\" srcset=\"https:\/\/blogsaverroes.juntadeandalucia.es\/ceip-manuel-cano-damian\/files\/2025\/10\/PHOTO-2025-10-17-12-30-532.jpg 1200w, https:\/\/blogsaverroes.juntadeandalucia.es\/ceip-manuel-cano-damian\/files\/2025\/10\/PHOTO-2025-10-17-12-30-532-225x300.jpg 225w, https:\/\/blogsaverroes.juntadeandalucia.es\/ceip-manuel-cano-damian\/files\/2025\/10\/PHOTO-2025-10-17-12-30-532-768x1024.jpg 768w, https:\/\/blogsaverroes.juntadeandalucia.es\/ceip-manuel-cano-damian\/files\/2025\/10\/PHOTO-2025-10-17-12-30-532-1152x1536.jpg 1152w\" sizes=\"(max-width: 1200px) 100vw, 1200px\" \/> <img loading=\"lazy\" decoding=\"async\" class=\"aligncenter size-full wp-image-5668\" src=\"https:\/\/blogsaverroes.juntadeandalucia.es\/ceip-manuel-cano-damian\/files\/2025\/10\/PHOTO-2025-10-17-12-30-533.jpg\" alt=\"\" width=\"1200\" height=\"1600\" srcset=\"https:\/\/blogsaverroes.juntadeandalucia.es\/ceip-manuel-cano-damian\/files\/2025\/10\/PHOTO-2025-10-17-12-30-533.jpg 1200w, https:\/\/blogsaverroes.juntadeandalucia.es\/ceip-manuel-cano-damian\/files\/2025\/10\/PHOTO-2025-10-17-12-30-533-225x300.jpg 225w, https:\/\/blogsaverroes.juntadeandalucia.es\/ceip-manuel-cano-damian\/files\/2025\/10\/PHOTO-2025-10-17-12-30-533-768x1024.jpg 768w, https:\/\/blogsaverroes.juntadeandalucia.es\/ceip-manuel-cano-damian\/files\/2025\/10\/PHOTO-2025-10-17-12-30-533-1152x1536.jpg 1152w\" sizes=\"(max-width: 1200px) 100vw, 1200px\" \/> <img loading=\"lazy\" decoding=\"async\" class=\"aligncenter size-full wp-image-5669\" src=\"https:\/\/blogsaverroes.juntadeandalucia.es\/ceip-manuel-cano-damian\/files\/2025\/10\/PHOTO-2025-10-17-12-30-534.jpg\" alt=\"\" width=\"1200\" height=\"1600\" srcset=\"https:\/\/blogsaverroes.juntadeandalucia.es\/ceip-manuel-cano-damian\/files\/2025\/10\/PHOTO-2025-10-17-12-30-534.jpg 1200w, https:\/\/blogsaverroes.juntadeandalucia.es\/ceip-manuel-cano-damian\/files\/2025\/10\/PHOTO-2025-10-17-12-30-534-225x300.jpg 225w, https:\/\/blogsaverroes.juntadeandalucia.es\/ceip-manuel-cano-damian\/files\/2025\/10\/PHOTO-2025-10-17-12-30-534-768x1024.jpg 768w, https:\/\/blogsaverroes.juntadeandalucia.es\/ceip-manuel-cano-damian\/files\/2025\/10\/PHOTO-2025-10-17-12-30-534-1152x1536.jpg 1152w\" sizes=\"(max-width: 1200px) 100vw, 1200px\" \/> <img loading=\"lazy\" decoding=\"async\" class=\"aligncenter size-full wp-image-5670\" src=\"https:\/\/blogsaverroes.juntadeandalucia.es\/ceip-manuel-cano-damian\/files\/2025\/10\/PHOTO-2025-10-17-12-30-53.jpg\" alt=\"\" width=\"1200\" height=\"1600\" srcset=\"https:\/\/blogsaverroes.juntadeandalucia.es\/ceip-manuel-cano-damian\/files\/2025\/10\/PHOTO-2025-10-17-12-30-53.jpg 1200w, https:\/\/blogsaverroes.juntadeandalucia.es\/ceip-manuel-cano-damian\/files\/2025\/10\/PHOTO-2025-10-17-12-30-53-225x300.jpg 225w, https:\/\/blogsaverroes.juntadeandalucia.es\/ceip-manuel-cano-damian\/files\/2025\/10\/PHOTO-2025-10-17-12-30-53-768x1024.jpg 768w, https:\/\/blogsaverroes.juntadeandalucia.es\/ceip-manuel-cano-damian\/files\/2025\/10\/PHOTO-2025-10-17-12-30-53-1152x1536.jpg 1152w\" sizes=\"(max-width: 1200px) 100vw, 1200px\" \/> <img loading=\"lazy\" decoding=\"async\" class=\"aligncenter size-full wp-image-5671\" src=\"https:\/\/blogsaverroes.juntadeandalucia.es\/ceip-manuel-cano-damian\/files\/2025\/10\/PHOTO-2025-10-17-12-30-541.jpg\" alt=\"\" width=\"1600\" height=\"1200\" srcset=\"https:\/\/blogsaverroes.juntadeandalucia.es\/ceip-manuel-cano-damian\/files\/2025\/10\/PHOTO-2025-10-17-12-30-541.jpg 1600w, https:\/\/blogsaverroes.juntadeandalucia.es\/ceip-manuel-cano-damian\/files\/2025\/10\/PHOTO-2025-10-17-12-30-541-300x225.jpg 300w, https:\/\/blogsaverroes.juntadeandalucia.es\/ceip-manuel-cano-damian\/files\/2025\/10\/PHOTO-2025-10-17-12-30-541-1024x768.jpg 1024w, https:\/\/blogsaverroes.juntadeandalucia.es\/ceip-manuel-cano-damian\/files\/2025\/10\/PHOTO-2025-10-17-12-30-541-768x576.jpg 768w, https:\/\/blogsaverroes.juntadeandalucia.es\/ceip-manuel-cano-damian\/files\/2025\/10\/PHOTO-2025-10-17-12-30-541-1536x1152.jpg 1536w\" sizes=\"(max-width: 1600px) 100vw, 1600px\" \/> <img loading=\"lazy\" decoding=\"async\" class=\"aligncenter size-full wp-image-5672\" src=\"https:\/\/blogsaverroes.juntadeandalucia.es\/ceip-manuel-cano-damian\/files\/2025\/10\/PHOTO-2025-10-17-12-30-542.jpg\" alt=\"\" width=\"1600\" height=\"1200\" srcset=\"https:\/\/blogsaverroes.juntadeandalucia.es\/ceip-manuel-cano-damian\/files\/2025\/10\/PHOTO-2025-10-17-12-30-542.jpg 1600w, https:\/\/blogsaverroes.juntadeandalucia.es\/ceip-manuel-cano-damian\/files\/2025\/10\/PHOTO-2025-10-17-12-30-542-300x225.jpg 300w, https:\/\/blogsaverroes.juntadeandalucia.es\/ceip-manuel-cano-damian\/files\/2025\/10\/PHOTO-2025-10-17-12-30-542-1024x768.jpg 1024w, https:\/\/blogsaverroes.juntadeandalucia.es\/ceip-manuel-cano-damian\/files\/2025\/10\/PHOTO-2025-10-17-12-30-542-768x576.jpg 768w, https:\/\/blogsaverroes.juntadeandalucia.es\/ceip-manuel-cano-damian\/files\/2025\/10\/PHOTO-2025-10-17-12-30-542-1536x1152.jpg 1536w\" sizes=\"(max-width: 1600px) 100vw, 1600px\" \/> <img loading=\"lazy\" decoding=\"async\" class=\"aligncenter size-full wp-image-5673\" src=\"https:\/\/blogsaverroes.juntadeandalucia.es\/ceip-manuel-cano-damian\/files\/2025\/10\/PHOTO-2025-10-17-12-30-543.jpg\" alt=\"\" width=\"1200\" height=\"1600\" srcset=\"https:\/\/blogsaverroes.juntadeandalucia.es\/ceip-manuel-cano-damian\/files\/2025\/10\/PHOTO-2025-10-17-12-30-543.jpg 1200w, https:\/\/blogsaverroes.juntadeandalucia.es\/ceip-manuel-cano-damian\/files\/2025\/10\/PHOTO-2025-10-17-12-30-543-225x300.jpg 225w, https:\/\/blogsaverroes.juntadeandalucia.es\/ceip-manuel-cano-damian\/files\/2025\/10\/PHOTO-2025-10-17-12-30-543-768x1024.jpg 768w, https:\/\/blogsaverroes.juntadeandalucia.es\/ceip-manuel-cano-damian\/files\/2025\/10\/PHOTO-2025-10-17-12-30-543-1152x1536.jpg 1152w\" sizes=\"(max-width: 1200px) 100vw, 1200px\" \/> <img loading=\"lazy\" decoding=\"async\" class=\"aligncenter size-full wp-image-5674\" src=\"https:\/\/blogsaverroes.juntadeandalucia.es\/ceip-manuel-cano-damian\/files\/2025\/10\/PHOTO-2025-10-17-12-30-54.jpg\" alt=\"\" width=\"1600\" height=\"1200\" srcset=\"https:\/\/blogsaverroes.juntadeandalucia.es\/ceip-manuel-cano-damian\/files\/2025\/10\/PHOTO-2025-10-17-12-30-54.jpg 1600w, https:\/\/blogsaverroes.juntadeandalucia.es\/ceip-manuel-cano-damian\/files\/2025\/10\/PHOTO-2025-10-17-12-30-54-300x225.jpg 300w, https:\/\/blogsaverroes.juntadeandalucia.es\/ceip-manuel-cano-damian\/files\/2025\/10\/PHOTO-2025-10-17-12-30-54-1024x768.jpg 1024w, https:\/\/blogsaverroes.juntadeandalucia.es\/ceip-manuel-cano-damian\/files\/2025\/10\/PHOTO-2025-10-17-12-30-54-768x576.jpg 768w, https:\/\/blogsaverroes.juntadeandalucia.es\/ceip-manuel-cano-damian\/files\/2025\/10\/PHOTO-2025-10-17-12-30-54-1536x1152.jpg 1536w\" sizes=\"(max-width: 1600px) 100vw, 1600px\" \/><\/p>\n","protected":false},"excerpt":{"rendered":"<p>Este curso, nuestros patios din\u00e1micos han comenzado con mucha fuerza, ilusi\u00f3n y diversi\u00f3n. Durante los recreos, nuestro alumnado disfruta de una gran variedad de juegos y actividades que fomentan la convivencia, la cooperaci\u00f3n y&#46;&#46;&#46;<\/p>\n","protected":false},"author":14491,"featured_media":5666,"comment_status":"closed","ping_status":"open","sticky":false,"template":"","format":"standard","meta":{"ngg_post_thumbnail":0,"footnotes":""},"categories":[3,4],"tags":[],"aioseo_notices":[],"_links":{"self":[{"href":"https:\/\/blogsaverroes.juntadeandalucia.es\/ceip-manuel-cano-damian\/wp-json\/wp\/v2\/posts\/5653"}],"collection":[{"href":"https:\/\/blogsaverroes.juntadeandalucia.es\/ceip-manuel-cano-damian\/wp-json\/wp\/v2\/posts"}],"about":[{"href":"https:\/\/blogsaverroes.juntadeandalucia.es\/ceip-manuel-cano-damian\/wp-json\/wp\/v2\/types\/post"}],"author":[{"embeddable":true,"href":"https:\/\/blogsaverroes.juntadeandalucia.es\/ceip-manuel-cano-damian\/wp-json\/wp\/v2\/users\/14491"}],"replies":[{"embeddable":true,"href":"https:\/\/blogsaverroes.juntadeandalucia.es\/ceip-manuel-cano-damian\/wp-json\/wp\/v2\/comments?post=5653"}],"version-history":[{"count":1,"href":"https:\/\/blogsaverroes.juntadeandalucia.es\/ceip-manuel-cano-damian\/wp-json\/wp\/v2\/posts\/5653\/revisions"}],"predecessor-version":[{"id":5675,"href":"https:\/\/blogsaverroes.juntadeandalucia.es\/ceip-manuel-cano-damian\/wp-json\/wp\/v2\/posts\/5653\/revisions\/5675"}],"wp:featuredmedia":[{"embeddable":true,"href":"https:\/\/blogsaverroes.juntadeandalucia.es\/ceip-manuel-cano-damian\/wp-json\/wp\/v2\/media\/5666"}],"wp:attachment":[{"href":"https:\/\/blogsaverroes.juntadeandalucia.es\/ceip-manuel-cano-damian\/wp-json\/wp\/v2\/media?parent=5653"}],"wp:term":[{"taxonomy":"category","embeddable":true,"href":"https:\/\/blogsaverroes.juntadeandalucia.es\/ceip-manuel-cano-damian\/wp-json\/wp\/v2\/categories?post=5653"},{"taxonomy":"post_tag","embeddable":true,"href":"https:\/\/blogsaverroes.juntadeandalucia.es\/ceip-manuel-cano-damian\/wp-json\/wp\/v2\/tags?post=5653"}],"curies":[{"name":"wp","href":"https:\/\/api.w.org\/{rel}","templated":true}]}}