{"id":5932,"date":"2025-12-05T18:45:38","date_gmt":"2025-12-05T17:45:38","guid":{"rendered":"https:\/\/blogsaverroes.juntadeandalucia.es\/ceip-manuel-cano-damian\/?p=5932"},"modified":"2025-12-05T18:45:38","modified_gmt":"2025-12-05T17:45:38","slug":"dia-de-la-constitucion-2","status":"publish","type":"post","link":"https:\/\/blogsaverroes.juntadeandalucia.es\/ceip-manuel-cano-damian\/dia-de-la-constitucion-2\/","title":{"rendered":"D\u00cdA DE LA CONSTITUCI\u00d3N"},"content":{"rendered":"<p><img loading=\"lazy\" decoding=\"async\" class=\"aligncenter size-full wp-image-5933\" src=\"https:\/\/blogsaverroes.juntadeandalucia.es\/ceip-manuel-cano-damian\/files\/2025\/12\/cooltext497531470641471.png\" alt=\"\" width=\"804\" height=\"102\" srcset=\"https:\/\/blogsaverroes.juntadeandalucia.es\/ceip-manuel-cano-damian\/files\/2025\/12\/cooltext497531470641471.png 804w, https:\/\/blogsaverroes.juntadeandalucia.es\/ceip-manuel-cano-damian\/files\/2025\/12\/cooltext497531470641471-300x38.png 300w, https:\/\/blogsaverroes.juntadeandalucia.es\/ceip-manuel-cano-damian\/files\/2025\/12\/cooltext497531470641471-768x97.png 768w\" sizes=\"(max-width: 804px) 100vw, 804px\" \/><\/p>\n<p data-start=\"133\" data-end=\"565\"><span style=\"font-size: 14pt;color: #000000\">Hoy nuestro centro ha adelantado la celebraci\u00f3n del D\u00eda de la Constituci\u00f3n, una jornada destinada a acercar al alumnado los valores fundamentales que sustentan nuestra convivencia democr\u00e1tica. A lo largo de la ma\u00f1ana, cada clase ha trabajado diferentes contenidos adaptados a la edad, reflexionando sobre conceptos como la igualdad, los derechos y deberes, y la importancia de vivir en una sociedad donde todas las personas cuentan.<\/span><\/p>\n<p data-start=\"567\" data-end=\"979\"><span style=\"font-size: 14pt;color: #000000\">Como muestra de este trabajo, el alumnado de Infantil de 4 a\u00f1os B ha realizado una preciosa actividad pl\u00e1stica en la que han plasmado, con gran entusiasmo, su particular visi\u00f3n de la Constituci\u00f3n. En las im\u00e1genes adjuntas podemos ver sus \u201ctrabajitos\u201d, llenos de color, creatividad y significado, que reflejan c\u00f3mo incluso los m\u00e1s peque\u00f1os pueden acercarse de manera sencilla y motivadora a este d\u00eda tan especial.<\/span><\/p>\n<p data-start=\"981\" data-end=\"1126\" data-is-last-node=\"\" data-is-only-node=\"\"><span style=\"font-size: 14pt;color: #000000\">Una jornada enriquecedora que nos ayuda a seguir construyendo un clima escolar basado en el respeto, la participaci\u00f3n y los valores democr\u00e1ticos.<\/span><\/p>\n<p data-start=\"981\" data-end=\"1126\" data-is-last-node=\"\" data-is-only-node=\"\"><img loading=\"lazy\" decoding=\"async\" class=\"aligncenter size-full wp-image-5934\" src=\"https:\/\/blogsaverroes.juntadeandalucia.es\/ceip-manuel-cano-damian\/files\/2025\/12\/PHOTO-2025-12-05-17-05-101.jpg\" alt=\"\" width=\"1600\" height=\"1198\" srcset=\"https:\/\/blogsaverroes.juntadeandalucia.es\/ceip-manuel-cano-damian\/files\/2025\/12\/PHOTO-2025-12-05-17-05-101.jpg 1600w, https:\/\/blogsaverroes.juntadeandalucia.es\/ceip-manuel-cano-damian\/files\/2025\/12\/PHOTO-2025-12-05-17-05-101-300x225.jpg 300w, https:\/\/blogsaverroes.juntadeandalucia.es\/ceip-manuel-cano-damian\/files\/2025\/12\/PHOTO-2025-12-05-17-05-101-1024x767.jpg 1024w, https:\/\/blogsaverroes.juntadeandalucia.es\/ceip-manuel-cano-damian\/files\/2025\/12\/PHOTO-2025-12-05-17-05-101-768x575.jpg 768w, https:\/\/blogsaverroes.juntadeandalucia.es\/ceip-manuel-cano-damian\/files\/2025\/12\/PHOTO-2025-12-05-17-05-101-1536x1150.jpg 1536w\" sizes=\"(max-width: 1600px) 100vw, 1600px\" \/> <img loading=\"lazy\" decoding=\"async\" class=\"aligncenter size-full wp-image-5935\" src=\"https:\/\/blogsaverroes.juntadeandalucia.es\/ceip-manuel-cano-damian\/files\/2025\/12\/PHOTO-2025-12-05-17-05-10.jpg\" alt=\"\" width=\"1600\" height=\"1200\" srcset=\"https:\/\/blogsaverroes.juntadeandalucia.es\/ceip-manuel-cano-damian\/files\/2025\/12\/PHOTO-2025-12-05-17-05-10.jpg 1600w, https:\/\/blogsaverroes.juntadeandalucia.es\/ceip-manuel-cano-damian\/files\/2025\/12\/PHOTO-2025-12-05-17-05-10-300x225.jpg 300w, https:\/\/blogsaverroes.juntadeandalucia.es\/ceip-manuel-cano-damian\/files\/2025\/12\/PHOTO-2025-12-05-17-05-10-1024x768.jpg 1024w, https:\/\/blogsaverroes.juntadeandalucia.es\/ceip-manuel-cano-damian\/files\/2025\/12\/PHOTO-2025-12-05-17-05-10-768x576.jpg 768w, https:\/\/blogsaverroes.juntadeandalucia.es\/ceip-manuel-cano-damian\/files\/2025\/12\/PHOTO-2025-12-05-17-05-10-1536x1152.jpg 1536w\" sizes=\"(max-width: 1600px) 100vw, 1600px\" \/> <img loading=\"lazy\" decoding=\"async\" class=\"aligncenter size-full wp-image-5936\" src=\"https:\/\/blogsaverroes.juntadeandalucia.es\/ceip-manuel-cano-damian\/files\/2025\/12\/PHOTO-2025-12-05-17-05-111.jpg\" alt=\"\" width=\"1600\" height=\"1200\" srcset=\"https:\/\/blogsaverroes.juntadeandalucia.es\/ceip-manuel-cano-damian\/files\/2025\/12\/PHOTO-2025-12-05-17-05-111.jpg 1600w, https:\/\/blogsaverroes.juntadeandalucia.es\/ceip-manuel-cano-damian\/files\/2025\/12\/PHOTO-2025-12-05-17-05-111-300x225.jpg 300w, https:\/\/blogsaverroes.juntadeandalucia.es\/ceip-manuel-cano-damian\/files\/2025\/12\/PHOTO-2025-12-05-17-05-111-1024x768.jpg 1024w, https:\/\/blogsaverroes.juntadeandalucia.es\/ceip-manuel-cano-damian\/files\/2025\/12\/PHOTO-2025-12-05-17-05-111-768x576.jpg 768w, https:\/\/blogsaverroes.juntadeandalucia.es\/ceip-manuel-cano-damian\/files\/2025\/12\/PHOTO-2025-12-05-17-05-111-1536x1152.jpg 1536w\" sizes=\"(max-width: 1600px) 100vw, 1600px\" \/> <img loading=\"lazy\" decoding=\"async\" class=\"aligncenter size-full wp-image-5937\" src=\"https:\/\/blogsaverroes.juntadeandalucia.es\/ceip-manuel-cano-damian\/files\/2025\/12\/PHOTO-2025-12-05-17-05-112.jpg\" alt=\"\" width=\"1600\" height=\"1200\" srcset=\"https:\/\/blogsaverroes.juntadeandalucia.es\/ceip-manuel-cano-damian\/files\/2025\/12\/PHOTO-2025-12-05-17-05-112.jpg 1600w, https:\/\/blogsaverroes.juntadeandalucia.es\/ceip-manuel-cano-damian\/files\/2025\/12\/PHOTO-2025-12-05-17-05-112-300x225.jpg 300w, https:\/\/blogsaverroes.juntadeandalucia.es\/ceip-manuel-cano-damian\/files\/2025\/12\/PHOTO-2025-12-05-17-05-112-1024x768.jpg 1024w, https:\/\/blogsaverroes.juntadeandalucia.es\/ceip-manuel-cano-damian\/files\/2025\/12\/PHOTO-2025-12-05-17-05-112-768x576.jpg 768w, https:\/\/blogsaverroes.juntadeandalucia.es\/ceip-manuel-cano-damian\/files\/2025\/12\/PHOTO-2025-12-05-17-05-112-1536x1152.jpg 1536w\" sizes=\"(max-width: 1600px) 100vw, 1600px\" \/> <img loading=\"lazy\" decoding=\"async\" class=\"aligncenter size-full wp-image-5938\" src=\"https:\/\/blogsaverroes.juntadeandalucia.es\/ceip-manuel-cano-damian\/files\/2025\/12\/PHOTO-2025-12-05-17-05-11.jpg\" alt=\"\" width=\"1600\" height=\"1200\" srcset=\"https:\/\/blogsaverroes.juntadeandalucia.es\/ceip-manuel-cano-damian\/files\/2025\/12\/PHOTO-2025-12-05-17-05-11.jpg 1600w, https:\/\/blogsaverroes.juntadeandalucia.es\/ceip-manuel-cano-damian\/files\/2025\/12\/PHOTO-2025-12-05-17-05-11-300x225.jpg 300w, https:\/\/blogsaverroes.juntadeandalucia.es\/ceip-manuel-cano-damian\/files\/2025\/12\/PHOTO-2025-12-05-17-05-11-1024x768.jpg 1024w, https:\/\/blogsaverroes.juntadeandalucia.es\/ceip-manuel-cano-damian\/files\/2025\/12\/PHOTO-2025-12-05-17-05-11-768x576.jpg 768w, https:\/\/blogsaverroes.juntadeandalucia.es\/ceip-manuel-cano-damian\/files\/2025\/12\/PHOTO-2025-12-05-17-05-11-1536x1152.jpg 1536w\" sizes=\"(max-width: 1600px) 100vw, 1600px\" \/><\/p>\n","protected":false},"excerpt":{"rendered":"<p>Hoy nuestro centro ha adelantado la celebraci\u00f3n del D\u00eda de la Constituci\u00f3n, una jornada destinada a acercar al alumnado los valores fundamentales que sustentan nuestra convivencia democr\u00e1tica. A lo largo de la ma\u00f1ana, cada&#46;&#46;&#46;<\/p>\n","protected":false},"author":14491,"featured_media":5934,"comment_status":"closed","ping_status":"open","sticky":false,"template":"","format":"standard","meta":{"ngg_post_thumbnail":0,"footnotes":""},"categories":[3,4],"tags":[],"aioseo_notices":[],"_links":{"self":[{"href":"https:\/\/blogsaverroes.juntadeandalucia.es\/ceip-manuel-cano-damian\/wp-json\/wp\/v2\/posts\/5932"}],"collection":[{"href":"https:\/\/blogsaverroes.juntadeandalucia.es\/ceip-manuel-cano-damian\/wp-json\/wp\/v2\/posts"}],"about":[{"href":"https:\/\/blogsaverroes.juntadeandalucia.es\/ceip-manuel-cano-damian\/wp-json\/wp\/v2\/types\/post"}],"author":[{"embeddable":true,"href":"https:\/\/blogsaverroes.juntadeandalucia.es\/ceip-manuel-cano-damian\/wp-json\/wp\/v2\/users\/14491"}],"replies":[{"embeddable":true,"href":"https:\/\/blogsaverroes.juntadeandalucia.es\/ceip-manuel-cano-damian\/wp-json\/wp\/v2\/comments?post=5932"}],"version-history":[{"count":1,"href":"https:\/\/blogsaverroes.juntadeandalucia.es\/ceip-manuel-cano-damian\/wp-json\/wp\/v2\/posts\/5932\/revisions"}],"predecessor-version":[{"id":5939,"href":"https:\/\/blogsaverroes.juntadeandalucia.es\/ceip-manuel-cano-damian\/wp-json\/wp\/v2\/posts\/5932\/revisions\/5939"}],"wp:featuredmedia":[{"embeddable":true,"href":"https:\/\/blogsaverroes.juntadeandalucia.es\/ceip-manuel-cano-damian\/wp-json\/wp\/v2\/media\/5934"}],"wp:attachment":[{"href":"https:\/\/blogsaverroes.juntadeandalucia.es\/ceip-manuel-cano-damian\/wp-json\/wp\/v2\/media?parent=5932"}],"wp:term":[{"taxonomy":"category","embeddable":true,"href":"https:\/\/blogsaverroes.juntadeandalucia.es\/ceip-manuel-cano-damian\/wp-json\/wp\/v2\/categories?post=5932"},{"taxonomy":"post_tag","embeddable":true,"href":"https:\/\/blogsaverroes.juntadeandalucia.es\/ceip-manuel-cano-damian\/wp-json\/wp\/v2\/tags?post=5932"}],"curies":[{"name":"wp","href":"https:\/\/api.w.org\/{rel}","templated":true}]}}