{"id":1440,"date":"2023-12-20T19:44:41","date_gmt":"2023-12-20T18:44:41","guid":{"rendered":"https:\/\/blogsaverroes.juntadeandalucia.es\/ceip-migueldecervantes\/?p=1440"},"modified":"2023-12-20T19:53:41","modified_gmt":"2023-12-20T18:53:41","slug":"mercadillo-solidario","status":"publish","type":"post","link":"https:\/\/blogsaverroes.juntadeandalucia.es\/ceip-migueldecervantes\/mercadillo-solidario\/","title":{"rendered":"MERCADILLO SOLIDARIO"},"content":{"rendered":"<p>Durante los d\u00edas 18 y 19 de diciembre se ha celebrado en nuestro centro un mercadillo solidario &#8220;Mercadillo Solidario Sorpresa&#8221;, organizado por los alumnos del aula de apoyo a la integraci\u00f3n.&nbsp; El mercadillo de juguetes de segunda mano, ha recaudo 537\u00b484 \u20ac, que ir\u00e1n a beneficio de la&nbsp; Asociaci\u00f3n Asense-A, una asociaci\u00f3n de personas con enfermedades neuromusculares.&nbsp;&nbsp;<\/p>\n<p>Desde aqu\u00ed queremos agradecer al AMPA y a todas las personas que han colaborado tanto trayendo juguetes como compr\u00e1ndolos.&nbsp; Sin la ayuda de todos vosotros, no hubiera sido posible.<\/p>\n<p>Por cada art\u00edculo comprado, se entregaba una papeleta para participar en el sorteo de un juego de magia.&nbsp; &nbsp;El agraciado ha sido el n\u00famero 41.&nbsp;<\/p>\n<p>Os dejamos algunas fotos y v\u00eddeos de nuestro mercadillo.<\/p>\n<p><img loading=\"lazy\" decoding=\"async\" class=\"alignnone size-medium wp-image-1448\" src=\"https:\/\/blogsaverroes.juntadeandalucia.es\/ceip-migueldecervantes\/files\/2023\/12\/f9314d20-3291-4495-8763-1b781095df27-300x194.jpg\" alt=\"\" width=\"300\" height=\"194\" srcset=\"https:\/\/blogsaverroes.juntadeandalucia.es\/ceip-migueldecervantes\/files\/2023\/12\/f9314d20-3291-4495-8763-1b781095df27-300x194.jpg 300w, https:\/\/blogsaverroes.juntadeandalucia.es\/ceip-migueldecervantes\/files\/2023\/12\/f9314d20-3291-4495-8763-1b781095df27-768x497.jpg 768w, https:\/\/blogsaverroes.juntadeandalucia.es\/ceip-migueldecervantes\/files\/2023\/12\/f9314d20-3291-4495-8763-1b781095df27.jpg 1024w\" sizes=\"(max-width: 300px) 100vw, 300px\" \/>. <img loading=\"lazy\" decoding=\"async\" class=\"alignnone size-medium wp-image-1446\" src=\"https:\/\/blogsaverroes.juntadeandalucia.es\/ceip-migueldecervantes\/files\/2023\/12\/5078887b-6cd5-425e-a00d-367949f5e3c5-225x300.jpg\" alt=\"\" width=\"225\" height=\"300\" srcset=\"https:\/\/blogsaverroes.juntadeandalucia.es\/ceip-migueldecervantes\/files\/2023\/12\/5078887b-6cd5-425e-a00d-367949f5e3c5-225x300.jpg 225w, https:\/\/blogsaverroes.juntadeandalucia.es\/ceip-migueldecervantes\/files\/2023\/12\/5078887b-6cd5-425e-a00d-367949f5e3c5-768x1024.jpg 768w, https:\/\/blogsaverroes.juntadeandalucia.es\/ceip-migueldecervantes\/files\/2023\/12\/5078887b-6cd5-425e-a00d-367949f5e3c5-1152x1536.jpg 1152w, https:\/\/blogsaverroes.juntadeandalucia.es\/ceip-migueldecervantes\/files\/2023\/12\/5078887b-6cd5-425e-a00d-367949f5e3c5.jpg 1200w\" sizes=\"(max-width: 225px) 100vw, 225px\" \/> <img loading=\"lazy\" decoding=\"async\" class=\"alignnone size-medium wp-image-1445\" src=\"https:\/\/blogsaverroes.juntadeandalucia.es\/ceip-migueldecervantes\/files\/2023\/12\/27b332cb-fb55-47e6-8f48-b538baa0af53-300x225.jpg\" alt=\"\" width=\"300\" height=\"225\" srcset=\"https:\/\/blogsaverroes.juntadeandalucia.es\/ceip-migueldecervantes\/files\/2023\/12\/27b332cb-fb55-47e6-8f48-b538baa0af53-300x225.jpg 300w, https:\/\/blogsaverroes.juntadeandalucia.es\/ceip-migueldecervantes\/files\/2023\/12\/27b332cb-fb55-47e6-8f48-b538baa0af53-1024x768.jpg 1024w, https:\/\/blogsaverroes.juntadeandalucia.es\/ceip-migueldecervantes\/files\/2023\/12\/27b332cb-fb55-47e6-8f48-b538baa0af53-768x576.jpg 768w, https:\/\/blogsaverroes.juntadeandalucia.es\/ceip-migueldecervantes\/files\/2023\/12\/27b332cb-fb55-47e6-8f48-b538baa0af53-1536x1152.jpg 1536w, https:\/\/blogsaverroes.juntadeandalucia.es\/ceip-migueldecervantes\/files\/2023\/12\/27b332cb-fb55-47e6-8f48-b538baa0af53.jpg 1600w\" sizes=\"(max-width: 300px) 100vw, 300px\" \/><\/p>\n<p><img loading=\"lazy\" decoding=\"async\" class=\"alignnone size-medium wp-image-1444\" src=\"https:\/\/blogsaverroes.juntadeandalucia.es\/ceip-migueldecervantes\/files\/2023\/12\/b2e735f4-c4e2-47eb-96b4-aef929c082c5-225x300.jpg\" alt=\"\" width=\"225\" height=\"300\" srcset=\"https:\/\/blogsaverroes.juntadeandalucia.es\/ceip-migueldecervantes\/files\/2023\/12\/b2e735f4-c4e2-47eb-96b4-aef929c082c5-225x300.jpg 225w, https:\/\/blogsaverroes.juntadeandalucia.es\/ceip-migueldecervantes\/files\/2023\/12\/b2e735f4-c4e2-47eb-96b4-aef929c082c5-768x1024.jpg 768w, https:\/\/blogsaverroes.juntadeandalucia.es\/ceip-migueldecervantes\/files\/2023\/12\/b2e735f4-c4e2-47eb-96b4-aef929c082c5-1152x1536.jpg 1152w, https:\/\/blogsaverroes.juntadeandalucia.es\/ceip-migueldecervantes\/files\/2023\/12\/b2e735f4-c4e2-47eb-96b4-aef929c082c5.jpg 1200w\" sizes=\"(max-width: 225px) 100vw, 225px\" \/><img loading=\"lazy\" decoding=\"async\" class=\"alignnone size-medium wp-image-1442\" src=\"https:\/\/blogsaverroes.juntadeandalucia.es\/ceip-migueldecervantes\/files\/2023\/12\/fd77d969-d8c2-4031-81c0-bbcc3e7413ae-300x199.jpg\" alt=\"\" width=\"300\" height=\"199\" srcset=\"https:\/\/blogsaverroes.juntadeandalucia.es\/ceip-migueldecervantes\/files\/2023\/12\/fd77d969-d8c2-4031-81c0-bbcc3e7413ae-300x199.jpg 300w, https:\/\/blogsaverroes.juntadeandalucia.es\/ceip-migueldecervantes\/files\/2023\/12\/fd77d969-d8c2-4031-81c0-bbcc3e7413ae-768x510.jpg 768w, https:\/\/blogsaverroes.juntadeandalucia.es\/ceip-migueldecervantes\/files\/2023\/12\/fd77d969-d8c2-4031-81c0-bbcc3e7413ae.jpg 953w\" sizes=\"(max-width: 300px) 100vw, 300px\" \/><\/p>\n<div style=\"width: 848px;\" class=\"wp-video\"><!--[if lt IE 9]><script>document.createElement('video');<\/script><![endif]-->\n<video class=\"wp-video-shortcode\" id=\"video-1440-1\" width=\"848\" height=\"480\" preload=\"metadata\" controls=\"controls\"><source type=\"video\/mp4\" src=\"https:\/\/blogsaverroes.juntadeandalucia.es\/ceip-migueldecervantes\/files\/2023\/12\/a33d2b7e-9b69-437a-ac9e-35acfd45c009.mp4?_=1\" \/><a href=\"https:\/\/blogsaverroes.juntadeandalucia.es\/ceip-migueldecervantes\/files\/2023\/12\/a33d2b7e-9b69-437a-ac9e-35acfd45c009.mp4\">https:\/\/blogsaverroes.juntadeandalucia.es\/ceip-migueldecervantes\/files\/2023\/12\/a33d2b7e-9b69-437a-ac9e-35acfd45c009.mp4<\/a><\/video><\/div>\n<div style=\"width: 480px;\" class=\"wp-video\"><video class=\"wp-video-shortcode\" id=\"video-1440-2\" width=\"480\" height=\"864\" preload=\"metadata\" controls=\"controls\"><source type=\"video\/mp4\" src=\"https:\/\/blogsaverroes.juntadeandalucia.es\/ceip-migueldecervantes\/files\/2023\/12\/363d1c4e-d348-4036-9aed-c42b4bf6066b.mp4?_=2\" \/><a href=\"https:\/\/blogsaverroes.juntadeandalucia.es\/ceip-migueldecervantes\/files\/2023\/12\/363d1c4e-d348-4036-9aed-c42b4bf6066b.mp4\">https:\/\/blogsaverroes.juntadeandalucia.es\/ceip-migueldecervantes\/files\/2023\/12\/363d1c4e-d348-4036-9aed-c42b4bf6066b.mp4<\/a><\/video><\/div>\n","protected":false},"excerpt":{"rendered":"<p>Durante los d\u00edas 18 y 19 de diciembre se ha celebrado en nuestro centro un mercadillo solidario &#8220;Mercadillo Solidario Sorpresa&#8221;, organizado por los alumnos del aula de apoyo a la integraci\u00f3n.&nbsp; El mercadillo de&#46;&#46;&#46;<\/p>\n","protected":false},"author":9424,"featured_media":0,"comment_status":"closed","ping_status":"open","sticky":false,"template":"","format":"standard","meta":{"ngg_post_thumbnail":0,"footnotes":""},"categories":[10],"tags":[],"aioseo_notices":[],"_links":{"self":[{"href":"https:\/\/blogsaverroes.juntadeandalucia.es\/ceip-migueldecervantes\/wp-json\/wp\/v2\/posts\/1440"}],"collection":[{"href":"https:\/\/blogsaverroes.juntadeandalucia.es\/ceip-migueldecervantes\/wp-json\/wp\/v2\/posts"}],"about":[{"href":"https:\/\/blogsaverroes.juntadeandalucia.es\/ceip-migueldecervantes\/wp-json\/wp\/v2\/types\/post"}],"author":[{"embeddable":true,"href":"https:\/\/blogsaverroes.juntadeandalucia.es\/ceip-migueldecervantes\/wp-json\/wp\/v2\/users\/9424"}],"replies":[{"embeddable":true,"href":"https:\/\/blogsaverroes.juntadeandalucia.es\/ceip-migueldecervantes\/wp-json\/wp\/v2\/comments?post=1440"}],"version-history":[{"count":1,"href":"https:\/\/blogsaverroes.juntadeandalucia.es\/ceip-migueldecervantes\/wp-json\/wp\/v2\/posts\/1440\/revisions"}],"predecessor-version":[{"id":1449,"href":"https:\/\/blogsaverroes.juntadeandalucia.es\/ceip-migueldecervantes\/wp-json\/wp\/v2\/posts\/1440\/revisions\/1449"}],"wp:attachment":[{"href":"https:\/\/blogsaverroes.juntadeandalucia.es\/ceip-migueldecervantes\/wp-json\/wp\/v2\/media?parent=1440"}],"wp:term":[{"taxonomy":"category","embeddable":true,"href":"https:\/\/blogsaverroes.juntadeandalucia.es\/ceip-migueldecervantes\/wp-json\/wp\/v2\/categories?post=1440"},{"taxonomy":"post_tag","embeddable":true,"href":"https:\/\/blogsaverroes.juntadeandalucia.es\/ceip-migueldecervantes\/wp-json\/wp\/v2\/tags?post=1440"}],"curies":[{"name":"wp","href":"https:\/\/api.w.org\/{rel}","templated":true}]}}