{"id":1456,"date":"2023-12-20T20:22:59","date_gmt":"2023-12-20T19:22:59","guid":{"rendered":"https:\/\/blogsaverroes.juntadeandalucia.es\/ceip-migueldecervantes\/?p=1456"},"modified":"2023-12-20T20:22:59","modified_gmt":"2023-12-20T19:22:59","slug":"colegio-solidario","status":"publish","type":"post","link":"https:\/\/blogsaverroes.juntadeandalucia.es\/ceip-migueldecervantes\/colegio-solidario\/","title":{"rendered":"COLEGIO SOLIDARIO"},"content":{"rendered":"<p>Este a\u00f1o, de nuevo, nuestros alumnos y maestros han colaborado con la Operaci\u00f3n Kilo que se organiza desde C\u00e1ritas Parroquial para recoger alimentos no perecederos para ayudar a familias que est\u00e1n pasando por un mal momento.&nbsp;&nbsp;<\/p>\n<p>Son ya muchos los a\u00f1os que se lleva organizando este proyecto, y nunca ha faltado la solidaridad de todos nuestros alumnos y sus familias.<\/p>\n<p>Muchas gracias por vuestra colaboraci\u00f3n.<\/p>\n<p><img loading=\"lazy\" decoding=\"async\" class=\"alignnone size-medium wp-image-1453 aligncenter\" src=\"https:\/\/blogsaverroes.juntadeandalucia.es\/ceip-migueldecervantes\/files\/2023\/12\/08d6ad4a-6f42-4ba6-8088-ca207f5f9c5d-300x225.jpg\" alt=\"\" width=\"300\" height=\"225\" srcset=\"https:\/\/blogsaverroes.juntadeandalucia.es\/ceip-migueldecervantes\/files\/2023\/12\/08d6ad4a-6f42-4ba6-8088-ca207f5f9c5d-300x225.jpg 300w, https:\/\/blogsaverroes.juntadeandalucia.es\/ceip-migueldecervantes\/files\/2023\/12\/08d6ad4a-6f42-4ba6-8088-ca207f5f9c5d-1024x768.jpg 1024w, https:\/\/blogsaverroes.juntadeandalucia.es\/ceip-migueldecervantes\/files\/2023\/12\/08d6ad4a-6f42-4ba6-8088-ca207f5f9c5d-768x576.jpg 768w, https:\/\/blogsaverroes.juntadeandalucia.es\/ceip-migueldecervantes\/files\/2023\/12\/08d6ad4a-6f42-4ba6-8088-ca207f5f9c5d-1536x1152.jpg 1536w, https:\/\/blogsaverroes.juntadeandalucia.es\/ceip-migueldecervantes\/files\/2023\/12\/08d6ad4a-6f42-4ba6-8088-ca207f5f9c5d.jpg 2000w\" sizes=\"(max-width: 300px) 100vw, 300px\" \/><\/p>\n","protected":false},"excerpt":{"rendered":"<p>Este a\u00f1o, de nuevo, nuestros alumnos y maestros han colaborado con la Operaci\u00f3n Kilo que se organiza desde C\u00e1ritas Parroquial para recoger alimentos no perecederos para ayudar a familias que est\u00e1n pasando por un&#46;&#46;&#46;<\/p>\n","protected":false},"author":9424,"featured_media":0,"comment_status":"closed","ping_status":"open","sticky":false,"template":"","format":"standard","meta":{"ngg_post_thumbnail":0,"footnotes":""},"categories":[10],"tags":[],"aioseo_notices":[],"_links":{"self":[{"href":"https:\/\/blogsaverroes.juntadeandalucia.es\/ceip-migueldecervantes\/wp-json\/wp\/v2\/posts\/1456"}],"collection":[{"href":"https:\/\/blogsaverroes.juntadeandalucia.es\/ceip-migueldecervantes\/wp-json\/wp\/v2\/posts"}],"about":[{"href":"https:\/\/blogsaverroes.juntadeandalucia.es\/ceip-migueldecervantes\/wp-json\/wp\/v2\/types\/post"}],"author":[{"embeddable":true,"href":"https:\/\/blogsaverroes.juntadeandalucia.es\/ceip-migueldecervantes\/wp-json\/wp\/v2\/users\/9424"}],"replies":[{"embeddable":true,"href":"https:\/\/blogsaverroes.juntadeandalucia.es\/ceip-migueldecervantes\/wp-json\/wp\/v2\/comments?post=1456"}],"version-history":[{"count":1,"href":"https:\/\/blogsaverroes.juntadeandalucia.es\/ceip-migueldecervantes\/wp-json\/wp\/v2\/posts\/1456\/revisions"}],"predecessor-version":[{"id":1457,"href":"https:\/\/blogsaverroes.juntadeandalucia.es\/ceip-migueldecervantes\/wp-json\/wp\/v2\/posts\/1456\/revisions\/1457"}],"wp:attachment":[{"href":"https:\/\/blogsaverroes.juntadeandalucia.es\/ceip-migueldecervantes\/wp-json\/wp\/v2\/media?parent=1456"}],"wp:term":[{"taxonomy":"category","embeddable":true,"href":"https:\/\/blogsaverroes.juntadeandalucia.es\/ceip-migueldecervantes\/wp-json\/wp\/v2\/categories?post=1456"},{"taxonomy":"post_tag","embeddable":true,"href":"https:\/\/blogsaverroes.juntadeandalucia.es\/ceip-migueldecervantes\/wp-json\/wp\/v2\/tags?post=1456"}],"curies":[{"name":"wp","href":"https:\/\/api.w.org\/{rel}","templated":true}]}}