{"id":1580,"date":"2025-10-10T15:56:47","date_gmt":"2025-10-10T14:56:47","guid":{"rendered":"https:\/\/blogsaverroes.juntadeandalucia.es\/ceip-migueldecervantes\/?p=1580"},"modified":"2025-10-10T15:56:47","modified_gmt":"2025-10-10T14:56:47","slug":"obituario","status":"publish","type":"post","link":"https:\/\/blogsaverroes.juntadeandalucia.es\/ceip-migueldecervantes\/obituario\/","title":{"rendered":"OBITUARIO"},"content":{"rendered":"<p>La comunidad educativa del CEIP Miguel de Cervantes lamenta la triste noticia del fallecimiento de <strong>D. Luis Merello Govantes<\/strong>, p\u00e1rroco del Sagrado Coraz\u00f3n de Jes\u00fas.&nbsp; Don Luis fue maestro de religi\u00f3n de nuestro colegio a mediados de los a\u00f1os 80. Desde entonces, siempre ha estado vinculado a nuestro centro escolar a trav\u00e9s de las Primeras Comuniones que miles de nuestros alumnos y alumnas han celebrado con \u00e9l como p\u00e1rroco.&nbsp; Desde nuestro colegio nos unimos al dolor de su familia, amigos y de la Parroquia en general por tan triste p\u00e9rdida.&nbsp;<\/p>\n<p>&nbsp;<\/p>\n<p><img loading=\"lazy\" decoding=\"async\" class=\"size-medium wp-image-1581 aligncenter\" src=\"https:\/\/blogsaverroes.juntadeandalucia.es\/ceip-migueldecervantes\/files\/2025\/10\/74ba97dd-2fcd-432d-a261-6787d81b24e3-200x300.jpg\" alt=\"\" width=\"200\" height=\"300\" srcset=\"https:\/\/blogsaverroes.juntadeandalucia.es\/ceip-migueldecervantes\/files\/2025\/10\/74ba97dd-2fcd-432d-a261-6787d81b24e3-200x300.jpg 200w, https:\/\/blogsaverroes.juntadeandalucia.es\/ceip-migueldecervantes\/files\/2025\/10\/74ba97dd-2fcd-432d-a261-6787d81b24e3-683x1024.jpg 683w, https:\/\/blogsaverroes.juntadeandalucia.es\/ceip-migueldecervantes\/files\/2025\/10\/74ba97dd-2fcd-432d-a261-6787d81b24e3-768x1152.jpg 768w, https:\/\/blogsaverroes.juntadeandalucia.es\/ceip-migueldecervantes\/files\/2025\/10\/74ba97dd-2fcd-432d-a261-6787d81b24e3-1024x1536.jpg 1024w, https:\/\/blogsaverroes.juntadeandalucia.es\/ceip-migueldecervantes\/files\/2025\/10\/74ba97dd-2fcd-432d-a261-6787d81b24e3.jpg 1365w\" sizes=\"(max-width: 200px) 100vw, 200px\" \/><\/p>\n","protected":false},"excerpt":{"rendered":"<p>La comunidad educativa del CEIP Miguel de Cervantes lamenta la triste noticia del fallecimiento de D. Luis Merello Govantes, p\u00e1rroco del Sagrado Coraz\u00f3n de Jes\u00fas.&nbsp; Don Luis fue maestro de religi\u00f3n de nuestro colegio&#46;&#46;&#46;<\/p>\n","protected":false},"author":16471,"featured_media":0,"comment_status":"closed","ping_status":"open","sticky":false,"template":"","format":"standard","meta":{"ngg_post_thumbnail":0,"footnotes":""},"categories":[1],"tags":[],"aioseo_notices":[],"_links":{"self":[{"href":"https:\/\/blogsaverroes.juntadeandalucia.es\/ceip-migueldecervantes\/wp-json\/wp\/v2\/posts\/1580"}],"collection":[{"href":"https:\/\/blogsaverroes.juntadeandalucia.es\/ceip-migueldecervantes\/wp-json\/wp\/v2\/posts"}],"about":[{"href":"https:\/\/blogsaverroes.juntadeandalucia.es\/ceip-migueldecervantes\/wp-json\/wp\/v2\/types\/post"}],"author":[{"embeddable":true,"href":"https:\/\/blogsaverroes.juntadeandalucia.es\/ceip-migueldecervantes\/wp-json\/wp\/v2\/users\/16471"}],"replies":[{"embeddable":true,"href":"https:\/\/blogsaverroes.juntadeandalucia.es\/ceip-migueldecervantes\/wp-json\/wp\/v2\/comments?post=1580"}],"version-history":[{"count":1,"href":"https:\/\/blogsaverroes.juntadeandalucia.es\/ceip-migueldecervantes\/wp-json\/wp\/v2\/posts\/1580\/revisions"}],"predecessor-version":[{"id":1582,"href":"https:\/\/blogsaverroes.juntadeandalucia.es\/ceip-migueldecervantes\/wp-json\/wp\/v2\/posts\/1580\/revisions\/1582"}],"wp:attachment":[{"href":"https:\/\/blogsaverroes.juntadeandalucia.es\/ceip-migueldecervantes\/wp-json\/wp\/v2\/media?parent=1580"}],"wp:term":[{"taxonomy":"category","embeddable":true,"href":"https:\/\/blogsaverroes.juntadeandalucia.es\/ceip-migueldecervantes\/wp-json\/wp\/v2\/categories?post=1580"},{"taxonomy":"post_tag","embeddable":true,"href":"https:\/\/blogsaverroes.juntadeandalucia.es\/ceip-migueldecervantes\/wp-json\/wp\/v2\/tags?post=1580"}],"curies":[{"name":"wp","href":"https:\/\/api.w.org\/{rel}","templated":true}]}}