{"id":1846,"date":"2023-05-10T17:09:12","date_gmt":"2023-05-10T16:09:12","guid":{"rendered":"https:\/\/blogsaverroes.juntadeandalucia.es\/ceip-san-jose\/?p=1846"},"modified":"2023-05-10T17:14:57","modified_gmt":"2023-05-10T16:14:57","slug":"dia-del-libro-2023","status":"publish","type":"post","link":"https:\/\/blogsaverroes.juntadeandalucia.es\/ceip-san-jose\/dia-del-libro-2023\/","title":{"rendered":"D\u00eda del Libro 2023"},"content":{"rendered":"<h2 style=\"text-align: center\">D\u00eda del Libro 2023<\/h2>\n<div class=\"\" dir=\"auto\">\n<div id=\":r1u:\" class=\"x1iorvi4 x1pi30zi x1l90r2v x1swvt13\" data-ad-comet-preview=\"message\" data-ad-preview=\"message\">\n<div class=\"x78zum5 xdt5ytf xz62fqu x16ldp7u\">\n<div class=\"xu06os2 x1ok221b\">\n<div class=\"xdj266r x11i5rnm xat24cr x1mh8g0r x1vvkbs x126k92a\">\n<div dir=\"auto\">&nbsp;<\/div>\n<div dir=\"auto\" style=\"text-align: justify\">El pasado 6 de abril de 2023 se cumplieron 80 a\u00f1os de la publicaci\u00f3n de la novela corta de Antoine de Saint-Exup\u00e9ry \u201cEl Principito\u201d .<\/div>\n<div dir=\"auto\" style=\"text-align: justify\">&nbsp;<\/div>\n<\/div>\n<div class=\"x11i5rnm xat24cr x1mh8g0r x1vvkbs xtlvy1s x126k92a\">\n<div dir=\"auto\" style=\"text-align: justify\">Por este motivo, para la celebraci\u00f3n del D\u00eda del Libro (23 de abril) nuestro Centro ha organizado un Concurso de Puertas de Aulas adornadas con im\u00e1genes y frases de esta obra octogenaria.<\/div>\n<div dir=\"auto\" style=\"text-align: justify\">&nbsp;<\/div>\n<div dir=\"auto\" style=\"text-align: justify\">Este es el resultado del trabajo realizado.<\/div>\n<div dir=\"auto\">ngg_shortcode_0_placeholder<\/div>\n<\/div>\n<\/div>\n<\/div>\n<\/div>\n<\/div>\n","protected":false},"excerpt":{"rendered":"<p>D\u00eda del Libro 2023 &nbsp; El pasado 6 de abril de 2023 se cumplieron 80 a\u00f1os de la publicaci\u00f3n de la novela corta de Antoine de Saint-Exup\u00e9ry \u201cEl Principito\u201d . &nbsp; Por este motivo, para la celebraci\u00f3n del D\u00eda del Libro (23 de abril) nuestro Centro ha organizado un Concurso de Puertas de Aulas adornadas [&hellip;]<\/p>\n","protected":false},"author":17191,"featured_media":1848,"comment_status":"closed","ping_status":"open","sticky":false,"template":"","format":"standard","meta":{"_et_pb_use_builder":"","_et_pb_old_content":"","_et_gb_content_width":"","ngg_post_thumbnail":0,"footnotes":""},"categories":[3,4],"tags":[],"aioseo_notices":[],"_links":{"self":[{"href":"https:\/\/blogsaverroes.juntadeandalucia.es\/ceip-san-jose\/wp-json\/wp\/v2\/posts\/1846"}],"collection":[{"href":"https:\/\/blogsaverroes.juntadeandalucia.es\/ceip-san-jose\/wp-json\/wp\/v2\/posts"}],"about":[{"href":"https:\/\/blogsaverroes.juntadeandalucia.es\/ceip-san-jose\/wp-json\/wp\/v2\/types\/post"}],"author":[{"embeddable":true,"href":"https:\/\/blogsaverroes.juntadeandalucia.es\/ceip-san-jose\/wp-json\/wp\/v2\/users\/17191"}],"replies":[{"embeddable":true,"href":"https:\/\/blogsaverroes.juntadeandalucia.es\/ceip-san-jose\/wp-json\/wp\/v2\/comments?post=1846"}],"version-history":[{"count":4,"href":"https:\/\/blogsaverroes.juntadeandalucia.es\/ceip-san-jose\/wp-json\/wp\/v2\/posts\/1846\/revisions"}],"predecessor-version":[{"id":1865,"href":"https:\/\/blogsaverroes.juntadeandalucia.es\/ceip-san-jose\/wp-json\/wp\/v2\/posts\/1846\/revisions\/1865"}],"wp:featuredmedia":[{"embeddable":true,"href":"https:\/\/blogsaverroes.juntadeandalucia.es\/ceip-san-jose\/wp-json\/wp\/v2\/media\/1848"}],"wp:attachment":[{"href":"https:\/\/blogsaverroes.juntadeandalucia.es\/ceip-san-jose\/wp-json\/wp\/v2\/media?parent=1846"}],"wp:term":[{"taxonomy":"category","embeddable":true,"href":"https:\/\/blogsaverroes.juntadeandalucia.es\/ceip-san-jose\/wp-json\/wp\/v2\/categories?post=1846"},{"taxonomy":"post_tag","embeddable":true,"href":"https:\/\/blogsaverroes.juntadeandalucia.es\/ceip-san-jose\/wp-json\/wp\/v2\/tags?post=1846"}],"curies":[{"name":"wp","href":"https:\/\/api.w.org\/{rel}","templated":true}]}}