{"id":1697,"date":"2025-04-05T10:01:15","date_gmt":"2025-04-05T08:01:15","guid":{"rendered":"https:\/\/blogsaverroes.juntadeandalucia.es\/ceip-severo-ochoa\/?p=1697"},"modified":"2025-04-09T00:12:27","modified_gmt":"2025-04-08T22:12:27","slug":"visita-de-la-uma","status":"publish","type":"post","link":"https:\/\/blogsaverroes.juntadeandalucia.es\/ceip-severo-ochoa\/visita-de-la-uma\/","title":{"rendered":"Visita de la UMA a nuestro colegio"},"content":{"rendered":"<p>[et_pb_section fb_built=&#8221;1&#8243; _builder_version=&#8221;4.16&#8243; global_colors_info=&#8221;{}&#8221;][et_pb_row _builder_version=&#8221;4.16&#8243; background_size=&#8221;initial&#8221; background_position=&#8221;top_left&#8221; background_repeat=&#8221;repeat&#8221; global_colors_info=&#8221;{}&#8221;][et_pb_column type=&#8221;4_4&#8243; _builder_version=&#8221;4.16&#8243; custom_padding=&#8221;|||&#8221; global_colors_info=&#8221;{}&#8221; custom_padding__hover=&#8221;|||&#8221;][et_pb_text _builder_version=&#8221;4.24.2&#8243; background_size=&#8221;initial&#8221; background_position=&#8221;top_left&#8221; background_repeat=&#8221;repeat&#8221; hover_enabled=&#8221;0&#8243; global_colors_info=&#8221;{}&#8221; sticky_enabled=&#8221;0&#8243;]<\/p>\n<p><span style=\"font-family: arial, helvetica, sans-serif;font-size: 12pt\">A mitad de semana, recibimos una visita de la UMA a nuestro colegio. <a href=\"https:\/\/blogsaverroes.juntadeandalucia.es\/ceip-severo-ochoa\/escuela-y-universidad-la-importancia-de-hacer-juntos\/\" target=\"_blank\" rel=\"noopener\">Seguimos caminando en ese \u00abhacer juntos\u00bb<\/a> que es tan necesario en la educaci\u00f3n. El grupo del Grado de Primaria, coordinado por Anal\u00eda Leite, Jos\u00e9 Ignacio Rivas y la doctoranda Mar\u00eda Nieto, disfruta de una ma\u00f1ana de aprendizaje en comunidad en la que desarrollamos:<\/span><\/p>\n<ul>\n<li><span style=\"font-family: arial, helvetica, sans-serif;font-size: 12pt\">Recepci\u00f3n, con una visi\u00f3n global sobre la trayectoria hist\u00f3rica del centro, narrada por nuestra directora, M\u00f3nica De Lorenzo-C\u00e1ceres.<\/span><\/li>\n<li><span style=\"font-family: arial, helvetica, sans-serif;font-size: 12pt\"><a href=\"https:\/\/view.genially.com\/6596fcd3586a6a00149a6b2e\/interactive-content-tertulias-musicales-dialogicas\" target=\"_blank\" rel=\"noopener\">Tertulia musical dial\u00f3gica<\/a> alrededor de <a href=\"https:\/\/es.wikipedia.org\/wiki\/Las_cuatro_estaciones\" target=\"_blank\" rel=\"noopener\">\u00abLas cuatro estaciones de Vivaldi\u00bb,<\/a> de la mano del maestro Jos\u00e9 Emilio P\u00e9rez.<\/span><\/li>\n<li><span style=\"font-family: arial, helvetica, sans-serif;font-size: 12pt\"><a href=\"https:\/\/blogsaverroes.juntadeandalucia.es\/ceip-severo-ochoa\/cda\/\" target=\"_blank\" rel=\"noopener\">Grupos interactivos<\/a> de matem\u00e1ticas manipulativas, con los equipos de codocencia conformados por las maestras Esther Alba y Luc\u00eda Florido, y el maestro Lalo Mudarra.<\/span><\/li>\n<li><span style=\"font-family: arial, helvetica, sans-serif;font-size: 12pt\">Visita did\u00e1ctica al huerto del centro, guiada por el maestro Rafael Ru\u00edz; incluyendo la creaci\u00f3n de una parcelita de hermanamiento del centro con la UMA, en la que universitarios y docentes siembran <a href=\"https:\/\/www.ecologiaverde.com\/cuidados-de-las-gitanillas-2897.html\" target=\"_blank\" rel=\"noopener\">gitanillas<\/a>.<\/span><\/li>\n<li><span style=\"font-family: arial, helvetica, sans-serif;font-size: 12pt\"><a href=\"https:\/\/blogsaverroes.juntadeandalucia.es\/ceip-severo-ochoa\/radio\/\" target=\"_blank\" rel=\"noopener\">Entrevista en nuestro estudio de radio a alumnado del Grado de Primaria<\/a>, realizada por alumnado de tercer ciclo y el maestro Luis L\u00f3pez-Cano.<\/span><\/li>\n<li><span style=\"font-family: arial, helvetica, sans-serif;font-size: 12pt\">Asamblea final, en la que participamos todos juntos, haciendo un repaso de la jornada compartida, del presente del centro y de la profesi\u00f3n docente, y del futuro que so\u00f1amos.<\/span><\/li>\n<\/ul>\n<p>&nbsp;<\/p>\n<p><span style=\"font-family: arial, helvetica, sans-serif;font-size: 12pt\">En esta galer\u00eda pod\u00e9is ver algunos de los momentos de los que pudimos disfrutar juntos durante la ma\u00f1ana:<\/span><\/p>\nngg_shortcode_0_placeholder\n<p>&nbsp;<span style=\"font-family: arial, helvetica, sans-serif;font-size: 12pt\">Al final, quiz\u00e1 lo mejor de todo fue sentir la camarader\u00eda entre docentes y alumnado diversos. Docentes y alumnos que dialogan. Docentes y alumnos que comparten contextos, saberes y sentimientos. Docentes y alumnos que sue\u00f1an con construir una educaci\u00f3n mejor para todos, que es construir la posibilidad de una vida mejor para todos.<\/span><\/p>\n<p>&nbsp;<\/p>\n<p><span style=\"font-family: arial, helvetica, sans-serif;font-size: 12pt\">Volvemos a vernos muy pronto, \u00bfde acuerdo? Hay un mundo compartido que seguir construyendo juntos.<\/span><\/p>\n<blockquote>\n<p><span style=\"font-family: arial, helvetica, sans-serif;font-size: 12pt\"><strong>Im\u00e1genes:<\/strong> Mar\u00eda Nieto Mart\u00ednez.<\/span><\/p>\n<\/blockquote>\n<p>&nbsp;<\/p>\n<p>&nbsp;<\/p>\n<p>[\/et_pb_text][et_pb_toggle title=&#8221;Lectura f\u00e1cil&#8221; icon_color=&#8221;#0C71C3&#8243; toggle_icon=&#8221;&#xf518;||fa||900&#8243; use_icon_font_size=&#8221;on&#8221; icon_font_size=&#8221;20px&#8221; _builder_version=&#8221;4.24.2&#8243; _module_preset=&#8221;default&#8221; global_colors_info=&#8221;{}&#8221;]<\/p>\n<h2><strong><span style=\"font-family: arial, helvetica, sans-serif;font-size: 18pt\">Visita de la UMA a nuestro colegio<\/span><\/strong><\/h2>\n<p><span style=\"font-family: arial, helvetica, sans-serif;font-size: 14pt\">A mitad de semana, recibimos una visita especial.<\/span><\/p>\n<p><span style=\"font-family: arial, helvetica, sans-serif;font-size: 14pt\">Vinieron estudiantes y profesores de la Universidad de M\u00e1laga (UMA).<\/span><\/p>\n<p><span style=\"font-family: arial, helvetica, sans-serif;font-size: 14pt\">Estudian para ser maestros y maestras de Primaria.<\/span><\/p>\n<p><span style=\"font-family: arial, helvetica, sans-serif;font-size: 14pt\">Vinieron al colegio para aprender con nosotros.<\/span><\/p>\n<p><span style=\"font-family: arial, helvetica, sans-serif;font-size: 14pt\">Estuvieron toda la ma\u00f1ana haciendo actividades.<\/span><\/p>\n<p><span style=\"font-family: arial, helvetica, sans-serif;font-size: 14pt\">Hicimos muchas cosas juntos. Te contamos algunas:<\/span><\/p>\n<p>&nbsp;<\/p>\n<h3><strong><span style=\"font-family: arial, helvetica, sans-serif;font-size: 14pt\">\u00bfQu\u00e9 hicimos juntos?<\/span><\/strong><\/h3>\n<p><span style=\"font-family: arial, helvetica, sans-serif;font-size: 14pt\">\ud83d\udccc <strong>Bienvenida<\/strong><\/span><\/p>\n<p><span style=\"font-family: arial, helvetica, sans-serif;font-size: 14pt\">Nuestra directora, M\u00f3nica De Lorenzo-C\u00e1ceres, nos dio la bienvenida.<\/span><\/p>\n<p><span style=\"font-family: arial, helvetica, sans-serif;font-size: 14pt\">Cont\u00f3 la historia del colegio y c\u00f3mo ha cambiado con los a\u00f1os.<\/span><\/p>\n<p><span style=\"font-family: arial, helvetica, sans-serif;font-size: 14pt\">\ud83c\udfb6 <strong>Tertulia musical<\/strong><\/span><\/p>\n<p><span style=\"font-family: arial, helvetica, sans-serif;font-size: 14pt\">Escuchamos \u00abLas cuatro estaciones\u00bb, una m\u00fasica muy bonita de Vivaldi.<\/span><\/p>\n<p><span style=\"font-family: arial, helvetica, sans-serif;font-size: 14pt\">Hablamos sobre lo que nos hace sentir esa m\u00fasica.<\/span><\/p>\n<p><span style=\"font-family: arial, helvetica, sans-serif;font-size: 14pt\">El maestro Jos\u00e9 Emilio P\u00e9rez nos gui\u00f3 en la actividad.<\/span><\/p>\n<p><span style=\"font-family: arial, helvetica, sans-serif;font-size: 14pt\">\ud83d\udd22 <strong>Matem\u00e1ticas divertidas<\/strong><\/span><\/p>\n<p><span style=\"font-family: arial, helvetica, sans-serif;font-size: 14pt\">Jugamos y aprendimos matem\u00e1ticas con materiales que se pueden tocar.<\/span><\/p>\n<p><span style=\"font-family: arial, helvetica, sans-serif;font-size: 14pt\">Hicimos grupos con maestros del cole y estudiantes de la UMA.<\/span><\/p>\n<p><span style=\"font-family: arial, helvetica, sans-serif;font-size: 14pt\">Estuvieron Esther Alba, Luc\u00eda Florido y Lalo Mudarra.<\/span><\/p>\n<p><span style=\"font-family: arial, helvetica, sans-serif;font-size: 14pt\">\ud83c\udf31 <strong>Visita al huerto<\/strong><\/span><\/p>\n<p><span style=\"font-family: arial, helvetica, sans-serif;font-size: 14pt\">Fuimos al huerto del cole con el maestro Rafael Ru\u00edz.<\/span><\/p>\n<p><span style=\"font-family: arial, helvetica, sans-serif;font-size: 14pt\">Plantamos flores llamadas gitanillas.<\/span><\/p>\n<p><span style=\"font-family: arial, helvetica, sans-serif;font-size: 14pt\">Fue un momento bonito para compartir con los nuevos amigos de la universidad.<\/span><\/p>\n<p><span style=\"font-family: arial, helvetica, sans-serif;font-size: 14pt\">\ud83c\udf99\ufe0f <strong>Entrevista en la radio<\/strong><\/span><\/p>\n<p><span style=\"font-family: arial, helvetica, sans-serif;font-size: 14pt\">Los ni\u00f1os y ni\u00f1as del tercer ciclo entrevistaron a los estudiantes de la UMA.<\/span><\/p>\n<p><span style=\"font-family: arial, helvetica, sans-serif;font-size: 14pt\">Lo hicieron en el estudio de radio del colegio, junto al maestro Luis L\u00f3pez-Cano.<\/span><\/p>\n<p><span style=\"font-family: arial, helvetica, sans-serif;font-size: 14pt\">\ud83d\udde3\ufe0f <strong>Asamblea final<\/strong><\/span><\/p>\n<p><span style=\"font-family: arial, helvetica, sans-serif;font-size: 14pt\">Al final del d\u00eda, nos reunimos todos juntos.<\/span><\/p>\n<p><span style=\"font-family: arial, helvetica, sans-serif;font-size: 14pt\">Hablamos sobre lo que hab\u00edamos vivido.<\/span><\/p>\n<p><span style=\"font-family: arial, helvetica, sans-serif;font-size: 14pt\">Tambi\u00e9n hablamos sobre c\u00f3mo es ser maestro y c\u00f3mo so\u00f1amos el colegio del futuro.<\/span><\/p>\n<h2><strong><span style=\"font-family: arial, helvetica, sans-serif;font-size: 14pt\">Un d\u00eda para recordar<\/span><\/strong><\/h2>\n<p><span style=\"font-family: arial, helvetica, sans-serif;font-size: 14pt\">Durante la ma\u00f1ana, vivimos momentos muy especiales.<\/span><\/p>\n<p><span style=\"font-family: arial, helvetica, sans-serif;font-size: 14pt\">Nos sentimos unidos como un gran equipo.<\/span><\/p>\n<p><span style=\"font-family: arial, helvetica, sans-serif;font-size: 14pt\">Todos aprendimos algo nuevo.<\/span><\/p>\n<p><span style=\"font-family: arial, helvetica, sans-serif;font-size: 14pt\">Nos escuchamos, nos ayudamos y so\u00f1amos juntos.<\/span><\/p>\n<p><span style=\"font-family: arial, helvetica, sans-serif;font-size: 14pt\">Porque educar es eso:<\/span><\/p>\n<p><span style=\"font-family: arial, helvetica, sans-serif;font-size: 14pt\"><strong>Compartir. Dialogar. So\u00f1ar.<\/strong><\/span><\/p>\n<p><span style=\"font-family: arial, helvetica, sans-serif;font-size: 14pt\">Esperamos vernos muy pronto otra vez.<\/span><\/p>\n<p><span style=\"font-family: arial, helvetica, sans-serif;font-size: 14pt\">\u00a1Tenemos mucho que seguir construyendo juntos!<\/span><\/p>\n<p>[\/et_pb_toggle][et_pb_blurb use_icon=&#8221;on&#8221; font_icon=&#8221;&#xf0eb;||fa||400&#8243; icon_color=&#8221;#EDF000&#8243; image_icon_background_color=&#8221;RGBA(255,255,255,0)&#8221; _builder_version=&#8221;4.24.2&#8243; _module_preset=&#8221;default&#8221; background_color=&#8221;#7CDA24&#8243; use_background_color_gradient=&#8221;on&#8221; box_shadow_style=&#8221;preset1&#8243; global_colors_info=&#8221;{}&#8221;]<\/p>\n<p style=\"text-align: left\"><span style=\"color: #ffffff\"><strong><span style=\"font-family: arial, helvetica, sans-serif;font-size: 14pt\">Si quieres que tu centro nos visite o quieres que vayamos al tuyo a compartir nuestras pr\u00e1cticas,<span style=\"color: #ffff00\"> <a style=\"color: #ffff00\" href=\"https:\/\/blogsaverroes.juntadeandalucia.es\/ceip-severo-ochoa\/contactar-con-el-centro\/?preview_id=426&amp;preview_nonce=5aec4fcd89&amp;_thumbnail_id=-1&amp;preview=true\" target=\"_blank\" rel=\"noopener\">contacta con nosotros<\/a>.<\/span><\/span><\/strong><\/span><\/p>\n<p>[\/et_pb_blurb][\/et_pb_column][\/et_pb_row][\/et_pb_section]<\/p>\n","protected":false},"excerpt":{"rendered":"<p>A mitad de semana, recibimos una visita de la UMA a nuestro colegio. Seguimos caminando en ese \u00abhacer juntos\u00bb que es tan necesario en la educaci\u00f3n. El grupo del Grado de Primaria, coordinado por Anal\u00eda Leite, Jos\u00e9 Ignacio Rivas y la doctoranda Mar\u00eda Nieto, disfruta de una ma\u00f1ana de aprendizaje en comunidad en la que [&hellip;]<\/p>\n","protected":false},"author":15140,"featured_media":1717,"comment_status":"open","ping_status":"open","sticky":false,"template":"","format":"standard","meta":{"_et_pb_use_builder":"on","_et_pb_old_content":"<p><span style=\"font-family: arial, helvetica, sans-serif; font-size: 12pt;\">A mitad de semana, recibimos una visita de la UMA a nuestro colegio. <a href=\"https:\/\/blogsaverroes.juntadeandalucia.es\/ceip-severo-ochoa\/escuela-y-universidad-la-importancia-de-hacer-juntos\/\" target=\"_blank\" rel=\"noopener\">Seguimos caminando en ese \u00abhacer juntos\u00bb<\/a> que es tan necesario en la educaci\u00f3n. El grupo del Grado de Primaria, coordinado por Anal\u00eda Leite, Jos\u00e9 Ignacio Rivas y la doctoranda Mar\u00eda Nieto, disfruta de una ma\u00f1ana de aprendizaje en comunidad en la que desarrollamos:<\/span><\/p><ul><li><span style=\"font-family: arial, helvetica, sans-serif; font-size: 12pt;\">Recepci\u00f3n, con una visi\u00f3n global sobre la trayectoria hist\u00f3rica del centro, narrada por nuestra directora, M\u00f3nica De Lorenzo-C\u00e1ceres.<\/span><\/li><li><span style=\"font-family: arial, helvetica, sans-serif; font-size: 12pt;\"><a href=\"https:\/\/view.genially.com\/6596fcd3586a6a00149a6b2e\/interactive-content-tertulias-musicales-dialogicas\" target=\"_blank\" rel=\"noopener\">Tertulia musical dial\u00f3gica<\/a> alrededor de <a href=\"https:\/\/es.wikipedia.org\/wiki\/Las_cuatro_estaciones\" target=\"_blank\" rel=\"noopener\">\u00abLas cuatro estaciones de Vivaldi\u00bb,<\/a> de la mano del maestro Jos\u00e9 Emilio P\u00e9rez.<\/span><\/li><li><span style=\"font-family: arial, helvetica, sans-serif; font-size: 12pt;\"><a href=\"https:\/\/blogsaverroes.juntadeandalucia.es\/ceip-severo-ochoa\/cda\/\" target=\"_blank\" rel=\"noopener\">Grupos interactivos<\/a> de matem\u00e1ticas manipulativas, con los equipos de codocencia conformados por las maestras Esther Alba y Luc\u00eda Florido, y el maestro Lalo Mudarra.<\/span><\/li><li><span style=\"font-family: arial, helvetica, sans-serif; font-size: 12pt;\">Visita did\u00e1ctica al huerto del centro, guiada por el maestro Rafael Ru\u00edz; incluyendo la creaci\u00f3n de una parcelita de hermanamiento del centro con la UMA, en la que universitarios y docentes siembran <a href=\"https:\/\/www.ecologiaverde.com\/cuidados-de-las-gitanillas-2897.html\" target=\"_blank\" rel=\"noopener\">gitanillas<\/a>.<\/span><\/li><li><span style=\"font-family: arial, helvetica, sans-serif; font-size: 12pt;\">Entrevista en <a href=\"https:\/\/blogsaverroes.juntadeandalucia.es\/ceip-severo-ochoa\/radio\/\" target=\"_blank\" rel=\"noopener\">nuestro estudio de radio<\/a> a alumnado del Grado de Primaria, realizada por alumnado de tercer ciclo y el maestro Luis L\u00f3pez-Cano.<\/span><\/li><li><span style=\"font-family: arial, helvetica, sans-serif; font-size: 12pt;\">Asamblea final, en la que participamos todos juntos, haciendo un repaso de la jornada compartida, del presente del centro y de la profesi\u00f3n docente, y del futuro que so\u00f1amos.<\/span><\/li><\/ul><p>\u00a0<\/p><p><span style=\"font-family: arial, helvetica, sans-serif; font-size: 12pt;\">En esta galer\u00eda pod\u00e9is ver algunos de los momentos de los que pudimos disfrutar juntos durante la ma\u00f1ana:<\/span><\/p>[ngg src=\"galleries\" ids=\"4\" display=\"basic_slideshow\" maximum_entity_count=\"500\"]<p>\u00a0<span style=\"font-family: arial, helvetica, sans-serif; font-size: 12pt;\">Al final, quiz\u00e1 lo mejor de todo fue sentir la camarader\u00eda entre docentes y alumnado diversos. Docentes y alumnos que dialogan. Docentes y alumnos que comparten contextos, saberes y sentimientos. Docentes y alumnos que sue\u00f1an con construir una educaci\u00f3n mejor para todos, que es construir la posibilidad de una vida mejor para todos.<\/span><\/p><p><span style=\"font-family: arial, helvetica, sans-serif; font-size: 12pt;\">Volvemos a vernos muy pronto, \u00bfde acuerdo? Hay un mundo compartido que seguir construyendo juntos.<\/span><\/p><blockquote><p><span style=\"font-family: arial, helvetica, sans-serif; font-size: 12pt;\"><strong>Im\u00e1genes:<\/strong> Mar\u00eda Nieto Mart\u00ednez.<\/span><\/p><\/blockquote><p>\u00a0<\/p>","_et_gb_content_width":"","ngg_post_thumbnail":0,"footnotes":""},"categories":[4,5,33],"tags":[7,41,35],"aioseo_notices":[],"_links":{"self":[{"href":"https:\/\/blogsaverroes.juntadeandalucia.es\/ceip-severo-ochoa\/wp-json\/wp\/v2\/posts\/1697"}],"collection":[{"href":"https:\/\/blogsaverroes.juntadeandalucia.es\/ceip-severo-ochoa\/wp-json\/wp\/v2\/posts"}],"about":[{"href":"https:\/\/blogsaverroes.juntadeandalucia.es\/ceip-severo-ochoa\/wp-json\/wp\/v2\/types\/post"}],"author":[{"embeddable":true,"href":"https:\/\/blogsaverroes.juntadeandalucia.es\/ceip-severo-ochoa\/wp-json\/wp\/v2\/users\/15140"}],"replies":[{"embeddable":true,"href":"https:\/\/blogsaverroes.juntadeandalucia.es\/ceip-severo-ochoa\/wp-json\/wp\/v2\/comments?post=1697"}],"version-history":[{"count":23,"href":"https:\/\/blogsaverroes.juntadeandalucia.es\/ceip-severo-ochoa\/wp-json\/wp\/v2\/posts\/1697\/revisions"}],"predecessor-version":[{"id":1750,"href":"https:\/\/blogsaverroes.juntadeandalucia.es\/ceip-severo-ochoa\/wp-json\/wp\/v2\/posts\/1697\/revisions\/1750"}],"wp:featuredmedia":[{"embeddable":true,"href":"https:\/\/blogsaverroes.juntadeandalucia.es\/ceip-severo-ochoa\/wp-json\/wp\/v2\/media\/1717"}],"wp:attachment":[{"href":"https:\/\/blogsaverroes.juntadeandalucia.es\/ceip-severo-ochoa\/wp-json\/wp\/v2\/media?parent=1697"}],"wp:term":[{"taxonomy":"category","embeddable":true,"href":"https:\/\/blogsaverroes.juntadeandalucia.es\/ceip-severo-ochoa\/wp-json\/wp\/v2\/categories?post=1697"},{"taxonomy":"post_tag","embeddable":true,"href":"https:\/\/blogsaverroes.juntadeandalucia.es\/ceip-severo-ochoa\/wp-json\/wp\/v2\/tags?post=1697"}],"curies":[{"name":"wp","href":"https:\/\/api.w.org\/{rel}","templated":true}]}}