{"id":1910,"date":"2025-06-07T00:38:19","date_gmt":"2025-06-06T22:38:19","guid":{"rendered":"https:\/\/blogsaverroes.juntadeandalucia.es\/ceip-severo-ochoa\/?p=1910"},"modified":"2025-06-07T12:56:27","modified_gmt":"2025-06-07T10:56:27","slug":"destacando-en-la-termica","status":"publish","type":"post","link":"https:\/\/blogsaverroes.juntadeandalucia.es\/ceip-severo-ochoa\/destacando-en-la-termica\/","title":{"rendered":"Destacando en La T\u00e9rmica"},"content":{"rendered":"<p>[et_pb_section fb_built=&#8221;1&#8243; _builder_version=&#8221;4.16&#8243; global_colors_info=&#8221;{}&#8221;][et_pb_row _builder_version=&#8221;4.16&#8243; background_size=&#8221;initial&#8221; background_position=&#8221;top_left&#8221; background_repeat=&#8221;repeat&#8221; global_colors_info=&#8221;{}&#8221;][et_pb_column type=&#8221;4_4&#8243; _builder_version=&#8221;4.16&#8243; custom_padding=&#8221;|||&#8221; global_colors_info=&#8221;{}&#8221; custom_padding__hover=&#8221;|||&#8221;][et_pb_text _builder_version=&#8221;4.16&#8243; background_size=&#8221;initial&#8221; background_position=&#8221;top_left&#8221; background_repeat=&#8221;repeat&#8221; global_colors_info=&#8221;{}&#8221;]<span style=\"font-family: arial, helvetica, sans-serif;font-size: 12pt\"><a href=\"https:\/\/destacando.es\/\" target=\"_blank\" rel=\"noopener\">Destacando<\/a> celebr\u00f3 el martes pasado en <a href=\"https:\/\/latermicamalaga.com\/\" target=\"_blank\" rel=\"noopener\">La T\u00e9rmica<\/a> su gala de difusi\u00f3n de buenas pr\u00e1cticas en Educaci\u00f3n. Nuestro colegio fue uno de los centros educativos malague\u00f1os participantes, junto con <a href=\"https:\/\/asuncionmalaga.es\/\" target=\"_blank\" rel=\"noopener\">La Asunci\u00f3n<\/a>, el <a href=\"https:\/\/ceipclaracampoamormalaga.es\/\" target=\"_blank\" rel=\"noopener\">CEIP Clara Campoamor<\/a>, el <a href=\"https:\/\/fpiespablopicasso.es\/\" target=\"_blank\" rel=\"noopener\">IES Pablo Picasso<\/a> y <a href=\"http:\/\/www.platerogreenschool.es\/portal\/home;jsessionid=9996FBCFE8F046B1C723713952F6FA48\" target=\"_blank\" rel=\"noopener\">Platero Green School<\/a>.<\/span><\/p>\n<p><span style=\"font-family: arial, helvetica, sans-serif;font-size: 12pt\">Las buenas pr\u00e1cticas compartidas se centraron en el uso de la radio escolar, reciclaje y sostenibilidad en el espacio escolar, y el tratamiento del ruido en relaci\u00f3n con la salud y la vida escolar. Nuestro colegio abog\u00f3 por el uso del v\u00eddeo y el cine para reflexionar sobre la inclusi\u00f3n en el \u00e1mbito educativo. En relaci\u00f3n con esta propuesta, present\u00f3 el cortometraje <a href=\"https:\/\/drive.google.com\/file\/d\/1WdSVkW_5ZnoTKshMsMExe5OQrR7iNkzf\/view?usp=sharing\" target=\"_blank\" rel=\"noopener\">\u00abPara m\u00ed la inclusi\u00f3n es&#8230;\u00bb<\/a>, que recientemente mereci\u00f3 el reconocimiento de los centros educativos participantes en la <a href=\"https:\/\/blogsaverroes.juntadeandalucia.es\/ceip-severo-ochoa\/la-feria-intercentros-2025\/\" target=\"_blank\" rel=\"noopener\">RAEEP del distrito de Bail\u00e9n-Miraflores<\/a>.<\/span><\/p>\n<p><span style=\"font-family: arial, helvetica, sans-serif;font-size: 12pt\">La gala de entrega de reconocimientos fue dirigida con maestr\u00eda, cercan\u00eda y buen humor por <a href=\"https:\/\/www.facebook.com\/fernando.grima\/?locale=es_LA\" target=\"_blank\" rel=\"noopener\">Fernando Grima<\/a>. En un ambiente muy agradable, todos tuvimos oportunidad de compartir nuestros logros escolares y disfrutamos de una estupenda y divertida ma\u00f1ana, compartiendo ideas, sue\u00f1os y productos finales.<br \/>\n<\/span><\/p>\n<p><span style=\"font-family: arial, helvetica, sans-serif;font-size: 12pt\">Previamente, M\u00f3nica De Lorenzo-C\u00e1ceres (directora de nuestro colegio) y Luis L\u00f3pez-Cano (maestro del centro) hab\u00edan sido entrevistados telef\u00f3nicamente por Fernando Grima. Durante esta charla se trataron aspectos relacionados con nuestra realidad educativa y el uso de la codocencia como estrategia para fomentar la mejora en el aprendizaje y la inclusi\u00f3n escolar. Puedes escuchar el contenido de la entrevista siguiendo <a href=\"https:\/\/destacando.es\/2025\/05\/26\/entrevista-a-luis-lopez-cano-y-monica-de-lorenzo-ceip-severo-ochoa-malaga\/\" target=\"_blank\" rel=\"noopener\">este enlace<\/a>.<\/span><\/p>\n<p><span style=\"font-family: arial, helvetica, sans-serif;font-size: 12pt\">El centro educativo quiere agradecer a Mabel Garc\u00eda y Fernando Grima su labor encaminada a la difusi\u00f3n de buenas pr\u00e1cticas educativas por todo el territorio nacional. Esperamos que quer\u00e1is volver a contar con nuestra comunidad educativa para vuestros pr\u00f3ximos eventos.<\/span><br \/>\n[\/et_pb_text][et_pb_toggle _builder_version=&#8221;4.24.2&#8243; _module_preset=&#8221;default&#8221; title=&#8221;Lectura f\u00e1cil&#8221; icon_color=&#8221;#0C71C3&#8243; toggle_icon=&#8221;&#xf518;||fa||900&#8243; use_icon_font_size=&#8221;on&#8221; icon_font_size=&#8221;20px&#8221; hover_enabled=&#8221;0&#8243; sticky_enabled=&#8221;0&#8243;]<\/p>\n<p>&nbsp;<\/p>\n<p data-start=\"176\" data-end=\"253\"><span style=\"font-size: 18pt\"><strong data-start=\"176\" data-end=\"253\">Nuestro colegio participa en una gala sobre buenas pr\u00e1cticas en Educaci\u00f3n<\/strong><\/span><\/p>\n<p data-start=\"255\" data-end=\"366\">El martes pasado se celebr\u00f3 una gala en La T\u00e9rmica.<br data-start=\"306\" data-end=\"309\">El objetivo era compartir buenas ideas sobre Educaci\u00f3n.<\/p>\n<p data-start=\"368\" data-end=\"409\">Participaron varios colegios de M\u00e1laga:<\/p>\n<ul data-start=\"410\" data-end=\"532\">\n<li data-start=\"410\" data-end=\"425\">\n<p data-start=\"412\" data-end=\"425\">La Asunci\u00f3n<\/p>\n<\/li>\n<li data-start=\"426\" data-end=\"450\">\n<p data-start=\"428\" data-end=\"450\">CEIP Clara Campoamor<\/p>\n<\/li>\n<li data-start=\"451\" data-end=\"472\">\n<p data-start=\"453\" data-end=\"472\">IES Pablo Picasso<\/p>\n<\/li>\n<li data-start=\"473\" data-end=\"497\">\n<p data-start=\"475\" data-end=\"497\">Platero Green School<\/p>\n<\/li>\n<li data-start=\"498\" data-end=\"532\">\n<p data-start=\"500\" data-end=\"532\">Y tambi\u00e9n <strong data-start=\"510\" data-end=\"529\">nuestro colegio<\/strong>.<\/p>\n<\/li>\n<\/ul>\n<p data-start=\"534\" data-end=\"608\">En la gala, cada centro explic\u00f3 sus proyectos.<br data-start=\"580\" data-end=\"583\">Algunos hablaron sobre:<\/p>\n<ul data-start=\"609\" data-end=\"730\">\n<li data-start=\"609\" data-end=\"629\">\n<p data-start=\"611\" data-end=\"629\">La radio escolar<\/p>\n<\/li>\n<li data-start=\"630\" data-end=\"678\">\n<p data-start=\"632\" data-end=\"678\">El reciclaje y el cuidado del medio ambiente<\/p>\n<\/li>\n<li data-start=\"679\" data-end=\"730\">\n<p data-start=\"681\" data-end=\"730\">El ruido y c\u00f3mo afecta a la salud en la escuela<\/p>\n<\/li>\n<\/ul>\n<p data-start=\"732\" data-end=\"1021\"><strong data-start=\"732\" data-end=\"789\">Nuestro colegio present\u00f3 un proyecto sobre inclusi\u00f3n.<\/strong><br data-start=\"789\" data-end=\"792\">Hablamos de c\u00f3mo usar el cine y el v\u00eddeo para pensar sobre la inclusi\u00f3n.<br data-start=\"864\" data-end=\"867\">Mostramos un cortometraje titulado <em data-start=\"902\" data-end=\"932\">\u201cPara m\u00ed la inclusi\u00f3n es&#8230;\u201d<\/em>.<br data-start=\"933\" data-end=\"936\">Este v\u00eddeo ha sido reconocido por otros colegios del distrito de Bail\u00e9n-Miraflores.<\/p>\n<p data-start=\"1023\" data-end=\"1240\">La gala fue presentada por Fernando Grima.<br data-start=\"1065\" data-end=\"1068\">Lo hizo con alegr\u00eda, simpat\u00eda y mucho humor.<br data-start=\"1112\" data-end=\"1115\">El ambiente fue muy bueno.<br data-start=\"1141\" data-end=\"1144\">Todos compartimos nuestras ideas, trabajos y sue\u00f1os.<br data-start=\"1196\" data-end=\"1199\">Fue una ma\u00f1ana divertida e interesante.<\/p>\n<p data-start=\"1242\" data-end=\"1303\">Antes de la gala, Fernando Grima entrevist\u00f3 por tel\u00e9fono a:<\/p>\n<ul data-start=\"1304\" data-end=\"1398\">\n<li data-start=\"1304\" data-end=\"1357\">\n<p data-start=\"1306\" data-end=\"1357\">M\u00f3nica De Lorenzo-C\u00e1ceres (directora del colegio)<\/p>\n<\/li>\n<li data-start=\"1358\" data-end=\"1398\">\n<p data-start=\"1360\" data-end=\"1398\">Luis L\u00f3pez-Cano (maestro del centro)<\/p>\n<\/li>\n<\/ul>\n<p data-start=\"1400\" data-end=\"1662\">Hablaron sobre c\u00f3mo trabajamos en nuestro colegio.<br data-start=\"1450\" data-end=\"1453\">Tambi\u00e9n explicaron c\u00f3mo usamos la codocencia.<br data-start=\"1498\" data-end=\"1501\">La codocencia es cuando dos profesores trabajan juntos en clase.<br data-start=\"1565\" data-end=\"1568\">As\u00ed se mejora el aprendizaje y la inclusi\u00f3n.<br data-start=\"1612\" data-end=\"1615\">Puedes escuchar la entrevista en este enlace.<\/p>\n<p data-start=\"1664\" data-end=\"1710\">Desde el colegio queremos dar las gracias a:<\/p>\n<ul data-start=\"1711\" data-end=\"1746\">\n<li data-start=\"1711\" data-end=\"1727\">\n<p data-start=\"1713\" data-end=\"1727\">Mabel Garc\u00eda<\/p>\n<\/li>\n<li data-start=\"1728\" data-end=\"1746\">\n<p data-start=\"1730\" data-end=\"1746\">Fernando Grima<\/p>\n<\/li>\n<\/ul>\n<p data-start=\"1748\" data-end=\"1856\">Gracias por ayudar a compartir buenas pr\u00e1cticas educativas.<br data-start=\"1807\" data-end=\"1810\">Esperamos participar en m\u00e1s eventos como este.<\/p>\n<p>&nbsp;<\/p>\n<p>[\/et_pb_toggle][\/et_pb_column][\/et_pb_row][\/et_pb_section]<\/p>\n","protected":false},"excerpt":{"rendered":"<p>Destacando celebr\u00f3 el martes pasado en La T\u00e9rmica su gala de difusi\u00f3n de buenas pr\u00e1cticas en Educaci\u00f3n. Nuestro colegio fue uno de los centros educativos malague\u00f1os participantes, junto con La Asunci\u00f3n, el CEIP Clara Campoamor, el IES Pablo Picasso y Platero Green School. Las buenas pr\u00e1cticas compartidas se centraron en el uso de la radio [&hellip;]<\/p>\n","protected":false},"author":15140,"featured_media":1917,"comment_status":"open","ping_status":"open","sticky":false,"template":"","format":"standard","meta":{"_et_pb_use_builder":"on","_et_pb_old_content":"<p><span style=\"font-family: arial, helvetica, sans-serif; font-size: 12pt;\"><a href=\"https:\/\/destacando.es\/\" target=\"_blank\" rel=\"noopener\">Destacando<\/a> celebr\u00f3 el martes pasado en <a href=\"https:\/\/latermicamalaga.com\/\" target=\"_blank\" rel=\"noopener\">La T\u00e9rmica<\/a> su gala de difusi\u00f3n de buenas pr\u00e1cticas en Educaci\u00f3n. Nuestro colegio fue uno de los centros educativos malague\u00f1os participantes, junto con <a href=\"https:\/\/asuncionmalaga.es\/\" target=\"_blank\" rel=\"noopener\">La Asunci\u00f3n<\/a>, el <a href=\"https:\/\/ceipclaracampoamormalaga.es\/\" target=\"_blank\" rel=\"noopener\">CEIP Clara Campoamor<\/a>, el <a href=\"https:\/\/fpiespablopicasso.es\/\" target=\"_blank\" rel=\"noopener\">IES Pablo Picasso<\/a> y <a href=\"http:\/\/www.platerogreenschool.es\/portal\/home;jsessionid=9996FBCFE8F046B1C723713952F6FA48\" target=\"_blank\" rel=\"noopener\">Platero Green School<\/a>.<\/span><\/p><p><span style=\"font-family: arial, helvetica, sans-serif; font-size: 12pt;\">Las buenas pr\u00e1cticas compartidas se centraron en el uso de la radio escolar, reciclaje y sostenibilidad en el espacio escolar, y el tratamiento del ruido en relaci\u00f3n con la salud y la vida escolar. Nuestro colegio abog\u00f3 por el uso del v\u00eddeo y el cine para reflexionar sobre la inclusi\u00f3n en el \u00e1mbito educativo. En relaci\u00f3n con esta propuesta, present\u00f3 el cortometraje <a href=\"https:\/\/drive.google.com\/file\/d\/1WdSVkW_5ZnoTKshMsMExe5OQrR7iNkzf\/view?usp=sharing\" target=\"_blank\" rel=\"noopener\">\u00abPara m\u00ed la inclusi\u00f3n es...\u00bb<\/a>, que recientemente mereci\u00f3 el reconocimiento de los centros educativos participantes en la <a href=\"https:\/\/blogsaverroes.juntadeandalucia.es\/ceip-severo-ochoa\/la-feria-intercentros-2025\/\" target=\"_blank\" rel=\"noopener\">RAEEP del distrito de Bail\u00e9n-Miraflores<\/a>.<\/span><\/p><p><span style=\"font-family: arial, helvetica, sans-serif; font-size: 12pt;\">La gala de entrega de reconocimientos fue dirigida con maestr\u00eda, cercan\u00eda y buen humor por <a href=\"https:\/\/www.facebook.com\/fernando.grima\/?locale=es_LA\" target=\"_blank\" rel=\"noopener\">Fernando Grima<\/a>. En un ambiente muy agradable, todos tuvimos oportunidad de compartir nuestros logros escolares y disfrutamos de una estupenda y divertida ma\u00f1ana, compartiendo ideas, sue\u00f1os y productos finales.<br><\/span><\/p><p><span style=\"font-family: arial, helvetica, sans-serif; font-size: 12pt;\">Previamente, M\u00f3nica De Lorenzo-C\u00e1ceres (directora de nuestro colegio) y Luis L\u00f3pez-Cano (maestro del centro) hab\u00edan sido entrevistados telef\u00f3nicamente por Fernando Grima. Durante esta charla se trataron aspectos relacionados con nuestra realidad educativa y el uso de la codocencia como estrategia para fomentar la mejora en el aprendizaje y la inclusi\u00f3n escolar. Puedes escuchar el contenido de la entrevista siguiendo <a href=\"https:\/\/destacando.es\/2025\/05\/26\/entrevista-a-luis-lopez-cano-y-monica-de-lorenzo-ceip-severo-ochoa-malaga\/\" target=\"_blank\" rel=\"noopener\">este enlace<\/a>.<\/span><\/p><p><span style=\"font-family: arial, helvetica, sans-serif; font-size: 12pt;\">El centro educativo quiere agradecer a Mabel Garc\u00eda y Fernando Grima su labor encaminada a la difusi\u00f3n de buenas pr\u00e1cticas educativas por todo el territorio nacional. Esperamos que quer\u00e1is volver a contar con nuestra comunidad educativa para vuestros pr\u00f3ximos eventos.<\/span><\/p>","_et_gb_content_width":"","ngg_post_thumbnail":0,"footnotes":""},"categories":[69,62,6,4,5],"tags":[72,73,70,74,71,24],"aioseo_notices":[],"_links":{"self":[{"href":"https:\/\/blogsaverroes.juntadeandalucia.es\/ceip-severo-ochoa\/wp-json\/wp\/v2\/posts\/1910"}],"collection":[{"href":"https:\/\/blogsaverroes.juntadeandalucia.es\/ceip-severo-ochoa\/wp-json\/wp\/v2\/posts"}],"about":[{"href":"https:\/\/blogsaverroes.juntadeandalucia.es\/ceip-severo-ochoa\/wp-json\/wp\/v2\/types\/post"}],"author":[{"embeddable":true,"href":"https:\/\/blogsaverroes.juntadeandalucia.es\/ceip-severo-ochoa\/wp-json\/wp\/v2\/users\/15140"}],"replies":[{"embeddable":true,"href":"https:\/\/blogsaverroes.juntadeandalucia.es\/ceip-severo-ochoa\/wp-json\/wp\/v2\/comments?post=1910"}],"version-history":[{"count":7,"href":"https:\/\/blogsaverroes.juntadeandalucia.es\/ceip-severo-ochoa\/wp-json\/wp\/v2\/posts\/1910\/revisions"}],"predecessor-version":[{"id":1921,"href":"https:\/\/blogsaverroes.juntadeandalucia.es\/ceip-severo-ochoa\/wp-json\/wp\/v2\/posts\/1910\/revisions\/1921"}],"wp:featuredmedia":[{"embeddable":true,"href":"https:\/\/blogsaverroes.juntadeandalucia.es\/ceip-severo-ochoa\/wp-json\/wp\/v2\/media\/1917"}],"wp:attachment":[{"href":"https:\/\/blogsaverroes.juntadeandalucia.es\/ceip-severo-ochoa\/wp-json\/wp\/v2\/media?parent=1910"}],"wp:term":[{"taxonomy":"category","embeddable":true,"href":"https:\/\/blogsaverroes.juntadeandalucia.es\/ceip-severo-ochoa\/wp-json\/wp\/v2\/categories?post=1910"},{"taxonomy":"post_tag","embeddable":true,"href":"https:\/\/blogsaverroes.juntadeandalucia.es\/ceip-severo-ochoa\/wp-json\/wp\/v2\/tags?post=1910"}],"curies":[{"name":"wp","href":"https:\/\/api.w.org\/{rel}","templated":true}]}}