{"id":1078,"date":"2025-11-22T20:05:52","date_gmt":"2025-11-22T19:05:52","guid":{"rendered":"https:\/\/blogsaverroes.juntadeandalucia.es\/ceip-virgen-de-la-fuensanta\/?p=1078"},"modified":"2025-11-22T20:12:25","modified_gmt":"2025-11-22T19:12:25","slug":"musical-la-bella-y-la-bestia","status":"publish","type":"post","link":"https:\/\/blogsaverroes.juntadeandalucia.es\/ceip-virgen-de-la-fuensanta\/musical-la-bella-y-la-bestia\/","title":{"rendered":"Musical &#8221; La Bella y la Bestia&#8221;"},"content":{"rendered":"<p>El pasado mi\u00e9rcoles 12 de noviembre, el alumnado de nuestro centro, pudo disfrutar del musical<\/p>\n<p>&#8221; La bella y la Bestia&#8221;&nbsp; que se represent\u00f3 en el Aula Magna de la universidad de Ja\u00e9n.<\/p>\n<p>Fue una oportunidad \u00fanica de acercar a nuestros alumnos al concepto de espect\u00e1culo musical.<\/p>\n<p>ngg_shortcode_0_placeholder<div style=\"width: 848px;\" class=\"wp-video\"><!--[if lt IE 9]><script>document.createElement('video');<\/script><![endif]-->\n<video class=\"wp-video-shortcode\" id=\"video-1078-1\" width=\"848\" height=\"478\" preload=\"metadata\" controls=\"controls\"><source type=\"video\/mp4\" src=\"https:\/\/blogsaverroes.juntadeandalucia.es\/ceip-virgen-de-la-fuensanta\/files\/2025\/11\/WhatsApp-Video-2025-11-20-at-08.46.03.mp4?_=1\" \/><a href=\"https:\/\/blogsaverroes.juntadeandalucia.es\/ceip-virgen-de-la-fuensanta\/files\/2025\/11\/WhatsApp-Video-2025-11-20-at-08.46.03.mp4\">https:\/\/blogsaverroes.juntadeandalucia.es\/ceip-virgen-de-la-fuensanta\/files\/2025\/11\/WhatsApp-Video-2025-11-20-at-08.46.03.mp4<\/a><\/video><\/div><\/p>\n","protected":false},"excerpt":{"rendered":"<p>El pasado mi\u00e9rcoles 12 de noviembre, el alumnado de nuestro centro, pudo disfrutar del musical &#8221; La bella y la Bestia&#8221;&nbsp; que se represent\u00f3 en el Aula Magna de la universidad de Ja\u00e9n. Fue una oportunidad \u00fanica de acercar a nuestros alumnos al concepto de espect\u00e1culo musical.<\/p>\n","protected":false},"author":13304,"featured_media":1090,"comment_status":"closed","ping_status":"open","sticky":false,"template":"","format":"standard","meta":{"ngg_post_thumbnail":0,"footnotes":""},"categories":[1],"tags":[],"aioseo_notices":[],"_links":{"self":[{"href":"https:\/\/blogsaverroes.juntadeandalucia.es\/ceip-virgen-de-la-fuensanta\/wp-json\/wp\/v2\/posts\/1078"}],"collection":[{"href":"https:\/\/blogsaverroes.juntadeandalucia.es\/ceip-virgen-de-la-fuensanta\/wp-json\/wp\/v2\/posts"}],"about":[{"href":"https:\/\/blogsaverroes.juntadeandalucia.es\/ceip-virgen-de-la-fuensanta\/wp-json\/wp\/v2\/types\/post"}],"author":[{"embeddable":true,"href":"https:\/\/blogsaverroes.juntadeandalucia.es\/ceip-virgen-de-la-fuensanta\/wp-json\/wp\/v2\/users\/13304"}],"replies":[{"embeddable":true,"href":"https:\/\/blogsaverroes.juntadeandalucia.es\/ceip-virgen-de-la-fuensanta\/wp-json\/wp\/v2\/comments?post=1078"}],"version-history":[{"count":4,"href":"https:\/\/blogsaverroes.juntadeandalucia.es\/ceip-virgen-de-la-fuensanta\/wp-json\/wp\/v2\/posts\/1078\/revisions"}],"predecessor-version":[{"id":1092,"href":"https:\/\/blogsaverroes.juntadeandalucia.es\/ceip-virgen-de-la-fuensanta\/wp-json\/wp\/v2\/posts\/1078\/revisions\/1092"}],"wp:featuredmedia":[{"embeddable":true,"href":"https:\/\/blogsaverroes.juntadeandalucia.es\/ceip-virgen-de-la-fuensanta\/wp-json\/wp\/v2\/media\/1090"}],"wp:attachment":[{"href":"https:\/\/blogsaverroes.juntadeandalucia.es\/ceip-virgen-de-la-fuensanta\/wp-json\/wp\/v2\/media?parent=1078"}],"wp:term":[{"taxonomy":"category","embeddable":true,"href":"https:\/\/blogsaverroes.juntadeandalucia.es\/ceip-virgen-de-la-fuensanta\/wp-json\/wp\/v2\/categories?post=1078"},{"taxonomy":"post_tag","embeddable":true,"href":"https:\/\/blogsaverroes.juntadeandalucia.es\/ceip-virgen-de-la-fuensanta\/wp-json\/wp\/v2\/tags?post=1078"}],"curies":[{"name":"wp","href":"https:\/\/api.w.org\/{rel}","templated":true}]}}