{"id":1093,"date":"2025-11-25T09:48:04","date_gmt":"2025-11-25T08:48:04","guid":{"rendered":"https:\/\/blogsaverroes.juntadeandalucia.es\/ceip-virgen-de-la-fuensanta\/?p=1093"},"modified":"2025-11-26T15:52:58","modified_gmt":"2025-11-26T14:52:58","slug":"25-noviembre-dia-internacional-de-la-eliminacion-de-la-violencia-contra-la-mujer","status":"publish","type":"post","link":"https:\/\/blogsaverroes.juntadeandalucia.es\/ceip-virgen-de-la-fuensanta\/25-noviembre-dia-internacional-de-la-eliminacion-de-la-violencia-contra-la-mujer\/","title":{"rendered":"25 noviembre &#8221; D\u00eda Internacional de la Eliminaci\u00f3n de la Violencia contra la Mujer&#8221;"},"content":{"rendered":"<p>Galer\u00eda de imagenes.&nbsp;<\/p>\n<p><a href=\"https:\/\/drive.google.com\/file\/d\/1H_QzWyKpTv6JuiKaqta9DEY-x62RDjku\/view?usp=sharing\">Video<\/a> sobre la actividad.<\/p>\n<p><a href=\"https:\/\/drive.google.com\/file\/d\/1H_QzWyKpTv6JuiKaqta9DEY-x62RDjku\/view?usp=sharing\"><img decoding=\"async\" class=\"alignleft size-full wp-image-1125\" src=\"https:\/\/blogsaverroes.juntadeandalucia.es\/ceip-virgen-de-la-fuensanta\/files\/2025\/11\/video.jpg\" alt=\"\" width=\"170\" height=\"57\"><\/a><\/p>\n<p>Click aqu\u00ed.<\/p>\n<p>&nbsp;<\/p>\nngg_shortcode_0_placeholder\n","protected":false},"excerpt":{"rendered":"<p>Galer\u00eda de imagenes.&nbsp; Video sobre la actividad. Click aqu\u00ed. &nbsp; &nbsp;<\/p>\n","protected":false},"author":13304,"featured_media":1122,"comment_status":"closed","ping_status":"open","sticky":false,"template":"","format":"standard","meta":{"ngg_post_thumbnail":0,"footnotes":""},"categories":[1],"tags":[],"aioseo_notices":[],"_links":{"self":[{"href":"https:\/\/blogsaverroes.juntadeandalucia.es\/ceip-virgen-de-la-fuensanta\/wp-json\/wp\/v2\/posts\/1093"}],"collection":[{"href":"https:\/\/blogsaverroes.juntadeandalucia.es\/ceip-virgen-de-la-fuensanta\/wp-json\/wp\/v2\/posts"}],"about":[{"href":"https:\/\/blogsaverroes.juntadeandalucia.es\/ceip-virgen-de-la-fuensanta\/wp-json\/wp\/v2\/types\/post"}],"author":[{"embeddable":true,"href":"https:\/\/blogsaverroes.juntadeandalucia.es\/ceip-virgen-de-la-fuensanta\/wp-json\/wp\/v2\/users\/13304"}],"replies":[{"embeddable":true,"href":"https:\/\/blogsaverroes.juntadeandalucia.es\/ceip-virgen-de-la-fuensanta\/wp-json\/wp\/v2\/comments?post=1093"}],"version-history":[{"count":7,"href":"https:\/\/blogsaverroes.juntadeandalucia.es\/ceip-virgen-de-la-fuensanta\/wp-json\/wp\/v2\/posts\/1093\/revisions"}],"predecessor-version":[{"id":1127,"href":"https:\/\/blogsaverroes.juntadeandalucia.es\/ceip-virgen-de-la-fuensanta\/wp-json\/wp\/v2\/posts\/1093\/revisions\/1127"}],"wp:featuredmedia":[{"embeddable":true,"href":"https:\/\/blogsaverroes.juntadeandalucia.es\/ceip-virgen-de-la-fuensanta\/wp-json\/wp\/v2\/media\/1122"}],"wp:attachment":[{"href":"https:\/\/blogsaverroes.juntadeandalucia.es\/ceip-virgen-de-la-fuensanta\/wp-json\/wp\/v2\/media?parent=1093"}],"wp:term":[{"taxonomy":"category","embeddable":true,"href":"https:\/\/blogsaverroes.juntadeandalucia.es\/ceip-virgen-de-la-fuensanta\/wp-json\/wp\/v2\/categories?post=1093"},{"taxonomy":"post_tag","embeddable":true,"href":"https:\/\/blogsaverroes.juntadeandalucia.es\/ceip-virgen-de-la-fuensanta\/wp-json\/wp\/v2\/tags?post=1093"}],"curies":[{"name":"wp","href":"https:\/\/api.w.org\/{rel}","templated":true}]}}