{"id":2969,"date":"2019-05-29T09:50:41","date_gmt":"2019-05-29T09:50:41","guid":{"rendered":"http:\/\/blogsaverroes.juntadeandalucia.es\/ceipabardela\/?p=2969"},"modified":"2019-05-29T11:10:28","modified_gmt":"2019-05-29T11:10:28","slug":"hasta-el-infinito-y-mas-alla","status":"publish","type":"post","link":"https:\/\/blogsaverroes.juntadeandalucia.es\/ceipabardela\/hasta-el-infinito-y-mas-alla\/","title":{"rendered":"Hasta el infinito y m\u00e1s all\u00e1."},"content":{"rendered":"<p>Recorramos los verdes valles de la primavera en nuestra sierra y en las faldas de nuestro pueblo, ascendamos a las altas monta\u00f1as buscando grandes atalayas de observancia del horizonte, busquemos sitios secretos llenos de vida desde hace miles de a\u00f1os. Sencillamente, sint\u00e1monos vivos, porque nuestra vida pende de la valent\u00eda con que la afrontemos,&#8230; como cualquier tarde de Profundiza.<\/p>\n<p>Escalar, buscar cuevas, deleitarnos con el horizonte, acercarnos a la salvaje naturaleza de quien huye de nosotros,&#8230; que m\u00e1s se puede pedir,.. y a solo unos metros de casa.<\/p>\n<p><img loading=\"lazy\" decoding=\"async\" class=\"aligncenter size-large wp-image-2970\" src=\"https:\/\/blogsaverroes.juntadeandalucia.es\/ceipabardela\/files\/2019\/05\/PRO1-768x1024.jpg\" alt=\"\" width=\"768\" height=\"1024\" srcset=\"https:\/\/blogsaverroes.juntadeandalucia.es\/ceipabardela\/files\/2019\/05\/PRO1.jpg 768w, https:\/\/blogsaverroes.juntadeandalucia.es\/ceipabardela\/files\/2019\/05\/PRO1-225x300.jpg 225w, https:\/\/blogsaverroes.juntadeandalucia.es\/ceipabardela\/files\/2019\/05\/PRO1-18x24.jpg 18w, https:\/\/blogsaverroes.juntadeandalucia.es\/ceipabardela\/files\/2019\/05\/PRO1-27x36.jpg 27w, https:\/\/blogsaverroes.juntadeandalucia.es\/ceipabardela\/files\/2019\/05\/PRO1-36x48.jpg 36w\" sizes=\"(max-width: 768px) 100vw, 768px\" \/> <img loading=\"lazy\" decoding=\"async\" class=\"aligncenter size-large wp-image-2971\" src=\"https:\/\/blogsaverroes.juntadeandalucia.es\/ceipabardela\/files\/2019\/05\/PRO2-768x1024.jpg\" alt=\"\" width=\"768\" height=\"1024\" srcset=\"https:\/\/blogsaverroes.juntadeandalucia.es\/ceipabardela\/files\/2019\/05\/PRO2.jpg 768w, https:\/\/blogsaverroes.juntadeandalucia.es\/ceipabardela\/files\/2019\/05\/PRO2-225x300.jpg 225w, https:\/\/blogsaverroes.juntadeandalucia.es\/ceipabardela\/files\/2019\/05\/PRO2-18x24.jpg 18w, https:\/\/blogsaverroes.juntadeandalucia.es\/ceipabardela\/files\/2019\/05\/PRO2-27x36.jpg 27w, https:\/\/blogsaverroes.juntadeandalucia.es\/ceipabardela\/files\/2019\/05\/PRO2-36x48.jpg 36w\" sizes=\"(max-width: 768px) 100vw, 768px\" \/> <img loading=\"lazy\" decoding=\"async\" class=\"aligncenter size-large wp-image-2972\" src=\"https:\/\/blogsaverroes.juntadeandalucia.es\/ceipabardela\/files\/2019\/05\/PRO3-768x1024.jpg\" alt=\"\" width=\"768\" height=\"1024\" srcset=\"https:\/\/blogsaverroes.juntadeandalucia.es\/ceipabardela\/files\/2019\/05\/PRO3.jpg 768w, https:\/\/blogsaverroes.juntadeandalucia.es\/ceipabardela\/files\/2019\/05\/PRO3-225x300.jpg 225w, https:\/\/blogsaverroes.juntadeandalucia.es\/ceipabardela\/files\/2019\/05\/PRO3-18x24.jpg 18w, https:\/\/blogsaverroes.juntadeandalucia.es\/ceipabardela\/files\/2019\/05\/PRO3-27x36.jpg 27w, https:\/\/blogsaverroes.juntadeandalucia.es\/ceipabardela\/files\/2019\/05\/PRO3-36x48.jpg 36w\" sizes=\"(max-width: 768px) 100vw, 768px\" \/> <img loading=\"lazy\" decoding=\"async\" class=\"aligncenter size-large wp-image-2973\" src=\"https:\/\/blogsaverroes.juntadeandalucia.es\/ceipabardela\/files\/2019\/05\/PRO4-768x1024.jpg\" alt=\"\" width=\"768\" height=\"1024\" srcset=\"https:\/\/blogsaverroes.juntadeandalucia.es\/ceipabardela\/files\/2019\/05\/PRO4.jpg 768w, https:\/\/blogsaverroes.juntadeandalucia.es\/ceipabardela\/files\/2019\/05\/PRO4-225x300.jpg 225w, https:\/\/blogsaverroes.juntadeandalucia.es\/ceipabardela\/files\/2019\/05\/PRO4-18x24.jpg 18w, https:\/\/blogsaverroes.juntadeandalucia.es\/ceipabardela\/files\/2019\/05\/PRO4-27x36.jpg 27w, https:\/\/blogsaverroes.juntadeandalucia.es\/ceipabardela\/files\/2019\/05\/PRO4-36x48.jpg 36w\" sizes=\"(max-width: 768px) 100vw, 768px\" \/> <img loading=\"lazy\" decoding=\"async\" class=\"aligncenter size-large wp-image-2975\" src=\"https:\/\/blogsaverroes.juntadeandalucia.es\/ceipabardela\/files\/2019\/05\/PRO6-1024x768.jpg\" alt=\"\" width=\"1024\" height=\"768\" srcset=\"https:\/\/blogsaverroes.juntadeandalucia.es\/ceipabardela\/files\/2019\/05\/PRO6.jpg 1024w, https:\/\/blogsaverroes.juntadeandalucia.es\/ceipabardela\/files\/2019\/05\/PRO6-300x225.jpg 300w, https:\/\/blogsaverroes.juntadeandalucia.es\/ceipabardela\/files\/2019\/05\/PRO6-768x576.jpg 768w, https:\/\/blogsaverroes.juntadeandalucia.es\/ceipabardela\/files\/2019\/05\/PRO6-24x18.jpg 24w, https:\/\/blogsaverroes.juntadeandalucia.es\/ceipabardela\/files\/2019\/05\/PRO6-36x27.jpg 36w, https:\/\/blogsaverroes.juntadeandalucia.es\/ceipabardela\/files\/2019\/05\/PRO6-48x36.jpg 48w\" sizes=\"(max-width: 1024px) 100vw, 1024px\" \/><\/p>\n<p>&nbsp;<\/p>\n","protected":false},"excerpt":{"rendered":"<p>Recorramos los verdes valles de la primavera en nuestra sierra y en las faldas de nuestro pueblo, ascendamos a las altas monta\u00f1as buscando grandes atalayas de observancia del horizonte, busquemos sitios secretos llenos de&#46;&#46;&#46;<\/p>\n","protected":false},"author":4280,"featured_media":2975,"comment_status":"open","ping_status":"open","sticky":false,"template":"","format":"standard","meta":{"ngg_post_thumbnail":0,"footnotes":""},"categories":[5991,1925,1110,8048],"tags":[],"aioseo_notices":[],"_links":{"self":[{"href":"https:\/\/blogsaverroes.juntadeandalucia.es\/ceipabardela\/wp-json\/wp\/v2\/posts\/2969"}],"collection":[{"href":"https:\/\/blogsaverroes.juntadeandalucia.es\/ceipabardela\/wp-json\/wp\/v2\/posts"}],"about":[{"href":"https:\/\/blogsaverroes.juntadeandalucia.es\/ceipabardela\/wp-json\/wp\/v2\/types\/post"}],"author":[{"embeddable":true,"href":"https:\/\/blogsaverroes.juntadeandalucia.es\/ceipabardela\/wp-json\/wp\/v2\/users\/4280"}],"replies":[{"embeddable":true,"href":"https:\/\/blogsaverroes.juntadeandalucia.es\/ceipabardela\/wp-json\/wp\/v2\/comments?post=2969"}],"version-history":[{"count":4,"href":"https:\/\/blogsaverroes.juntadeandalucia.es\/ceipabardela\/wp-json\/wp\/v2\/posts\/2969\/revisions"}],"predecessor-version":[{"id":2979,"href":"https:\/\/blogsaverroes.juntadeandalucia.es\/ceipabardela\/wp-json\/wp\/v2\/posts\/2969\/revisions\/2979"}],"wp:featuredmedia":[{"embeddable":true,"href":"https:\/\/blogsaverroes.juntadeandalucia.es\/ceipabardela\/wp-json\/wp\/v2\/media\/2975"}],"wp:attachment":[{"href":"https:\/\/blogsaverroes.juntadeandalucia.es\/ceipabardela\/wp-json\/wp\/v2\/media?parent=2969"}],"wp:term":[{"taxonomy":"category","embeddable":true,"href":"https:\/\/blogsaverroes.juntadeandalucia.es\/ceipabardela\/wp-json\/wp\/v2\/categories?post=2969"},{"taxonomy":"post_tag","embeddable":true,"href":"https:\/\/blogsaverroes.juntadeandalucia.es\/ceipabardela\/wp-json\/wp\/v2\/tags?post=2969"}],"curies":[{"name":"wp","href":"https:\/\/api.w.org\/{rel}","templated":true}]}}