{"id":3626,"date":"2020-06-30T11:59:21","date_gmt":"2020-06-30T11:59:21","guid":{"rendered":"http:\/\/blogsaverroes.juntadeandalucia.es\/ceipabardela\/?p=3626"},"modified":"2020-06-30T11:59:21","modified_gmt":"2020-06-30T11:59:21","slug":"estreno-pirata","status":"publish","type":"post","link":"https:\/\/blogsaverroes.juntadeandalucia.es\/ceipabardela\/estreno-pirata\/","title":{"rendered":"Estreno Pirata"},"content":{"rendered":"<p>Todas las pel\u00edculas tienen un tiempo de rodaje. Se cuenta con un buen gui\u00f3n, una producci\u00f3n, la direcci\u00f3n, los lugares de rodaje y&#8230;. LOS ACTORES Y ACTRICES.&nbsp;<\/p>\n<p>Durante nueve a\u00f1os estos actores y actrices protagonistas de la pel\u00edcula de sus vidas como estudiantes han aprendido el gui\u00f3n m\u00e1s maravilloso de sus vidas. Se han formado como personas. La pel\u00edcula seguir\u00e1 con los mismos protagonistas, pero el lugar de rodaje cambiar\u00e1.&nbsp;<\/p>\n<p>El <strong>CEIP Abardela<\/strong> ha contado durante nueve cursos (3 de infantil y 6 de primaria) con <strong>ANA, MIGUEL, LEIRE, RA\u00daL Y JUAN JOS\u00c9<\/strong>. Y con un director, Juan Barea,&nbsp; que ha creado con ellos la pel\u00edcula que jam\u00e1s olvidar\u00e1n \u00ab<em><strong>De Grumete a Capit\u00e1n Pirata<\/strong><\/em>\u00ab.&nbsp;<\/p>\n<p>Aqu\u00ed les presentamos el trailer oficial de la gran pel\u00edcula que se estrenar\u00e1 en septiembre.<\/p>\n<p>&nbsp;<\/p>\n<p><iframe loading=\"lazy\" title=\"TRAILER SEXTO - ESTRENO DE LA PEL\u00cdCULA EN SEPTIEMBRE EN LOS GRANDES CINES\" width=\"500\" height=\"281\" src=\"https:\/\/www.youtube.com\/embed\/ia8vaiswiBo?feature=oembed&#038;wmode=opaque\" frameborder=\"0\" allow=\"accelerometer; autoplay; clipboard-write; encrypted-media; gyroscope; picture-in-picture\" allowfullscreen><\/iframe><\/p>\n<p>Se despide hasta el estreno en septiembre, el pirata <strong>El V\u00edbora<\/strong><\/p>\n","protected":false},"excerpt":{"rendered":"<p>Todas las pel\u00edculas tienen un tiempo de rodaje. Se cuenta con un buen gui\u00f3n, una producci\u00f3n, la direcci\u00f3n, los lugares de rodaje y&#8230;. LOS ACTORES Y ACTRICES.&nbsp; Durante nueve a\u00f1os estos actores y actrices&#46;&#46;&#46;<\/p>\n","protected":false},"author":4280,"featured_media":3627,"comment_status":"open","ping_status":"open","sticky":false,"template":"","format":"standard","meta":{"ngg_post_thumbnail":0,"footnotes":""},"categories":[25496,11909,1458772],"tags":[],"aioseo_notices":[],"_links":{"self":[{"href":"https:\/\/blogsaverroes.juntadeandalucia.es\/ceipabardela\/wp-json\/wp\/v2\/posts\/3626"}],"collection":[{"href":"https:\/\/blogsaverroes.juntadeandalucia.es\/ceipabardela\/wp-json\/wp\/v2\/posts"}],"about":[{"href":"https:\/\/blogsaverroes.juntadeandalucia.es\/ceipabardela\/wp-json\/wp\/v2\/types\/post"}],"author":[{"embeddable":true,"href":"https:\/\/blogsaverroes.juntadeandalucia.es\/ceipabardela\/wp-json\/wp\/v2\/users\/4280"}],"replies":[{"embeddable":true,"href":"https:\/\/blogsaverroes.juntadeandalucia.es\/ceipabardela\/wp-json\/wp\/v2\/comments?post=3626"}],"version-history":[{"count":3,"href":"https:\/\/blogsaverroes.juntadeandalucia.es\/ceipabardela\/wp-json\/wp\/v2\/posts\/3626\/revisions"}],"predecessor-version":[{"id":3630,"href":"https:\/\/blogsaverroes.juntadeandalucia.es\/ceipabardela\/wp-json\/wp\/v2\/posts\/3626\/revisions\/3630"}],"wp:featuredmedia":[{"embeddable":true,"href":"https:\/\/blogsaverroes.juntadeandalucia.es\/ceipabardela\/wp-json\/wp\/v2\/media\/3627"}],"wp:attachment":[{"href":"https:\/\/blogsaverroes.juntadeandalucia.es\/ceipabardela\/wp-json\/wp\/v2\/media?parent=3626"}],"wp:term":[{"taxonomy":"category","embeddable":true,"href":"https:\/\/blogsaverroes.juntadeandalucia.es\/ceipabardela\/wp-json\/wp\/v2\/categories?post=3626"},{"taxonomy":"post_tag","embeddable":true,"href":"https:\/\/blogsaverroes.juntadeandalucia.es\/ceipabardela\/wp-json\/wp\/v2\/tags?post=3626"}],"curies":[{"name":"wp","href":"https:\/\/api.w.org\/{rel}","templated":true}]}}