{"id":4283,"date":"2022-01-19T12:20:20","date_gmt":"2022-01-19T12:20:20","guid":{"rendered":"http:\/\/blogsaverroes.juntadeandalucia.es\/ceipabardela\/?p=4283"},"modified":"2022-01-19T12:20:20","modified_gmt":"2022-01-19T12:20:20","slug":"en-busca-de-la-abeja-maya","status":"publish","type":"post","link":"https:\/\/blogsaverroes.juntadeandalucia.es\/ceipabardela\/en-busca-de-la-abeja-maya\/","title":{"rendered":"En busca de la Abeja Maya."},"content":{"rendered":"<p>19 de enero de 2022.<\/p>\n<p>La ma\u00f1ana comienza fr\u00eda con la rutina. Despu\u00e9s los alumnos y alumnas de infantil de Abardela ven un cap\u00edtulo de la Abeja Maya.<\/p>\n<p><img loading=\"lazy\" decoding=\"async\" class=\"wp-image-4284 aligncenter\" src=\"https:\/\/blogsaverroes.juntadeandalucia.es\/ceipabardela\/files\/2022\/01\/1-1024x768.jpeg\" alt=\"\" width=\"660\" height=\"495\" srcset=\"https:\/\/blogsaverroes.juntadeandalucia.es\/ceipabardela\/files\/2022\/01\/1-1024x768.jpeg 1024w, https:\/\/blogsaverroes.juntadeandalucia.es\/ceipabardela\/files\/2022\/01\/1-300x225.jpeg 300w, https:\/\/blogsaverroes.juntadeandalucia.es\/ceipabardela\/files\/2022\/01\/1-768x576.jpeg 768w, https:\/\/blogsaverroes.juntadeandalucia.es\/ceipabardela\/files\/2022\/01\/1-1536x1152.jpeg 1536w, https:\/\/blogsaverroes.juntadeandalucia.es\/ceipabardela\/files\/2022\/01\/1.jpeg 1600w\" sizes=\"(max-width: 660px) 100vw, 660px\" \/><\/p>\n<p>Contagiados por la libertad de la abeja Maya, los alumnos y alumnas deciden escaparse del colegio. (Foto de un dron de la polic\u00eda secreta)<\/p>\n<p><img loading=\"lazy\" decoding=\"async\" class=\"aligncenter  wp-image-4285\" src=\"https:\/\/blogsaverroes.juntadeandalucia.es\/ceipabardela\/files\/2022\/01\/2-1024x768.jpeg\" alt=\"\" width=\"690\" height=\"518\" srcset=\"https:\/\/blogsaverroes.juntadeandalucia.es\/ceipabardela\/files\/2022\/01\/2-1024x768.jpeg 1024w, https:\/\/blogsaverroes.juntadeandalucia.es\/ceipabardela\/files\/2022\/01\/2-300x225.jpeg 300w, https:\/\/blogsaverroes.juntadeandalucia.es\/ceipabardela\/files\/2022\/01\/2-768x576.jpeg 768w, https:\/\/blogsaverroes.juntadeandalucia.es\/ceipabardela\/files\/2022\/01\/2-1536x1152.jpeg 1536w, https:\/\/blogsaverroes.juntadeandalucia.es\/ceipabardela\/files\/2022\/01\/2.jpeg 1600w\" sizes=\"(max-width: 690px) 100vw, 690px\" \/><\/p>\n<p>A lo lejos, observan un \u00e1rbol que parece que est\u00e1 nevado,&#8230; se acercan y o nooooooooo!!!! es un \u00e1rbol en flor, un lugar perfecto para descansar y tomar el desayuno.<\/p>\n<p><img loading=\"lazy\" decoding=\"async\" class=\"aligncenter  wp-image-4286\" src=\"https:\/\/blogsaverroes.juntadeandalucia.es\/ceipabardela\/files\/2022\/01\/3-1024x768.jpeg\" alt=\"\" width=\"719\" height=\"539\" srcset=\"https:\/\/blogsaverroes.juntadeandalucia.es\/ceipabardela\/files\/2022\/01\/3-1024x768.jpeg 1024w, https:\/\/blogsaverroes.juntadeandalucia.es\/ceipabardela\/files\/2022\/01\/3-300x225.jpeg 300w, https:\/\/blogsaverroes.juntadeandalucia.es\/ceipabardela\/files\/2022\/01\/3-768x576.jpeg 768w, https:\/\/blogsaverroes.juntadeandalucia.es\/ceipabardela\/files\/2022\/01\/3-1536x1152.jpeg 1536w, https:\/\/blogsaverroes.juntadeandalucia.es\/ceipabardela\/files\/2022\/01\/3.jpeg 1600w\" sizes=\"(max-width: 719px) 100vw, 719px\" \/><\/p>\n<p>\u00a1Qu\u00e9 \u00e1rbol tan bonito! \u00bfQu\u00e9 \u00e1rbol ser\u00e1?,&#8230; y comienzan a investigar!!!! Cogen sus prism\u00e1ticos de 200 aumentos y,&#8230;..ah\u00ed va!!! parece una almendra!!!! entonces,&#8230;. ser\u00e1 un almendro!!!!<\/p>\n<p><img loading=\"lazy\" decoding=\"async\" class=\"aligncenter  wp-image-4287\" src=\"https:\/\/blogsaverroes.juntadeandalucia.es\/ceipabardela\/files\/2022\/01\/4-768x1024.jpeg\" alt=\"\" width=\"722\" height=\"963\" srcset=\"https:\/\/blogsaverroes.juntadeandalucia.es\/ceipabardela\/files\/2022\/01\/4-768x1024.jpeg 768w, https:\/\/blogsaverroes.juntadeandalucia.es\/ceipabardela\/files\/2022\/01\/4-225x300.jpeg 225w, https:\/\/blogsaverroes.juntadeandalucia.es\/ceipabardela\/files\/2022\/01\/4-1152x1536.jpeg 1152w, https:\/\/blogsaverroes.juntadeandalucia.es\/ceipabardela\/files\/2022\/01\/4.jpeg 1200w\" sizes=\"(max-width: 722px) 100vw, 722px\" \/><\/p>\n<p>Ser\u00e1 entonces que por aqu\u00ed est\u00e1,&#8230; \u00bfla abeja Maya?<\/p>\n<p><img loading=\"lazy\" decoding=\"async\" class=\"aligncenter size-large wp-image-4288\" src=\"https:\/\/blogsaverroes.juntadeandalucia.es\/ceipabardela\/files\/2022\/01\/5-791x1024.jpeg\" alt=\"\" width=\"791\" height=\"1024\" srcset=\"https:\/\/blogsaverroes.juntadeandalucia.es\/ceipabardela\/files\/2022\/01\/5-791x1024.jpeg 791w, https:\/\/blogsaverroes.juntadeandalucia.es\/ceipabardela\/files\/2022\/01\/5-232x300.jpeg 232w, https:\/\/blogsaverroes.juntadeandalucia.es\/ceipabardela\/files\/2022\/01\/5-768x995.jpeg 768w, https:\/\/blogsaverroes.juntadeandalucia.es\/ceipabardela\/files\/2022\/01\/5-1186x1536.jpeg 1186w, https:\/\/blogsaverroes.juntadeandalucia.es\/ceipabardela\/files\/2022\/01\/5.jpeg 1235w\" sizes=\"(max-width: 791px) 100vw, 791px\" \/><\/p>\n<p>&#8230;. Y as\u00ed fue como descubrieron, que la Abeja Maya,&#8230;&#8230;&#8230;&#8230;&#8230;&#8230;&#8230;&#8230;&#8230;&#8230;&#8230;&#8230;&#8230;&#8230;&#8230;&#8230;&#8230;&#8230;&#8230;&#8230;&#8230;&#8230;&#8230;&#8230;&#8230;&#8230;&#8230;&#8230;&#8230;&#8230;..<\/p>\n<h3><strong>ESTABA TRABAJANDO<\/strong>!!!!!!!!!!!!!!!!!!!<\/h3>\n<p>Y este cuento,&#8230;..beeeee,&#8230;.beeeeee,&#8230;beeee,&#8230;.. se ha acabado.<\/p>\n<p><img loading=\"lazy\" decoding=\"async\" class=\"aligncenter size-large wp-image-4289\" src=\"https:\/\/blogsaverroes.juntadeandalucia.es\/ceipabardela\/files\/2022\/01\/6-1024x768.jpeg\" alt=\"\" width=\"1024\" height=\"768\" srcset=\"https:\/\/blogsaverroes.juntadeandalucia.es\/ceipabardela\/files\/2022\/01\/6-1024x768.jpeg 1024w, https:\/\/blogsaverroes.juntadeandalucia.es\/ceipabardela\/files\/2022\/01\/6-300x225.jpeg 300w, https:\/\/blogsaverroes.juntadeandalucia.es\/ceipabardela\/files\/2022\/01\/6-768x576.jpeg 768w, https:\/\/blogsaverroes.juntadeandalucia.es\/ceipabardela\/files\/2022\/01\/6-1536x1152.jpeg 1536w, https:\/\/blogsaverroes.juntadeandalucia.es\/ceipabardela\/files\/2022\/01\/6.jpeg 1600w\" sizes=\"(max-width: 1024px) 100vw, 1024px\" \/><\/p>\n<p>(Selfie del autor del cuento)<\/p>\n<p>&nbsp;<\/p>\n<p>&nbsp;<\/p>\n<p>&nbsp;<\/p>\n<p>&nbsp;<\/p>\n<p>&nbsp;<\/p>\n<p>&nbsp;<\/p>\n","protected":false},"excerpt":{"rendered":"<p>19 de enero de 2022. La ma\u00f1ana comienza fr\u00eda con la rutina. Despu\u00e9s los alumnos y alumnas de infantil de Abardela ven un cap\u00edtulo de la Abeja Maya. Contagiados por la libertad de la&#46;&#46;&#46;<\/p>\n","protected":false},"author":4280,"featured_media":4284,"comment_status":"open","ping_status":"open","sticky":false,"template":"","format":"standard","meta":{"ngg_post_thumbnail":0,"footnotes":""},"categories":[5991,1925,1458782],"tags":[],"aioseo_notices":[],"_links":{"self":[{"href":"https:\/\/blogsaverroes.juntadeandalucia.es\/ceipabardela\/wp-json\/wp\/v2\/posts\/4283"}],"collection":[{"href":"https:\/\/blogsaverroes.juntadeandalucia.es\/ceipabardela\/wp-json\/wp\/v2\/posts"}],"about":[{"href":"https:\/\/blogsaverroes.juntadeandalucia.es\/ceipabardela\/wp-json\/wp\/v2\/types\/post"}],"author":[{"embeddable":true,"href":"https:\/\/blogsaverroes.juntadeandalucia.es\/ceipabardela\/wp-json\/wp\/v2\/users\/4280"}],"replies":[{"embeddable":true,"href":"https:\/\/blogsaverroes.juntadeandalucia.es\/ceipabardela\/wp-json\/wp\/v2\/comments?post=4283"}],"version-history":[{"count":3,"href":"https:\/\/blogsaverroes.juntadeandalucia.es\/ceipabardela\/wp-json\/wp\/v2\/posts\/4283\/revisions"}],"predecessor-version":[{"id":4292,"href":"https:\/\/blogsaverroes.juntadeandalucia.es\/ceipabardela\/wp-json\/wp\/v2\/posts\/4283\/revisions\/4292"}],"wp:featuredmedia":[{"embeddable":true,"href":"https:\/\/blogsaverroes.juntadeandalucia.es\/ceipabardela\/wp-json\/wp\/v2\/media\/4284"}],"wp:attachment":[{"href":"https:\/\/blogsaverroes.juntadeandalucia.es\/ceipabardela\/wp-json\/wp\/v2\/media?parent=4283"}],"wp:term":[{"taxonomy":"category","embeddable":true,"href":"https:\/\/blogsaverroes.juntadeandalucia.es\/ceipabardela\/wp-json\/wp\/v2\/categories?post=4283"},{"taxonomy":"post_tag","embeddable":true,"href":"https:\/\/blogsaverroes.juntadeandalucia.es\/ceipabardela\/wp-json\/wp\/v2\/tags?post=4283"}],"curies":[{"name":"wp","href":"https:\/\/api.w.org\/{rel}","templated":true}]}}