{"id":4293,"date":"2022-01-21T11:01:49","date_gmt":"2022-01-21T11:01:49","guid":{"rendered":"http:\/\/blogsaverroes.juntadeandalucia.es\/ceipabardela\/?p=4293"},"modified":"2022-01-21T11:01:49","modified_gmt":"2022-01-21T11:01:49","slug":"amanece-en-el-torreon","status":"publish","type":"post","link":"https:\/\/blogsaverroes.juntadeandalucia.es\/ceipabardela\/amanece-en-el-torreon\/","title":{"rendered":"Amanece en el Torre\u00f3n."},"content":{"rendered":"<p>A las 8:35 a.m. se podr\u00eda estar recibiendo la tibieza helada de la luz del sol a 0 grados si estuvi\u00e9ramos en la cima del Torre\u00f3n, a 1654 metros de altura. Aunque no lo creamos, seguro que calentaba.<\/p>\n<p>\u00c1nimos y sigamos siendo valientes. Buen fin de semana para todos!!!!<\/p>\n<p>PINCHAR LA IMAGEN.<\/p>\n<p><a href=\"https:\/\/www.youtube.com\/watch?v=g0LjZUTsOhE\"><img loading=\"lazy\" decoding=\"async\" class=\"aligncenter size-large wp-image-4294\" src=\"https:\/\/blogsaverroes.juntadeandalucia.es\/ceipabardela\/files\/2022\/01\/EL-SOL-1024x515.jpeg\" alt=\"\" width=\"1024\" height=\"515\" srcset=\"https:\/\/blogsaverroes.juntadeandalucia.es\/ceipabardela\/files\/2022\/01\/EL-SOL-1024x515.jpeg 1024w, https:\/\/blogsaverroes.juntadeandalucia.es\/ceipabardela\/files\/2022\/01\/EL-SOL-300x151.jpeg 300w, https:\/\/blogsaverroes.juntadeandalucia.es\/ceipabardela\/files\/2022\/01\/EL-SOL-768x386.jpeg 768w, https:\/\/blogsaverroes.juntadeandalucia.es\/ceipabardela\/files\/2022\/01\/EL-SOL-1536x772.jpeg 1536w, https:\/\/blogsaverroes.juntadeandalucia.es\/ceipabardela\/files\/2022\/01\/EL-SOL.jpeg 1600w\" sizes=\"(max-width: 1024px) 100vw, 1024px\" \/><\/a><\/p>\n","protected":false},"excerpt":{"rendered":"<p>A las 8:35 a.m. se podr\u00eda estar recibiendo la tibieza helada de la luz del sol a 0 grados si estuvi\u00e9ramos en la cima del Torre\u00f3n, a 1654 metros de altura. Aunque no lo&#46;&#46;&#46;<\/p>\n","protected":false},"author":4280,"featured_media":4294,"comment_status":"open","ping_status":"open","sticky":false,"template":"","format":"standard","meta":{"ngg_post_thumbnail":0,"footnotes":""},"categories":[1458767],"tags":[],"aioseo_notices":[],"_links":{"self":[{"href":"https:\/\/blogsaverroes.juntadeandalucia.es\/ceipabardela\/wp-json\/wp\/v2\/posts\/4293"}],"collection":[{"href":"https:\/\/blogsaverroes.juntadeandalucia.es\/ceipabardela\/wp-json\/wp\/v2\/posts"}],"about":[{"href":"https:\/\/blogsaverroes.juntadeandalucia.es\/ceipabardela\/wp-json\/wp\/v2\/types\/post"}],"author":[{"embeddable":true,"href":"https:\/\/blogsaverroes.juntadeandalucia.es\/ceipabardela\/wp-json\/wp\/v2\/users\/4280"}],"replies":[{"embeddable":true,"href":"https:\/\/blogsaverroes.juntadeandalucia.es\/ceipabardela\/wp-json\/wp\/v2\/comments?post=4293"}],"version-history":[{"count":2,"href":"https:\/\/blogsaverroes.juntadeandalucia.es\/ceipabardela\/wp-json\/wp\/v2\/posts\/4293\/revisions"}],"predecessor-version":[{"id":4296,"href":"https:\/\/blogsaverroes.juntadeandalucia.es\/ceipabardela\/wp-json\/wp\/v2\/posts\/4293\/revisions\/4296"}],"wp:featuredmedia":[{"embeddable":true,"href":"https:\/\/blogsaverroes.juntadeandalucia.es\/ceipabardela\/wp-json\/wp\/v2\/media\/4294"}],"wp:attachment":[{"href":"https:\/\/blogsaverroes.juntadeandalucia.es\/ceipabardela\/wp-json\/wp\/v2\/media?parent=4293"}],"wp:term":[{"taxonomy":"category","embeddable":true,"href":"https:\/\/blogsaverroes.juntadeandalucia.es\/ceipabardela\/wp-json\/wp\/v2\/categories?post=4293"},{"taxonomy":"post_tag","embeddable":true,"href":"https:\/\/blogsaverroes.juntadeandalucia.es\/ceipabardela\/wp-json\/wp\/v2\/tags?post=4293"}],"curies":[{"name":"wp","href":"https:\/\/api.w.org\/{rel}","templated":true}]}}