{"id":4401,"date":"2022-02-25T11:58:13","date_gmt":"2022-02-25T11:58:13","guid":{"rendered":"http:\/\/blogsaverroes.juntadeandalucia.es\/ceipabardela\/?p=4401"},"modified":"2022-02-25T11:58:55","modified_gmt":"2022-02-25T11:58:55","slug":"carnaval-ceip-abardela","status":"publish","type":"post","link":"https:\/\/blogsaverroes.juntadeandalucia.es\/ceipabardela\/carnaval-ceip-abardela\/","title":{"rendered":"Carnaval CEIP ABARDELA"},"content":{"rendered":"<p>\u00c9rase una vez un pirata bueno, que salv\u00f3 a Caperucita de un Woddy que era todo un regalo.<\/p>\n<p>La semana que viene el viernes tenemos un encuentro con la fantas\u00eda. Tema libre. Ir afilando la imaginaci\u00f3n!!!<\/p>\n<p><strong>VIERNES 4 DE MARZO.<\/strong><\/p>\n<p><img loading=\"lazy\" decoding=\"async\" class=\"aligncenter size-large wp-image-4402\" src=\"https:\/\/blogsaverroes.juntadeandalucia.es\/ceipabardela\/files\/2022\/02\/WhatsApp-Image-2022-02-25-at-12.46.31-1024x765.jpeg\" alt=\"\" width=\"1024\" height=\"765\" srcset=\"https:\/\/blogsaverroes.juntadeandalucia.es\/ceipabardela\/files\/2022\/02\/WhatsApp-Image-2022-02-25-at-12.46.31-1024x765.jpeg 1024w, https:\/\/blogsaverroes.juntadeandalucia.es\/ceipabardela\/files\/2022\/02\/WhatsApp-Image-2022-02-25-at-12.46.31-300x224.jpeg 300w, https:\/\/blogsaverroes.juntadeandalucia.es\/ceipabardela\/files\/2022\/02\/WhatsApp-Image-2022-02-25-at-12.46.31-768x574.jpeg 768w, https:\/\/blogsaverroes.juntadeandalucia.es\/ceipabardela\/files\/2022\/02\/WhatsApp-Image-2022-02-25-at-12.46.31-1536x1147.jpeg 1536w, https:\/\/blogsaverroes.juntadeandalucia.es\/ceipabardela\/files\/2022\/02\/WhatsApp-Image-2022-02-25-at-12.46.31.jpeg 1600w\" sizes=\"(max-width: 1024px) 100vw, 1024px\" \/><\/p>\n<p>Cuidado con la banda y la guard\u00eda que nos puede multar.<\/p>\n<p><img loading=\"lazy\" decoding=\"async\" class=\"aligncenter size-large wp-image-4403\" src=\"https:\/\/blogsaverroes.juntadeandalucia.es\/ceipabardela\/files\/2022\/02\/CIMG0594-1024x768.jpg\" alt=\"\" width=\"1024\" height=\"768\" srcset=\"https:\/\/blogsaverroes.juntadeandalucia.es\/ceipabardela\/files\/2022\/02\/CIMG0594-1024x768.jpg 1024w, https:\/\/blogsaverroes.juntadeandalucia.es\/ceipabardela\/files\/2022\/02\/CIMG0594-300x225.jpg 300w, https:\/\/blogsaverroes.juntadeandalucia.es\/ceipabardela\/files\/2022\/02\/CIMG0594-768x576.jpg 768w, https:\/\/blogsaverroes.juntadeandalucia.es\/ceipabardela\/files\/2022\/02\/CIMG0594-1536x1152.jpg 1536w, https:\/\/blogsaverroes.juntadeandalucia.es\/ceipabardela\/files\/2022\/02\/CIMG0594-2048x1536.jpg 2048w, https:\/\/blogsaverroes.juntadeandalucia.es\/ceipabardela\/files\/2022\/02\/CIMG0594-scaled.jpg 1600w\" sizes=\"(max-width: 1024px) 100vw, 1024px\" \/><\/p>\n<p>&nbsp;<\/p>\n<p>&nbsp;<\/p>\n","protected":false},"excerpt":{"rendered":"<p>\u00c9rase una vez un pirata bueno, que salv\u00f3 a Caperucita de un Woddy que era todo un regalo. La semana que viene el viernes tenemos un encuentro con la fantas\u00eda. Tema libre. Ir afilando&#46;&#46;&#46;<\/p>\n","protected":false},"author":4280,"featured_media":4402,"comment_status":"open","ping_status":"open","sticky":false,"template":"","format":"standard","meta":{"ngg_post_thumbnail":0,"footnotes":""},"categories":[5991],"tags":[],"aioseo_notices":[],"_links":{"self":[{"href":"https:\/\/blogsaverroes.juntadeandalucia.es\/ceipabardela\/wp-json\/wp\/v2\/posts\/4401"}],"collection":[{"href":"https:\/\/blogsaverroes.juntadeandalucia.es\/ceipabardela\/wp-json\/wp\/v2\/posts"}],"about":[{"href":"https:\/\/blogsaverroes.juntadeandalucia.es\/ceipabardela\/wp-json\/wp\/v2\/types\/post"}],"author":[{"embeddable":true,"href":"https:\/\/blogsaverroes.juntadeandalucia.es\/ceipabardela\/wp-json\/wp\/v2\/users\/4280"}],"replies":[{"embeddable":true,"href":"https:\/\/blogsaverroes.juntadeandalucia.es\/ceipabardela\/wp-json\/wp\/v2\/comments?post=4401"}],"version-history":[{"count":5,"href":"https:\/\/blogsaverroes.juntadeandalucia.es\/ceipabardela\/wp-json\/wp\/v2\/posts\/4401\/revisions"}],"predecessor-version":[{"id":4408,"href":"https:\/\/blogsaverroes.juntadeandalucia.es\/ceipabardela\/wp-json\/wp\/v2\/posts\/4401\/revisions\/4408"}],"wp:featuredmedia":[{"embeddable":true,"href":"https:\/\/blogsaverroes.juntadeandalucia.es\/ceipabardela\/wp-json\/wp\/v2\/media\/4402"}],"wp:attachment":[{"href":"https:\/\/blogsaverroes.juntadeandalucia.es\/ceipabardela\/wp-json\/wp\/v2\/media?parent=4401"}],"wp:term":[{"taxonomy":"category","embeddable":true,"href":"https:\/\/blogsaverroes.juntadeandalucia.es\/ceipabardela\/wp-json\/wp\/v2\/categories?post=4401"},{"taxonomy":"post_tag","embeddable":true,"href":"https:\/\/blogsaverroes.juntadeandalucia.es\/ceipabardela\/wp-json\/wp\/v2\/tags?post=4401"}],"curies":[{"name":"wp","href":"https:\/\/api.w.org\/{rel}","templated":true}]}}