{"id":4459,"date":"2022-03-07T16:11:32","date_gmt":"2022-03-07T16:11:32","guid":{"rendered":"http:\/\/blogsaverroes.juntadeandalucia.es\/ceipabardela\/?p=4459"},"modified":"2022-03-10T10:37:13","modified_gmt":"2022-03-10T10:37:13","slug":"isabel-perez-castro","status":"publish","type":"post","link":"https:\/\/blogsaverroes.juntadeandalucia.es\/ceipabardela\/isabel-perez-castro\/","title":{"rendered":"ISABEL P\u00c9REZ CASTRO"},"content":{"rendered":"<h1><strong>MUJERES DE BENAOCAZ<br \/>\n<\/strong><\/h1>\n<h2><strong>ISABEL P\u00c9REZ CASTRO<\/strong><\/h2>\n<p><strong>Buenos Aires 1916 Benaocaz 2015.<\/strong><\/p>\n<p>Isabel, naci\u00f3 en un barco. As\u00ed es&#8230;aunque parezca raro, naci\u00f3 el 14 de octubre de 1916 en viaje de regreso de Argentina&nbsp;&nbsp; a Huelva. Sus padres emigraron a principios de siglo buscando fortuna y mejor vida a tierras Argentinas. Una vez conseguidos estos objetivos, regresaron a Espa\u00f1a con una ni\u00f1a reci\u00e9n nacida y dos varones mayores que ella, C\u00e1ndido y Adelino.<\/p>\n<p>Una vez llegado a tierras Benaocace\u00f1as, la infancia de Isabel no fue distinta a las de las dem\u00e1s. Estuvo llena de escases de comida y penuria. En su juventud no mejor\u00f3 la cosa, ya que Espa\u00f1a estaba en guerra civil y sus hermanos&nbsp; mayores estaban en el frente. Un duro golpe m\u00e1s tuvo que vivir nuestra&nbsp; protagonista, la temprana muerte de su madre. Quedando hu\u00e9rfana de madre y su padre dejando embarazada a otra mujer, el ambiente familiar era nefasto.&nbsp; Cansada de trabajar para su madrastra tras malos tratos&nbsp; y falta de cari\u00f1o, se prometi\u00f3 una frase clave que yo siempre recordar\u00e9 cuando ella me contaba su vida. Por cierto, me encantaba o\u00edrla. La frase: El primero que venga con los papeles en el brazo,&nbsp; me caso con \u00e9l! As\u00ed fue, apareci\u00f3 el bueno de Crist\u00f3bal Valero, diez a\u00f1os mayor que ella, pero eso no importaba. Hab\u00eda que salir de ese ambiente familiar perturbado por el odio y el dolor. A sus 23 a\u00f1os se caso con Crist\u00f3bal, sin apenas conocerlo, pero no importaba. En sus 17 a\u00f1os de matrimonio ya que enviudo con apenas 40 a\u00f1os, nacieron 6 hijos de los cuales s\u00f3lo vivieron 4. Crist\u00f3bal, Ana, Antonio y C\u00e1ndido. Aqu\u00ed nuestro reconocimiento, por el valor la entrega a esta mujer que tuvo que luchar sola a cambio de unas monedas para poder alimentar a sus 4 hijos. Su labor fue como asistenta en casas de familias de bien. Haciendo trabajos extras en otras casas, ayudando en matanzas y todo aquello&nbsp; que saliera en lo que ayudar\u00e1 a incrementar los ingresos en casa. Tras a\u00f1os de lucha y trabajo, los varones empezaron aportar alg\u00fan honorario&nbsp; a la casa. No lo suficiente ya que eran a\u00fan peque\u00f1os, pero ayudaba. Crist\u00f3bal, fue el primero en emigrar a Alemania, este arrastr\u00f3 m\u00e1s tarde de Antonio y ambos del peque\u00f1o C\u00e1ndido. Ana, se fue con su t\u00edo C\u00e1ndido a Madrid. En poco tiempo Isabel se encontr\u00f3 de estar luchando por los suyos a encontrarse sola. Orgullosa de la independencia de los suyos, pero triste de la soledad que viv\u00eda tan lejos de los hijos. Armada&nbsp; de valor,&nbsp; como siempre, sigui\u00f3 luchando, esperando la llamada de los domingos para saber c\u00f3mo estaban los suyos. Doy fe de esto ya que lo he vivido en primera persona. Los veranos, eran pura fiesta. Los hijos&nbsp; ven\u00edan ya con sus esposas e hijos la vida empezaba a sonre\u00edr de otra manera.&nbsp; Pero no todo es felicidad. Cuando Isabel contaba ya con m\u00e1s de 80 a\u00f1os un nuevo golpe en la vida, la p\u00e9rdida de su hijo Crist\u00f3bal. Un nefasto accidente inesperado, se llev\u00f3 otro trozo de vida de Isabel.&nbsp; Pese a su edad, aunque con mucha pena, sigue adelante, sin ilusi\u00f3n, pero adelante. Pasa temporadas&nbsp; con sus hijos e hija. Unas veces en Jerez de la Frontera donde resid\u00eda Antonio&nbsp; una vez jubilado, otras en Madrid donde resid\u00eda su hija Ana y por \u00faltimo en Barcelona donde falleci\u00f3 un 4 de febrero 2015, junto a su hijo menor C\u00e1ndido. Aqu\u00ed nuestro&nbsp; homenaje a esta luchadora por su valent\u00eda y su entrega sin pedir nada a cambio.<\/p>\n<p><em>\u201cEn su soledad, sin sus hijos, ejerci\u00f3 el papel de abuela en mi familia sin ser m\u00e1s que mi vecina de la esquina\u201d.<\/em><\/p>\n<p><img loading=\"lazy\" decoding=\"async\" class=\"aligncenter size-large wp-image-4460\" src=\"https:\/\/blogsaverroes.juntadeandalucia.es\/ceipabardela\/files\/2022\/03\/ISABEL-P\u00c9REZ-CASTRO-644x1024.jpeg\" alt=\"\" width=\"644\" height=\"1024\" srcset=\"https:\/\/blogsaverroes.juntadeandalucia.es\/ceipabardela\/files\/2022\/03\/ISABEL-P\u00c9REZ-CASTRO-644x1024.jpeg 644w, https:\/\/blogsaverroes.juntadeandalucia.es\/ceipabardela\/files\/2022\/03\/ISABEL-P\u00c9REZ-CASTRO-189x300.jpeg 189w, https:\/\/blogsaverroes.juntadeandalucia.es\/ceipabardela\/files\/2022\/03\/ISABEL-P\u00c9REZ-CASTRO-768x1221.jpeg 768w, https:\/\/blogsaverroes.juntadeandalucia.es\/ceipabardela\/files\/2022\/03\/ISABEL-P\u00c9REZ-CASTRO.jpeg 859w\" sizes=\"(max-width: 644px) 100vw, 644px\" \/><\/p>\n","protected":false},"excerpt":{"rendered":"<p>MUJERES DE BENAOCAZ ISABEL P\u00c9REZ CASTRO Buenos Aires 1916 Benaocaz 2015. Isabel, naci\u00f3 en un barco. As\u00ed es&#8230;aunque parezca raro, naci\u00f3 el 14 de octubre de 1916 en viaje de regreso de Argentina&nbsp;&nbsp; a&#46;&#46;&#46;<\/p>\n","protected":false},"author":4280,"featured_media":4460,"comment_status":"open","ping_status":"open","sticky":false,"template":"","format":"standard","meta":{"ngg_post_thumbnail":0,"footnotes":""},"categories":[1458759],"tags":[],"aioseo_notices":[],"_links":{"self":[{"href":"https:\/\/blogsaverroes.juntadeandalucia.es\/ceipabardela\/wp-json\/wp\/v2\/posts\/4459"}],"collection":[{"href":"https:\/\/blogsaverroes.juntadeandalucia.es\/ceipabardela\/wp-json\/wp\/v2\/posts"}],"about":[{"href":"https:\/\/blogsaverroes.juntadeandalucia.es\/ceipabardela\/wp-json\/wp\/v2\/types\/post"}],"author":[{"embeddable":true,"href":"https:\/\/blogsaverroes.juntadeandalucia.es\/ceipabardela\/wp-json\/wp\/v2\/users\/4280"}],"replies":[{"embeddable":true,"href":"https:\/\/blogsaverroes.juntadeandalucia.es\/ceipabardela\/wp-json\/wp\/v2\/comments?post=4459"}],"version-history":[{"count":8,"href":"https:\/\/blogsaverroes.juntadeandalucia.es\/ceipabardela\/wp-json\/wp\/v2\/posts\/4459\/revisions"}],"predecessor-version":[{"id":4510,"href":"https:\/\/blogsaverroes.juntadeandalucia.es\/ceipabardela\/wp-json\/wp\/v2\/posts\/4459\/revisions\/4510"}],"wp:featuredmedia":[{"embeddable":true,"href":"https:\/\/blogsaverroes.juntadeandalucia.es\/ceipabardela\/wp-json\/wp\/v2\/media\/4460"}],"wp:attachment":[{"href":"https:\/\/blogsaverroes.juntadeandalucia.es\/ceipabardela\/wp-json\/wp\/v2\/media?parent=4459"}],"wp:term":[{"taxonomy":"category","embeddable":true,"href":"https:\/\/blogsaverroes.juntadeandalucia.es\/ceipabardela\/wp-json\/wp\/v2\/categories?post=4459"},{"taxonomy":"post_tag","embeddable":true,"href":"https:\/\/blogsaverroes.juntadeandalucia.es\/ceipabardela\/wp-json\/wp\/v2\/tags?post=4459"}],"curies":[{"name":"wp","href":"https:\/\/api.w.org\/{rel}","templated":true}]}}