{"id":4465,"date":"2022-03-07T16:32:34","date_gmt":"2022-03-07T16:32:34","guid":{"rendered":"http:\/\/blogsaverroes.juntadeandalucia.es\/ceipabardela\/?p=4465"},"modified":"2022-03-10T10:38:15","modified_gmt":"2022-03-10T10:38:15","slug":"isabel-sanchez-hernandez","status":"publish","type":"post","link":"https:\/\/blogsaverroes.juntadeandalucia.es\/ceipabardela\/isabel-sanchez-hernandez\/","title":{"rendered":"ISABEL S\u00c1NCHEZ HERN\u00c1NDEZ"},"content":{"rendered":"<h1><strong>MUJERES DE BENAOCAZ<br \/>\n<\/strong><\/h1>\n<h2><strong>ISABEL S\u00c1NCHEZ HERN\u00c1NDEZ<\/strong><\/h2>\n<p>Naci\u00f3 sobre el a\u00f1o 1885. Fue panadera, ten\u00eda el horno en el Cantillo, donde amasaba el pan y hac\u00eda los mejores suspiros, tortas de chicharrones y&nbsp; roscos trenzados de todo Benaocaz. Todo eso lo vend\u00eda para sacar a su familia adelante, estaba casada y ten\u00eda 7 hijas y un hijo: Ana, Isabel, Joaquina, Santos, Mar\u00eda, Francisca, Dolores y Juan. Era mi tatarabuela. La metieron en la c\u00e1rcel por darle de comer a su cu\u00f1ado que en aquellos tiempos de guerra era el alcalde. (No dur\u00f3 ni 24 horas su encierro). Sus nietos la recuerdan por darles caramelillos.&nbsp;<\/p>\n<p><img loading=\"lazy\" decoding=\"async\" class=\"aligncenter size-large wp-image-4466\" src=\"https:\/\/blogsaverroes.juntadeandalucia.es\/ceipabardela\/files\/2022\/03\/ISABEL-S\u00c1NCHEZ-HERN\u00c1NDEZ-846x1024.jpeg\" alt=\"\" width=\"846\" height=\"1024\" srcset=\"https:\/\/blogsaverroes.juntadeandalucia.es\/ceipabardela\/files\/2022\/03\/ISABEL-S\u00c1NCHEZ-HERN\u00c1NDEZ-846x1024.jpeg 846w, https:\/\/blogsaverroes.juntadeandalucia.es\/ceipabardela\/files\/2022\/03\/ISABEL-S\u00c1NCHEZ-HERN\u00c1NDEZ-248x300.jpeg 248w, https:\/\/blogsaverroes.juntadeandalucia.es\/ceipabardela\/files\/2022\/03\/ISABEL-S\u00c1NCHEZ-HERN\u00c1NDEZ-768x930.jpeg 768w, https:\/\/blogsaverroes.juntadeandalucia.es\/ceipabardela\/files\/2022\/03\/ISABEL-S\u00c1NCHEZ-HERN\u00c1NDEZ-1269x1536.jpeg 1269w, https:\/\/blogsaverroes.juntadeandalucia.es\/ceipabardela\/files\/2022\/03\/ISABEL-S\u00c1NCHEZ-HERN\u00c1NDEZ.jpeg 1296w\" sizes=\"(max-width: 846px) 100vw, 846px\" \/><\/p>\n<p>&nbsp;<\/p>\n","protected":false},"excerpt":{"rendered":"<p>MUJERES DE BENAOCAZ ISABEL S\u00c1NCHEZ HERN\u00c1NDEZ Naci\u00f3 sobre el a\u00f1o 1885. Fue panadera, ten\u00eda el horno en el Cantillo, donde amasaba el pan y hac\u00eda los mejores suspiros, tortas de chicharrones y&nbsp; roscos trenzados&#46;&#46;&#46;<\/p>\n","protected":false},"author":4280,"featured_media":4466,"comment_status":"open","ping_status":"open","sticky":false,"template":"","format":"standard","meta":{"ngg_post_thumbnail":0,"footnotes":""},"categories":[1458759],"tags":[],"aioseo_notices":[],"_links":{"self":[{"href":"https:\/\/blogsaverroes.juntadeandalucia.es\/ceipabardela\/wp-json\/wp\/v2\/posts\/4465"}],"collection":[{"href":"https:\/\/blogsaverroes.juntadeandalucia.es\/ceipabardela\/wp-json\/wp\/v2\/posts"}],"about":[{"href":"https:\/\/blogsaverroes.juntadeandalucia.es\/ceipabardela\/wp-json\/wp\/v2\/types\/post"}],"author":[{"embeddable":true,"href":"https:\/\/blogsaverroes.juntadeandalucia.es\/ceipabardela\/wp-json\/wp\/v2\/users\/4280"}],"replies":[{"embeddable":true,"href":"https:\/\/blogsaverroes.juntadeandalucia.es\/ceipabardela\/wp-json\/wp\/v2\/comments?post=4465"}],"version-history":[{"count":4,"href":"https:\/\/blogsaverroes.juntadeandalucia.es\/ceipabardela\/wp-json\/wp\/v2\/posts\/4465\/revisions"}],"predecessor-version":[{"id":4511,"href":"https:\/\/blogsaverroes.juntadeandalucia.es\/ceipabardela\/wp-json\/wp\/v2\/posts\/4465\/revisions\/4511"}],"wp:featuredmedia":[{"embeddable":true,"href":"https:\/\/blogsaverroes.juntadeandalucia.es\/ceipabardela\/wp-json\/wp\/v2\/media\/4466"}],"wp:attachment":[{"href":"https:\/\/blogsaverroes.juntadeandalucia.es\/ceipabardela\/wp-json\/wp\/v2\/media?parent=4465"}],"wp:term":[{"taxonomy":"category","embeddable":true,"href":"https:\/\/blogsaverroes.juntadeandalucia.es\/ceipabardela\/wp-json\/wp\/v2\/categories?post=4465"},{"taxonomy":"post_tag","embeddable":true,"href":"https:\/\/blogsaverroes.juntadeandalucia.es\/ceipabardela\/wp-json\/wp\/v2\/tags?post=4465"}],"curies":[{"name":"wp","href":"https:\/\/api.w.org\/{rel}","templated":true}]}}