{"id":4596,"date":"2022-04-23T06:58:35","date_gmt":"2022-04-23T06:58:35","guid":{"rendered":"http:\/\/blogsaverroes.juntadeandalucia.es\/ceipabardela\/?p=4596"},"modified":"2022-04-23T07:38:42","modified_gmt":"2022-04-23T07:38:42","slug":"feliz-dia-del-libro","status":"publish","type":"post","link":"https:\/\/blogsaverroes.juntadeandalucia.es\/ceipabardela\/feliz-dia-del-libro\/","title":{"rendered":"Feliz d\u00eda del Libro"},"content":{"rendered":"<p>Aunque no somos de efem\u00e9rides, porque no solo se ama el 14 de febrero, ni se quiere al padre solo el 19 de marzo, ni a la madre solo el 1 de mayo, ni respetamos a la tierra solo el 22 de abril,&#8230;. pero es verdad que pega que al menos este a\u00f1o el d\u00eda del libro sea fr\u00edo y lluvioso, para seguir con un buen libro, aunque siempre es un buen momento para leer.<\/p>\n<p>FELIZ D\u00cdA DEL LIBRO!!!<\/p>\n<p>Con todos ustedes,&#8230;. al piano&#8230;., directamente de la filarm\u00f3nica de Grazalema,&#8230;. Ana Di\u00e1nez,&#8230;. Pinchar en la imagen.<\/p>\n<p><a href=\"https:\/\/youtu.be\/AQmmBCatXSo\"><img loading=\"lazy\" decoding=\"async\" class=\"aligncenter size-large wp-image-4598\" src=\"https:\/\/blogsaverroes.juntadeandalucia.es\/ceipabardela\/files\/2022\/04\/ANA-AL-PIANO-2-1024x619.jpeg\" alt=\"\" width=\"1024\" height=\"619\" srcset=\"https:\/\/blogsaverroes.juntadeandalucia.es\/ceipabardela\/files\/2022\/04\/ANA-AL-PIANO-2-1024x619.jpeg 1024w, https:\/\/blogsaverroes.juntadeandalucia.es\/ceipabardela\/files\/2022\/04\/ANA-AL-PIANO-2-300x181.jpeg 300w, https:\/\/blogsaverroes.juntadeandalucia.es\/ceipabardela\/files\/2022\/04\/ANA-AL-PIANO-2-768x464.jpeg 768w, https:\/\/blogsaverroes.juntadeandalucia.es\/ceipabardela\/files\/2022\/04\/ANA-AL-PIANO-2.jpeg 1039w\" sizes=\"(max-width: 1024px) 100vw, 1024px\" \/><\/a><\/p>\n<p>&nbsp;<\/p>\n<p>&nbsp;<\/p>\n","protected":false},"excerpt":{"rendered":"<p>Aunque no somos de efem\u00e9rides, porque no solo se ama el 14 de febrero, ni se quiere al padre solo el 19 de marzo, ni a la madre solo el 1 de mayo, ni&#46;&#46;&#46;<\/p>\n","protected":false},"author":4280,"featured_media":4598,"comment_status":"open","ping_status":"open","sticky":false,"template":"","format":"standard","meta":{"ngg_post_thumbnail":0,"footnotes":""},"categories":[1458783,1458765],"tags":[],"aioseo_notices":[],"_links":{"self":[{"href":"https:\/\/blogsaverroes.juntadeandalucia.es\/ceipabardela\/wp-json\/wp\/v2\/posts\/4596"}],"collection":[{"href":"https:\/\/blogsaverroes.juntadeandalucia.es\/ceipabardela\/wp-json\/wp\/v2\/posts"}],"about":[{"href":"https:\/\/blogsaverroes.juntadeandalucia.es\/ceipabardela\/wp-json\/wp\/v2\/types\/post"}],"author":[{"embeddable":true,"href":"https:\/\/blogsaverroes.juntadeandalucia.es\/ceipabardela\/wp-json\/wp\/v2\/users\/4280"}],"replies":[{"embeddable":true,"href":"https:\/\/blogsaverroes.juntadeandalucia.es\/ceipabardela\/wp-json\/wp\/v2\/comments?post=4596"}],"version-history":[{"count":5,"href":"https:\/\/blogsaverroes.juntadeandalucia.es\/ceipabardela\/wp-json\/wp\/v2\/posts\/4596\/revisions"}],"predecessor-version":[{"id":4603,"href":"https:\/\/blogsaverroes.juntadeandalucia.es\/ceipabardela\/wp-json\/wp\/v2\/posts\/4596\/revisions\/4603"}],"wp:featuredmedia":[{"embeddable":true,"href":"https:\/\/blogsaverroes.juntadeandalucia.es\/ceipabardela\/wp-json\/wp\/v2\/media\/4598"}],"wp:attachment":[{"href":"https:\/\/blogsaverroes.juntadeandalucia.es\/ceipabardela\/wp-json\/wp\/v2\/media?parent=4596"}],"wp:term":[{"taxonomy":"category","embeddable":true,"href":"https:\/\/blogsaverroes.juntadeandalucia.es\/ceipabardela\/wp-json\/wp\/v2\/categories?post=4596"},{"taxonomy":"post_tag","embeddable":true,"href":"https:\/\/blogsaverroes.juntadeandalucia.es\/ceipabardela\/wp-json\/wp\/v2\/tags?post=4596"}],"curies":[{"name":"wp","href":"https:\/\/api.w.org\/{rel}","templated":true}]}}