{"id":7558,"date":"2024-11-11T11:01:58","date_gmt":"2024-11-11T11:01:58","guid":{"rendered":"https:\/\/blogsaverroes.juntadeandalucia.es\/ceipabardela\/?p=7558"},"modified":"2024-11-11T11:01:58","modified_gmt":"2024-11-11T11:01:58","slug":"desayuno-otonal","status":"publish","type":"post","link":"https:\/\/blogsaverroes.juntadeandalucia.es\/ceipabardela\/desayuno-otonal\/","title":{"rendered":"DESAYUNO OTO\u00d1AL"},"content":{"rendered":"<p>El pasado 31 de octubre tuvimos un d\u00eda muy especial en el cole. Con motivo de la festividad del d\u00eda de Todos los Santos y de Halloween desde el colegio con ayuda de las familias se organiz\u00f3 un desayuno con alimentos de temporada. Adem\u00e1s, el alumnado que quiso vino disfrazado para pasar un d\u00eda terror\u00edficamente divertido.&nbsp;<\/p>\n<p>Desde aqu\u00ed, agradecer a las familias los manjares tan buenos que nos hicieron llegar al colegio.&nbsp;<\/p>\n<p>Durante la semana el alumnado de 3\u00ba, 4\u00ba, 5\u00ba y 6\u00ba escribieron leyendas de la localidad desde el \u00e1rea de LCL. Adem\u00e1s, una alumna se ofreci\u00f3 a contar un cuento a sus compa\u00f1eros y compa\u00f1eras.&nbsp;<\/p>\n<p><img loading=\"lazy\" decoding=\"async\" class=\"aligncenter size-large wp-image-7572\" src=\"https:\/\/blogsaverroes.juntadeandalucia.es\/ceipabardela\/files\/2024\/11\/IMG_0215-1024x768.jpg\" alt=\"\" width=\"1024\" height=\"768\" srcset=\"https:\/\/blogsaverroes.juntadeandalucia.es\/ceipabardela\/files\/2024\/11\/IMG_0215-1024x768.jpg 1024w, https:\/\/blogsaverroes.juntadeandalucia.es\/ceipabardela\/files\/2024\/11\/IMG_0215-300x225.jpg 300w, https:\/\/blogsaverroes.juntadeandalucia.es\/ceipabardela\/files\/2024\/11\/IMG_0215-768x576.jpg 768w, https:\/\/blogsaverroes.juntadeandalucia.es\/ceipabardela\/files\/2024\/11\/IMG_0215-1536x1152.jpg 1536w, https:\/\/blogsaverroes.juntadeandalucia.es\/ceipabardela\/files\/2024\/11\/IMG_0215-2048x1536.jpg 2048w, https:\/\/blogsaverroes.juntadeandalucia.es\/ceipabardela\/files\/2024\/11\/IMG_0215.jpg 1600w\" sizes=\"(max-width: 1024px) 100vw, 1024px\" \/><img loading=\"lazy\" decoding=\"async\" class=\"aligncenter size-large wp-image-7566\" src=\"https:\/\/blogsaverroes.juntadeandalucia.es\/ceipabardela\/files\/2024\/11\/20241031_113817-1024x768.jpg\" alt=\"\" width=\"1024\" height=\"768\" srcset=\"https:\/\/blogsaverroes.juntadeandalucia.es\/ceipabardela\/files\/2024\/11\/20241031_113817-1024x768.jpg 1024w, https:\/\/blogsaverroes.juntadeandalucia.es\/ceipabardela\/files\/2024\/11\/20241031_113817-300x225.jpg 300w, https:\/\/blogsaverroes.juntadeandalucia.es\/ceipabardela\/files\/2024\/11\/20241031_113817-768x576.jpg 768w, https:\/\/blogsaverroes.juntadeandalucia.es\/ceipabardela\/files\/2024\/11\/20241031_113817-1536x1152.jpg 1536w, https:\/\/blogsaverroes.juntadeandalucia.es\/ceipabardela\/files\/2024\/11\/20241031_113817-2048x1536.jpg 2048w, https:\/\/blogsaverroes.juntadeandalucia.es\/ceipabardela\/files\/2024\/11\/20241031_113817.jpg 1600w\" sizes=\"(max-width: 1024px) 100vw, 1024px\" \/><img loading=\"lazy\" decoding=\"async\" class=\"aligncenter size-large wp-image-7571\" src=\"https:\/\/blogsaverroes.juntadeandalucia.es\/ceipabardela\/files\/2024\/11\/IMG_0214-1024x768.jpg\" alt=\"\" width=\"1024\" height=\"768\" srcset=\"https:\/\/blogsaverroes.juntadeandalucia.es\/ceipabardela\/files\/2024\/11\/IMG_0214-1024x768.jpg 1024w, https:\/\/blogsaverroes.juntadeandalucia.es\/ceipabardela\/files\/2024\/11\/IMG_0214-300x225.jpg 300w, https:\/\/blogsaverroes.juntadeandalucia.es\/ceipabardela\/files\/2024\/11\/IMG_0214-768x576.jpg 768w, https:\/\/blogsaverroes.juntadeandalucia.es\/ceipabardela\/files\/2024\/11\/IMG_0214-1536x1152.jpg 1536w, https:\/\/blogsaverroes.juntadeandalucia.es\/ceipabardela\/files\/2024\/11\/IMG_0214-2048x1536.jpg 2048w, https:\/\/blogsaverroes.juntadeandalucia.es\/ceipabardela\/files\/2024\/11\/IMG_0214.jpg 1600w\" sizes=\"(max-width: 1024px) 100vw, 1024px\" \/><img loading=\"lazy\" decoding=\"async\" class=\"aligncenter size-large wp-image-7563\" src=\"https:\/\/blogsaverroes.juntadeandalucia.es\/ceipabardela\/files\/2024\/11\/20241031_113759-1024x768.jpg\" alt=\"\" width=\"1024\" height=\"768\" srcset=\"https:\/\/blogsaverroes.juntadeandalucia.es\/ceipabardela\/files\/2024\/11\/20241031_113759-1024x768.jpg 1024w, https:\/\/blogsaverroes.juntadeandalucia.es\/ceipabardela\/files\/2024\/11\/20241031_113759-300x225.jpg 300w, https:\/\/blogsaverroes.juntadeandalucia.es\/ceipabardela\/files\/2024\/11\/20241031_113759-768x576.jpg 768w, https:\/\/blogsaverroes.juntadeandalucia.es\/ceipabardela\/files\/2024\/11\/20241031_113759-1536x1152.jpg 1536w, https:\/\/blogsaverroes.juntadeandalucia.es\/ceipabardela\/files\/2024\/11\/20241031_113759-2048x1536.jpg 2048w, https:\/\/blogsaverroes.juntadeandalucia.es\/ceipabardela\/files\/2024\/11\/20241031_113759.jpg 1600w\" sizes=\"(max-width: 1024px) 100vw, 1024px\" \/><img loading=\"lazy\" decoding=\"async\" class=\"aligncenter size-large wp-image-7574\" src=\"https:\/\/blogsaverroes.juntadeandalucia.es\/ceipabardela\/files\/2024\/11\/IMG-20241031-WA0006-576x1024.jpeg\" alt=\"\" width=\"576\" height=\"1024\" srcset=\"https:\/\/blogsaverroes.juntadeandalucia.es\/ceipabardela\/files\/2024\/11\/IMG-20241031-WA0006-576x1024.jpeg 576w, https:\/\/blogsaverroes.juntadeandalucia.es\/ceipabardela\/files\/2024\/11\/IMG-20241031-WA0006-169x300.jpeg 169w, https:\/\/blogsaverroes.juntadeandalucia.es\/ceipabardela\/files\/2024\/11\/IMG-20241031-WA0006-768x1365.jpeg 768w, https:\/\/blogsaverroes.juntadeandalucia.es\/ceipabardela\/files\/2024\/11\/IMG-20241031-WA0006-864x1536.jpeg 864w, https:\/\/blogsaverroes.juntadeandalucia.es\/ceipabardela\/files\/2024\/11\/IMG-20241031-WA0006-1152x2048.jpeg 1152w, https:\/\/blogsaverroes.juntadeandalucia.es\/ceipabardela\/files\/2024\/11\/IMG-20241031-WA0006-rotated.jpeg 900w\" sizes=\"(max-width: 576px) 100vw, 576px\" \/><img loading=\"lazy\" decoding=\"async\" class=\"aligncenter size-large wp-image-7575\" src=\"https:\/\/blogsaverroes.juntadeandalucia.es\/ceipabardela\/files\/2024\/11\/WhatsApp-Image-2024-10-31-at-13.25.54-768x1024.jpeg\" alt=\"\" width=\"768\" height=\"1024\"\/><\/p>\n<p>En el siguiente enlace se encuentran todas las fotos que se hicieron ese d\u00eda:&nbsp;<a href=\"https:\/\/drive.google.com\/drive\/folders\/1Li-Boxjv_aPhOD9P67vi-x46R192R2cZ?usp=sharing\">https:\/\/drive.google.com\/drive\/folders\/1Li-Boxjv_aPhOD9P67vi-x46R192R2cZ?usp=sharing<\/a>&nbsp;<\/p>\n<p>&nbsp;<\/p>\n<p>&nbsp;<\/p>\n","protected":false},"excerpt":{"rendered":"<p>El pasado 31 de octubre tuvimos un d\u00eda muy especial en el cole. Con motivo de la festividad del d\u00eda de Todos los Santos y de Halloween desde el colegio con ayuda de las&#46;&#46;&#46;<\/p>\n","protected":false},"author":4280,"featured_media":0,"comment_status":"open","ping_status":"open","sticky":false,"template":"","format":"standard","meta":{"ngg_post_thumbnail":0,"footnotes":""},"categories":[5991],"tags":[],"aioseo_notices":[],"_links":{"self":[{"href":"https:\/\/blogsaverroes.juntadeandalucia.es\/ceipabardela\/wp-json\/wp\/v2\/posts\/7558"}],"collection":[{"href":"https:\/\/blogsaverroes.juntadeandalucia.es\/ceipabardela\/wp-json\/wp\/v2\/posts"}],"about":[{"href":"https:\/\/blogsaverroes.juntadeandalucia.es\/ceipabardela\/wp-json\/wp\/v2\/types\/post"}],"author":[{"embeddable":true,"href":"https:\/\/blogsaverroes.juntadeandalucia.es\/ceipabardela\/wp-json\/wp\/v2\/users\/4280"}],"replies":[{"embeddable":true,"href":"https:\/\/blogsaverroes.juntadeandalucia.es\/ceipabardela\/wp-json\/wp\/v2\/comments?post=7558"}],"version-history":[{"count":2,"href":"https:\/\/blogsaverroes.juntadeandalucia.es\/ceipabardela\/wp-json\/wp\/v2\/posts\/7558\/revisions"}],"predecessor-version":[{"id":7577,"href":"https:\/\/blogsaverroes.juntadeandalucia.es\/ceipabardela\/wp-json\/wp\/v2\/posts\/7558\/revisions\/7577"}],"wp:attachment":[{"href":"https:\/\/blogsaverroes.juntadeandalucia.es\/ceipabardela\/wp-json\/wp\/v2\/media?parent=7558"}],"wp:term":[{"taxonomy":"category","embeddable":true,"href":"https:\/\/blogsaverroes.juntadeandalucia.es\/ceipabardela\/wp-json\/wp\/v2\/categories?post=7558"},{"taxonomy":"post_tag","embeddable":true,"href":"https:\/\/blogsaverroes.juntadeandalucia.es\/ceipabardela\/wp-json\/wp\/v2\/tags?post=7558"}],"curies":[{"name":"wp","href":"https:\/\/api.w.org\/{rel}","templated":true}]}}