{"id":7588,"date":"2025-01-09T12:40:35","date_gmt":"2025-01-09T12:40:35","guid":{"rendered":"https:\/\/blogsaverroes.juntadeandalucia.es\/ceipabardela\/?p=7588"},"modified":"2025-01-09T12:40:35","modified_gmt":"2025-01-09T12:40:35","slug":"logo-de-la-biblioteca-escolar","status":"publish","type":"post","link":"https:\/\/blogsaverroes.juntadeandalucia.es\/ceipabardela\/logo-de-la-biblioteca-escolar\/","title":{"rendered":"LOGO DE LA BIBLIOTECA ESCOLAR"},"content":{"rendered":"<p>Durante el mes de diciembre se celebraron diferentes efem\u00e9rides entre las que se encontraban el d\u00eda de la Constituci\u00f3n y el D\u00eda de la Lectura en Andaluc\u00eda. Para ello, el equipo de biblioteca con objetivo de darle la importancia que merece este lugar, propuso al alumnado del centro realizar un logo para la biblioteca. Con ayuda de la se\u00f1o Irene el alumnado realiz\u00f3 su logo.&nbsp;<\/p>\n<p>Para elegir el logo que representara a nuestra biblioteca, todo el alumnado del centro vot\u00f3 el dibujo que m\u00e1s le gustara.&nbsp;<\/p>\n<p>Por tanto, con el fin de entender nuestra Constituci\u00f3n el alumnado vot\u00f3 el logo a la biblioteca, haciendo unas elecciones con los componentes de la mesa electoral elegidos por sorteo. Una vez realizado el recuento de votos, el logo ganador correspondi\u00f3 a Valentina de 5\u00ba.<\/p>\n<p style=\"text-align: center\">Alumnado del centro votando su logo favorito.&nbsp;<\/p>\n<p><img loading=\"lazy\" decoding=\"async\" class=\"aligncenter size-large wp-image-7600\" src=\"https:\/\/blogsaverroes.juntadeandalucia.es\/ceipabardela\/files\/2025\/01\/WhatsApp-Image-2025-01-09-at-12.46.45-1024x768.jpeg\" alt=\"\" width=\"1024\" height=\"768\" srcset=\"https:\/\/blogsaverroes.juntadeandalucia.es\/ceipabardela\/files\/2025\/01\/WhatsApp-Image-2025-01-09-at-12.46.45-1024x768.jpeg 1024w, https:\/\/blogsaverroes.juntadeandalucia.es\/ceipabardela\/files\/2025\/01\/WhatsApp-Image-2025-01-09-at-12.46.45-300x225.jpeg 300w, https:\/\/blogsaverroes.juntadeandalucia.es\/ceipabardela\/files\/2025\/01\/WhatsApp-Image-2025-01-09-at-12.46.45-768x576.jpeg 768w, https:\/\/blogsaverroes.juntadeandalucia.es\/ceipabardela\/files\/2025\/01\/WhatsApp-Image-2025-01-09-at-12.46.45-1536x1152.jpeg 1536w, https:\/\/blogsaverroes.juntadeandalucia.es\/ceipabardela\/files\/2025\/01\/WhatsApp-Image-2025-01-09-at-12.46.45.jpeg 1600w\" sizes=\"(max-width: 1024px) 100vw, 1024px\" \/><img loading=\"lazy\" decoding=\"async\" class=\"aligncenter size-large wp-image-7599\" src=\"https:\/\/blogsaverroes.juntadeandalucia.es\/ceipabardela\/files\/2025\/01\/WhatsApp-Image-2025-01-09-at-12.46.46-1024x768.jpeg\" alt=\"\" width=\"1024\" height=\"768\" srcset=\"https:\/\/blogsaverroes.juntadeandalucia.es\/ceipabardela\/files\/2025\/01\/WhatsApp-Image-2025-01-09-at-12.46.46-1024x768.jpeg 1024w, https:\/\/blogsaverroes.juntadeandalucia.es\/ceipabardela\/files\/2025\/01\/WhatsApp-Image-2025-01-09-at-12.46.46-300x225.jpeg 300w, https:\/\/blogsaverroes.juntadeandalucia.es\/ceipabardela\/files\/2025\/01\/WhatsApp-Image-2025-01-09-at-12.46.46-768x576.jpeg 768w, https:\/\/blogsaverroes.juntadeandalucia.es\/ceipabardela\/files\/2025\/01\/WhatsApp-Image-2025-01-09-at-12.46.46-1536x1152.jpeg 1536w, https:\/\/blogsaverroes.juntadeandalucia.es\/ceipabardela\/files\/2025\/01\/WhatsApp-Image-2025-01-09-at-12.46.46.jpeg 1600w\" sizes=\"(max-width: 1024px) 100vw, 1024px\" \/><img loading=\"lazy\" decoding=\"async\" class=\"aligncenter size-large wp-image-7598\" src=\"https:\/\/blogsaverroes.juntadeandalucia.es\/ceipabardela\/files\/2025\/01\/WhatsApp-Image-2025-01-09-at-12.46.46-1-1024x768.jpeg\" alt=\"\" width=\"1024\" height=\"768\" srcset=\"https:\/\/blogsaverroes.juntadeandalucia.es\/ceipabardela\/files\/2025\/01\/WhatsApp-Image-2025-01-09-at-12.46.46-1-1024x768.jpeg 1024w, https:\/\/blogsaverroes.juntadeandalucia.es\/ceipabardela\/files\/2025\/01\/WhatsApp-Image-2025-01-09-at-12.46.46-1-300x225.jpeg 300w, https:\/\/blogsaverroes.juntadeandalucia.es\/ceipabardela\/files\/2025\/01\/WhatsApp-Image-2025-01-09-at-12.46.46-1-768x576.jpeg 768w, https:\/\/blogsaverroes.juntadeandalucia.es\/ceipabardela\/files\/2025\/01\/WhatsApp-Image-2025-01-09-at-12.46.46-1-1536x1152.jpeg 1536w, https:\/\/blogsaverroes.juntadeandalucia.es\/ceipabardela\/files\/2025\/01\/WhatsApp-Image-2025-01-09-at-12.46.46-1.jpeg 1600w\" sizes=\"(max-width: 1024px) 100vw, 1024px\" \/><img loading=\"lazy\" decoding=\"async\" class=\"aligncenter size-large wp-image-7597\" src=\"https:\/\/blogsaverroes.juntadeandalucia.es\/ceipabardela\/files\/2025\/01\/WhatsApp-Image-2025-01-09-at-12.46.46-2-1024x768.jpeg\" alt=\"\" width=\"1024\" height=\"768\" srcset=\"https:\/\/blogsaverroes.juntadeandalucia.es\/ceipabardela\/files\/2025\/01\/WhatsApp-Image-2025-01-09-at-12.46.46-2-1024x768.jpeg 1024w, https:\/\/blogsaverroes.juntadeandalucia.es\/ceipabardela\/files\/2025\/01\/WhatsApp-Image-2025-01-09-at-12.46.46-2-300x225.jpeg 300w, https:\/\/blogsaverroes.juntadeandalucia.es\/ceipabardela\/files\/2025\/01\/WhatsApp-Image-2025-01-09-at-12.46.46-2-768x576.jpeg 768w, https:\/\/blogsaverroes.juntadeandalucia.es\/ceipabardela\/files\/2025\/01\/WhatsApp-Image-2025-01-09-at-12.46.46-2-1536x1152.jpeg 1536w, https:\/\/blogsaverroes.juntadeandalucia.es\/ceipabardela\/files\/2025\/01\/WhatsApp-Image-2025-01-09-at-12.46.46-2.jpeg 1600w\" sizes=\"(max-width: 1024px) 100vw, 1024px\" \/><img loading=\"lazy\" decoding=\"async\" class=\"aligncenter size-large wp-image-7596\" src=\"https:\/\/blogsaverroes.juntadeandalucia.es\/ceipabardela\/files\/2025\/01\/WhatsApp-Image-2025-01-09-at-12.46.46-3-1024x768.jpeg\" alt=\"\" width=\"1024\" height=\"768\" srcset=\"https:\/\/blogsaverroes.juntadeandalucia.es\/ceipabardela\/files\/2025\/01\/WhatsApp-Image-2025-01-09-at-12.46.46-3-1024x768.jpeg 1024w, https:\/\/blogsaverroes.juntadeandalucia.es\/ceipabardela\/files\/2025\/01\/WhatsApp-Image-2025-01-09-at-12.46.46-3-300x225.jpeg 300w, https:\/\/blogsaverroes.juntadeandalucia.es\/ceipabardela\/files\/2025\/01\/WhatsApp-Image-2025-01-09-at-12.46.46-3-768x576.jpeg 768w, https:\/\/blogsaverroes.juntadeandalucia.es\/ceipabardela\/files\/2025\/01\/WhatsApp-Image-2025-01-09-at-12.46.46-3-1536x1152.jpeg 1536w, https:\/\/blogsaverroes.juntadeandalucia.es\/ceipabardela\/files\/2025\/01\/WhatsApp-Image-2025-01-09-at-12.46.46-3.jpeg 1600w\" sizes=\"(max-width: 1024px) 100vw, 1024px\" \/><img loading=\"lazy\" decoding=\"async\" class=\"aligncenter size-large wp-image-7595\" src=\"https:\/\/blogsaverroes.juntadeandalucia.es\/ceipabardela\/files\/2025\/01\/WhatsApp-Image-2025-01-09-at-12.46.46-4-768x1024.jpeg\" alt=\"\" width=\"768\" height=\"1024\" srcset=\"https:\/\/blogsaverroes.juntadeandalucia.es\/ceipabardela\/files\/2025\/01\/WhatsApp-Image-2025-01-09-at-12.46.46-4-768x1024.jpeg 768w, https:\/\/blogsaverroes.juntadeandalucia.es\/ceipabardela\/files\/2025\/01\/WhatsApp-Image-2025-01-09-at-12.46.46-4-225x300.jpeg 225w, https:\/\/blogsaverroes.juntadeandalucia.es\/ceipabardela\/files\/2025\/01\/WhatsApp-Image-2025-01-09-at-12.46.46-4-1152x1536.jpeg 1152w, https:\/\/blogsaverroes.juntadeandalucia.es\/ceipabardela\/files\/2025\/01\/WhatsApp-Image-2025-01-09-at-12.46.46-4.jpeg 1200w\" sizes=\"(max-width: 768px) 100vw, 768px\" \/><img loading=\"lazy\" decoding=\"async\" class=\"aligncenter size-large wp-image-7593\" src=\"https:\/\/blogsaverroes.juntadeandalucia.es\/ceipabardela\/files\/2025\/01\/WhatsApp-Image-2025-01-09-at-12.46.46-6-1024x768.jpeg\" alt=\"\" width=\"1024\" height=\"768\" srcset=\"https:\/\/blogsaverroes.juntadeandalucia.es\/ceipabardela\/files\/2025\/01\/WhatsApp-Image-2025-01-09-at-12.46.46-6-1024x768.jpeg 1024w, https:\/\/blogsaverroes.juntadeandalucia.es\/ceipabardela\/files\/2025\/01\/WhatsApp-Image-2025-01-09-at-12.46.46-6-300x225.jpeg 300w, https:\/\/blogsaverroes.juntadeandalucia.es\/ceipabardela\/files\/2025\/01\/WhatsApp-Image-2025-01-09-at-12.46.46-6-768x576.jpeg 768w, https:\/\/blogsaverroes.juntadeandalucia.es\/ceipabardela\/files\/2025\/01\/WhatsApp-Image-2025-01-09-at-12.46.46-6-1536x1152.jpeg 1536w, https:\/\/blogsaverroes.juntadeandalucia.es\/ceipabardela\/files\/2025\/01\/WhatsApp-Image-2025-01-09-at-12.46.46-6.jpeg 1600w\" sizes=\"(max-width: 1024px) 100vw, 1024px\" \/><img loading=\"lazy\" decoding=\"async\" class=\"aligncenter wp-image-7592 size-large\" src=\"https:\/\/blogsaverroes.juntadeandalucia.es\/ceipabardela\/files\/2025\/01\/WhatsApp-Image-2025-01-09-at-12.46.46-7-768x1024.jpeg\" alt=\"Alumnado del centro haciendo la elecci\u00f3n del logo y votando. \" width=\"768\" height=\"1024\" srcset=\"https:\/\/blogsaverroes.juntadeandalucia.es\/ceipabardela\/files\/2025\/01\/WhatsApp-Image-2025-01-09-at-12.46.46-7-768x1024.jpeg 768w, https:\/\/blogsaverroes.juntadeandalucia.es\/ceipabardela\/files\/2025\/01\/WhatsApp-Image-2025-01-09-at-12.46.46-7-225x300.jpeg 225w, https:\/\/blogsaverroes.juntadeandalucia.es\/ceipabardela\/files\/2025\/01\/WhatsApp-Image-2025-01-09-at-12.46.46-7-1152x1536.jpeg 1152w, https:\/\/blogsaverroes.juntadeandalucia.es\/ceipabardela\/files\/2025\/01\/WhatsApp-Image-2025-01-09-at-12.46.46-7.jpeg 1200w\" sizes=\"(max-width: 768px) 100vw, 768px\" \/><\/p>\n<blockquote>\n<p style=\"text-align: center\">Recuento de los votos y cierre de la mesa electoral.&nbsp;<\/p>\n<\/blockquote>\n<p><img loading=\"lazy\" decoding=\"async\" class=\"aligncenter size-large wp-image-7589\" src=\"https:\/\/blogsaverroes.juntadeandalucia.es\/ceipabardela\/files\/2025\/01\/WhatsApp-Image-2025-01-09-at-12.46.46-10-768x1024.jpeg\" alt=\"\" width=\"768\" height=\"1024\" srcset=\"https:\/\/blogsaverroes.juntadeandalucia.es\/ceipabardela\/files\/2025\/01\/WhatsApp-Image-2025-01-09-at-12.46.46-10-768x1024.jpeg 768w, https:\/\/blogsaverroes.juntadeandalucia.es\/ceipabardela\/files\/2025\/01\/WhatsApp-Image-2025-01-09-at-12.46.46-10-225x300.jpeg 225w, https:\/\/blogsaverroes.juntadeandalucia.es\/ceipabardela\/files\/2025\/01\/WhatsApp-Image-2025-01-09-at-12.46.46-10-1152x1536.jpeg 1152w, https:\/\/blogsaverroes.juntadeandalucia.es\/ceipabardela\/files\/2025\/01\/WhatsApp-Image-2025-01-09-at-12.46.46-10.jpeg 1200w\" sizes=\"(max-width: 768px) 100vw, 768px\" \/><\/p>\n<p><img loading=\"lazy\" decoding=\"async\" class=\"aligncenter size-large wp-image-7590\" src=\"https:\/\/blogsaverroes.juntadeandalucia.es\/ceipabardela\/files\/2025\/01\/WhatsApp-Image-2025-01-09-at-12.46.46-9-1024x768.jpeg\" alt=\"\" width=\"1024\" height=\"768\" srcset=\"https:\/\/blogsaverroes.juntadeandalucia.es\/ceipabardela\/files\/2025\/01\/WhatsApp-Image-2025-01-09-at-12.46.46-9-1024x768.jpeg 1024w, https:\/\/blogsaverroes.juntadeandalucia.es\/ceipabardela\/files\/2025\/01\/WhatsApp-Image-2025-01-09-at-12.46.46-9-300x225.jpeg 300w, https:\/\/blogsaverroes.juntadeandalucia.es\/ceipabardela\/files\/2025\/01\/WhatsApp-Image-2025-01-09-at-12.46.46-9-768x576.jpeg 768w, https:\/\/blogsaverroes.juntadeandalucia.es\/ceipabardela\/files\/2025\/01\/WhatsApp-Image-2025-01-09-at-12.46.46-9-1536x1152.jpeg 1536w, https:\/\/blogsaverroes.juntadeandalucia.es\/ceipabardela\/files\/2025\/01\/WhatsApp-Image-2025-01-09-at-12.46.46-9.jpeg 1600w\" sizes=\"(max-width: 1024px) 100vw, 1024px\" \/><\/p>\n<blockquote>\n<p style=\"text-align: center\"><strong>LOGO GANADOR DE VALENTINA 5\u00ba.<\/strong>&nbsp;<\/p>\n<\/blockquote>\n<p><img loading=\"lazy\" decoding=\"async\" class=\"aligncenter size-large wp-image-7602\" src=\"https:\/\/blogsaverroes.juntadeandalucia.es\/ceipabardela\/files\/2025\/01\/WhatsApp-Image-2025-01-09-at-13.37.22-1024x768.jpeg\" alt=\"\" width=\"1024\" height=\"768\" srcset=\"https:\/\/blogsaverroes.juntadeandalucia.es\/ceipabardela\/files\/2025\/01\/WhatsApp-Image-2025-01-09-at-13.37.22-1024x768.jpeg 1024w, https:\/\/blogsaverroes.juntadeandalucia.es\/ceipabardela\/files\/2025\/01\/WhatsApp-Image-2025-01-09-at-13.37.22-300x225.jpeg 300w, https:\/\/blogsaverroes.juntadeandalucia.es\/ceipabardela\/files\/2025\/01\/WhatsApp-Image-2025-01-09-at-13.37.22-768x576.jpeg 768w, https:\/\/blogsaverroes.juntadeandalucia.es\/ceipabardela\/files\/2025\/01\/WhatsApp-Image-2025-01-09-at-13.37.22-1536x1152.jpeg 1536w, https:\/\/blogsaverroes.juntadeandalucia.es\/ceipabardela\/files\/2025\/01\/WhatsApp-Image-2025-01-09-at-13.37.22.jpeg 1600w\" sizes=\"(max-width: 1024px) 100vw, 1024px\" \/><\/p>\n<p>&nbsp;<\/p>\n","protected":false},"excerpt":{"rendered":"<p>Durante el mes de diciembre se celebraron diferentes efem\u00e9rides entre las que se encontraban el d\u00eda de la Constituci\u00f3n y el D\u00eda de la Lectura en Andaluc\u00eda. Para ello, el equipo de biblioteca con&#46;&#46;&#46;<\/p>\n","protected":false},"author":4280,"featured_media":0,"comment_status":"open","ping_status":"open","sticky":false,"template":"","format":"standard","meta":{"ngg_post_thumbnail":0,"footnotes":""},"categories":[1458783,1458765],"tags":[],"aioseo_notices":[],"_links":{"self":[{"href":"https:\/\/blogsaverroes.juntadeandalucia.es\/ceipabardela\/wp-json\/wp\/v2\/posts\/7588"}],"collection":[{"href":"https:\/\/blogsaverroes.juntadeandalucia.es\/ceipabardela\/wp-json\/wp\/v2\/posts"}],"about":[{"href":"https:\/\/blogsaverroes.juntadeandalucia.es\/ceipabardela\/wp-json\/wp\/v2\/types\/post"}],"author":[{"embeddable":true,"href":"https:\/\/blogsaverroes.juntadeandalucia.es\/ceipabardela\/wp-json\/wp\/v2\/users\/4280"}],"replies":[{"embeddable":true,"href":"https:\/\/blogsaverroes.juntadeandalucia.es\/ceipabardela\/wp-json\/wp\/v2\/comments?post=7588"}],"version-history":[{"count":2,"href":"https:\/\/blogsaverroes.juntadeandalucia.es\/ceipabardela\/wp-json\/wp\/v2\/posts\/7588\/revisions"}],"predecessor-version":[{"id":7604,"href":"https:\/\/blogsaverroes.juntadeandalucia.es\/ceipabardela\/wp-json\/wp\/v2\/posts\/7588\/revisions\/7604"}],"wp:attachment":[{"href":"https:\/\/blogsaverroes.juntadeandalucia.es\/ceipabardela\/wp-json\/wp\/v2\/media?parent=7588"}],"wp:term":[{"taxonomy":"category","embeddable":true,"href":"https:\/\/blogsaverroes.juntadeandalucia.es\/ceipabardela\/wp-json\/wp\/v2\/categories?post=7588"},{"taxonomy":"post_tag","embeddable":true,"href":"https:\/\/blogsaverroes.juntadeandalucia.es\/ceipabardela\/wp-json\/wp\/v2\/tags?post=7588"}],"curies":[{"name":"wp","href":"https:\/\/api.w.org\/{rel}","templated":true}]}}