{"id":7748,"date":"2025-10-09T11:02:31","date_gmt":"2025-10-09T11:02:31","guid":{"rendered":"https:\/\/blogsaverroes.juntadeandalucia.es\/ceipabardela\/?p=7748"},"modified":"2025-10-09T11:02:31","modified_gmt":"2025-10-09T11:02:31","slug":"dia-de-la-salud-mental","status":"publish","type":"post","link":"https:\/\/blogsaverroes.juntadeandalucia.es\/ceipabardela\/dia-de-la-salud-mental\/","title":{"rendered":"D\u00cdA DE LA SALUD MENTAL"},"content":{"rendered":"<p>Estimada comunidad educativa,<\/p>\n<p>hoy jueves 9 de octubre, anticip\u00e1ndonos al D\u00eda de la Salud Mental, hemos celebrado este d\u00eda en el cole. Para ello, con la implicaci\u00f3n de las familias, el alumnado ha recibido una nota de amor en su desayuno que han compartido con todos sus compa\u00f1eros y compa\u00f1eras. Por otra parte, todo el alumnado del centro ha escrito una palabra bonita o frase a un compa\u00f1ero o compa\u00f1era elegidos por sorteo.<\/p>\n<p>Hemos pasado un momento muy emotivo y bonito leyendo las notas de las familias y compartiendo las palabras bonitas con los compa\u00f1eros y compa\u00f1eras. Este momento ha servido para comunicarse y relacionarse no solo con compa\u00f1eros y compa\u00f1eras de su clase, sino con todo el alumnado del centro.&nbsp;<\/p>\n<p><em>\u00ab<b>Salud mental<\/b> es <b>salud<\/b> completa. Hablemos, cuidemos y crezcamos en comunidad\u00bb.<\/em><\/p>\n<div style=\"width: 480px;\" class=\"wp-video\"><!--[if lt IE 9]><script>document.createElement('video');<\/script><![endif]-->\n<video class=\"wp-video-shortcode\" id=\"video-7748-1\" width=\"480\" height=\"640\" preload=\"metadata\" controls=\"controls\"><source type=\"video\/mp4\" src=\"https:\/\/blogsaverroes.juntadeandalucia.es\/ceipabardela\/files\/2025\/10\/WhatsApp-Video-2025-10-09-at-12.22.29.mp4?_=1\" \/><a href=\"https:\/\/blogsaverroes.juntadeandalucia.es\/ceipabardela\/files\/2025\/10\/WhatsApp-Video-2025-10-09-at-12.22.29.mp4\">https:\/\/blogsaverroes.juntadeandalucia.es\/ceipabardela\/files\/2025\/10\/WhatsApp-Video-2025-10-09-at-12.22.29.mp4<\/a><\/video><\/div>\n","protected":false},"excerpt":{"rendered":"<p>Estimada comunidad educativa, hoy jueves 9 de octubre, anticip\u00e1ndonos al D\u00eda de la Salud Mental, hemos celebrado este d\u00eda en el cole. Para ello, con la implicaci\u00f3n de las familias, el alumnado ha recibido&#46;&#46;&#46;<\/p>\n","protected":false},"author":4280,"featured_media":0,"comment_status":"open","ping_status":"open","sticky":false,"template":"","format":"standard","meta":{"ngg_post_thumbnail":0,"footnotes":""},"categories":[5991,1458783],"tags":[],"aioseo_notices":[],"_links":{"self":[{"href":"https:\/\/blogsaverroes.juntadeandalucia.es\/ceipabardela\/wp-json\/wp\/v2\/posts\/7748"}],"collection":[{"href":"https:\/\/blogsaverroes.juntadeandalucia.es\/ceipabardela\/wp-json\/wp\/v2\/posts"}],"about":[{"href":"https:\/\/blogsaverroes.juntadeandalucia.es\/ceipabardela\/wp-json\/wp\/v2\/types\/post"}],"author":[{"embeddable":true,"href":"https:\/\/blogsaverroes.juntadeandalucia.es\/ceipabardela\/wp-json\/wp\/v2\/users\/4280"}],"replies":[{"embeddable":true,"href":"https:\/\/blogsaverroes.juntadeandalucia.es\/ceipabardela\/wp-json\/wp\/v2\/comments?post=7748"}],"version-history":[{"count":2,"href":"https:\/\/blogsaverroes.juntadeandalucia.es\/ceipabardela\/wp-json\/wp\/v2\/posts\/7748\/revisions"}],"predecessor-version":[{"id":7751,"href":"https:\/\/blogsaverroes.juntadeandalucia.es\/ceipabardela\/wp-json\/wp\/v2\/posts\/7748\/revisions\/7751"}],"wp:attachment":[{"href":"https:\/\/blogsaverroes.juntadeandalucia.es\/ceipabardela\/wp-json\/wp\/v2\/media?parent=7748"}],"wp:term":[{"taxonomy":"category","embeddable":true,"href":"https:\/\/blogsaverroes.juntadeandalucia.es\/ceipabardela\/wp-json\/wp\/v2\/categories?post=7748"},{"taxonomy":"post_tag","embeddable":true,"href":"https:\/\/blogsaverroes.juntadeandalucia.es\/ceipabardela\/wp-json\/wp\/v2\/tags?post=7748"}],"curies":[{"name":"wp","href":"https:\/\/api.w.org\/{rel}","templated":true}]}}