{"id":7877,"date":"2026-03-19T10:59:03","date_gmt":"2026-03-19T10:59:03","guid":{"rendered":"https:\/\/blogsaverroes.juntadeandalucia.es\/ceipabardela\/?p=7877"},"modified":"2026-03-19T10:59:11","modified_gmt":"2026-03-19T10:59:11","slug":"celebramos-nuestro-carnaval","status":"publish","type":"post","link":"https:\/\/blogsaverroes.juntadeandalucia.es\/ceipabardela\/celebramos-nuestro-carnaval\/","title":{"rendered":"\u00a1Celebramos nuestro Carnaval!"},"content":{"rendered":"<p>El pasado 20 de febrero celebramos en nuestro centro una de las fiestas m\u00e1s alegres y coloridas del a\u00f1o: \u00a1el Carnaval!<\/p>\n<p>Para conmemorar este d\u00eda tan especial, organizamos un bonito paseo por el pueblo en el que todo el alumnado particip\u00f3 con gran entusiasmo. Todo el alumnado junto con el profesorado, salimos a las calles luciendo nuestros originales disfraces, llenando el entorno de color, creatividad y mucha ilusi\u00f3n.<\/p>\n<p>Durante el recorrido, estuvimos acompa\u00f1ados de m\u00fasica, lo que hizo que el ambiente fuera a\u00fan m\u00e1s festivo y animado. Entre risas, bailes y saludos a los vecinos, compartimos un momento muy especial que permiti\u00f3 acercar la escuela a la comunidad y disfrutar juntos de esta tradici\u00f3n.<\/p>\n<p>Sin duda, fue una jornada inolvidable en la que rein\u00f3 la alegr\u00eda, la convivencia y el esp\u00edritu carnavalero.<\/p>\n<p>\u00a1Ya estamos deseando repetir el pr\u00f3ximo a\u00f1o!<\/p>\n<p>&nbsp;<\/p>\n<p><img loading=\"lazy\" decoding=\"async\" class=\"aligncenter size-large wp-image-7878\" src=\"https:\/\/blogsaverroes.juntadeandalucia.es\/ceipabardela\/files\/2026\/03\/WhatsApp-Image-2026-03-19-at-11.46.42-768x1024.jpeg\" alt=\"\" width=\"768\" height=\"1024\" srcset=\"https:\/\/blogsaverroes.juntadeandalucia.es\/ceipabardela\/files\/2026\/03\/WhatsApp-Image-2026-03-19-at-11.46.42-768x1024.jpeg 768w, https:\/\/blogsaverroes.juntadeandalucia.es\/ceipabardela\/files\/2026\/03\/WhatsApp-Image-2026-03-19-at-11.46.42-225x300.jpeg 225w, https:\/\/blogsaverroes.juntadeandalucia.es\/ceipabardela\/files\/2026\/03\/WhatsApp-Image-2026-03-19-at-11.46.42-1152x1536.jpeg 1152w, https:\/\/blogsaverroes.juntadeandalucia.es\/ceipabardela\/files\/2026\/03\/WhatsApp-Image-2026-03-19-at-11.46.42.jpeg 1200w\" sizes=\"(max-width: 768px) 100vw, 768px\" \/><\/p>\n<p>&nbsp;<\/p>\n<p><img loading=\"lazy\" decoding=\"async\" class=\"aligncenter size-large wp-image-7879\" src=\"https:\/\/blogsaverroes.juntadeandalucia.es\/ceipabardela\/files\/2026\/03\/WhatsApp-Image-2026-03-19-at-11.46.35-1024x768.jpeg\" alt=\"\" width=\"1024\" height=\"768\" srcset=\"https:\/\/blogsaverroes.juntadeandalucia.es\/ceipabardela\/files\/2026\/03\/WhatsApp-Image-2026-03-19-at-11.46.35-1024x768.jpeg 1024w, https:\/\/blogsaverroes.juntadeandalucia.es\/ceipabardela\/files\/2026\/03\/WhatsApp-Image-2026-03-19-at-11.46.35-300x225.jpeg 300w, https:\/\/blogsaverroes.juntadeandalucia.es\/ceipabardela\/files\/2026\/03\/WhatsApp-Image-2026-03-19-at-11.46.35-768x576.jpeg 768w, https:\/\/blogsaverroes.juntadeandalucia.es\/ceipabardela\/files\/2026\/03\/WhatsApp-Image-2026-03-19-at-11.46.35-1536x1152.jpeg 1536w, https:\/\/blogsaverroes.juntadeandalucia.es\/ceipabardela\/files\/2026\/03\/WhatsApp-Image-2026-03-19-at-11.46.35.jpeg 1600w\" sizes=\"(max-width: 1024px) 100vw, 1024px\" \/><\/p>\n<p>&nbsp;<\/p>\n<div style=\"width: 478px;\" class=\"wp-video\"><!--[if lt IE 9]><script>document.createElement('video');<\/script><![endif]-->\n<video class=\"wp-video-shortcode\" id=\"video-7877-1\" width=\"478\" height=\"850\" preload=\"metadata\" controls=\"controls\"><source type=\"video\/mp4\" src=\"https:\/\/blogsaverroes.juntadeandalucia.es\/ceipabardela\/files\/2026\/03\/WhatsApp-Video-2026-03-19-at-11.46.39.mp4?_=1\" \/><a href=\"https:\/\/blogsaverroes.juntadeandalucia.es\/ceipabardela\/files\/2026\/03\/WhatsApp-Video-2026-03-19-at-11.46.39.mp4\">https:\/\/blogsaverroes.juntadeandalucia.es\/ceipabardela\/files\/2026\/03\/WhatsApp-Video-2026-03-19-at-11.46.39.mp4<\/a><\/video><\/div>\n","protected":false},"excerpt":{"rendered":"<p>El pasado 20 de febrero celebramos en nuestro centro una de las fiestas m\u00e1s alegres y coloridas del a\u00f1o: \u00a1el Carnaval! Para conmemorar este d\u00eda tan especial, organizamos un bonito paseo por el pueblo&#46;&#46;&#46;<\/p>\n","protected":false},"author":4280,"featured_media":0,"comment_status":"open","ping_status":"open","sticky":false,"template":"","format":"standard","meta":{"ngg_post_thumbnail":0,"footnotes":""},"categories":[5991,1458759,1458783,1458766],"tags":[],"aioseo_notices":[],"_links":{"self":[{"href":"https:\/\/blogsaverroes.juntadeandalucia.es\/ceipabardela\/wp-json\/wp\/v2\/posts\/7877"}],"collection":[{"href":"https:\/\/blogsaverroes.juntadeandalucia.es\/ceipabardela\/wp-json\/wp\/v2\/posts"}],"about":[{"href":"https:\/\/blogsaverroes.juntadeandalucia.es\/ceipabardela\/wp-json\/wp\/v2\/types\/post"}],"author":[{"embeddable":true,"href":"https:\/\/blogsaverroes.juntadeandalucia.es\/ceipabardela\/wp-json\/wp\/v2\/users\/4280"}],"replies":[{"embeddable":true,"href":"https:\/\/blogsaverroes.juntadeandalucia.es\/ceipabardela\/wp-json\/wp\/v2\/comments?post=7877"}],"version-history":[{"count":2,"href":"https:\/\/blogsaverroes.juntadeandalucia.es\/ceipabardela\/wp-json\/wp\/v2\/posts\/7877\/revisions"}],"predecessor-version":[{"id":7883,"href":"https:\/\/blogsaverroes.juntadeandalucia.es\/ceipabardela\/wp-json\/wp\/v2\/posts\/7877\/revisions\/7883"}],"wp:attachment":[{"href":"https:\/\/blogsaverroes.juntadeandalucia.es\/ceipabardela\/wp-json\/wp\/v2\/media?parent=7877"}],"wp:term":[{"taxonomy":"category","embeddable":true,"href":"https:\/\/blogsaverroes.juntadeandalucia.es\/ceipabardela\/wp-json\/wp\/v2\/categories?post=7877"},{"taxonomy":"post_tag","embeddable":true,"href":"https:\/\/blogsaverroes.juntadeandalucia.es\/ceipabardela\/wp-json\/wp\/v2\/tags?post=7877"}],"curies":[{"name":"wp","href":"https:\/\/api.w.org\/{rel}","templated":true}]}}