{"id":1277,"date":"2026-02-15T19:55:22","date_gmt":"2026-02-15T18:55:22","guid":{"rendered":"https:\/\/blogsaverroes.juntadeandalucia.es\/ceipadriano\/?p=1277"},"modified":"2026-02-15T19:58:27","modified_gmt":"2026-02-15T18:58:27","slug":"jornadas-de-puertas-abiertas","status":"publish","type":"post","link":"https:\/\/blogsaverroes.juntadeandalucia.es\/ceipadriano\/jornadas-de-puertas-abiertas\/","title":{"rendered":"JORNADAS DE PUERTAS ABIERTAS"},"content":{"rendered":"<p>\u00bfBuscas un colegio donde tu hijo\/a crezca feliz, seguro y acompa\u00f1ado? Pues te invitamos a que nos acompa\u00f1es en una visita donde podr\u00e1s conocer nuestro Proyecto Educativo, nuestras instalaciones y a parte del equipo que hace posible cada aprendizaje. Inscr\u00edbete en este formulario: <a href=\"https:\/\/forms.gle\/TYvDKQy9xjvYWUd2A\" target=\"_blank\" rel=\"noopener\">https:\/\/forms.gle\/TYvDKQy9xjvYWUd2A<\/a><\/p>\n<p>24 de febrero 2026 a las 16:30h<\/p>\n<p>3 de marzo 2026 a las 17h<\/p>\n<p>17 de marzo 2026 a las 17h<\/p>\n<p><a href=\"https:\/\/forms.gle\/TYvDKQy9xjvYWUd2A\"><img loading=\"lazy\" decoding=\"async\" class=\"aligncenter wp-image-1278 size-large\" src=\"https:\/\/blogsaverroes.juntadeandalucia.es\/ceipadriano\/files\/2026\/01\/CARTEL-JORNADAS-PNG-724x1024.jpeg\" alt=\"\" width=\"724\" height=\"1024\"><\/a><\/p>\n","protected":false},"excerpt":{"rendered":"<p>\u00bfBuscas un colegio donde tu hijo\/a crezca feliz, seguro y acompa\u00f1ado? Pues te invitamos a que nos acompa\u00f1es en una visita donde podr\u00e1s conocer nuestro Proyecto Educativo, nuestras instalaciones y a parte del equipo que hace posible cada aprendizaje. Inscr\u00edbete en este formulario: https:\/\/forms.gle\/TYvDKQy9xjvYWUd2A 24 de febrero 2026 a las 16:30h 3 de marzo 2026 [&hellip;]<\/p>\n","protected":false},"author":21098,"featured_media":1278,"comment_status":"closed","ping_status":"open","sticky":false,"template":"","format":"standard","meta":{"_et_pb_use_builder":"","_et_pb_old_content":"","_et_gb_content_width":"","ngg_post_thumbnail":0,"footnotes":""},"categories":[3,4],"tags":[],"aioseo_notices":[],"_links":{"self":[{"href":"https:\/\/blogsaverroes.juntadeandalucia.es\/ceipadriano\/wp-json\/wp\/v2\/posts\/1277"}],"collection":[{"href":"https:\/\/blogsaverroes.juntadeandalucia.es\/ceipadriano\/wp-json\/wp\/v2\/posts"}],"about":[{"href":"https:\/\/blogsaverroes.juntadeandalucia.es\/ceipadriano\/wp-json\/wp\/v2\/types\/post"}],"author":[{"embeddable":true,"href":"https:\/\/blogsaverroes.juntadeandalucia.es\/ceipadriano\/wp-json\/wp\/v2\/users\/21098"}],"replies":[{"embeddable":true,"href":"https:\/\/blogsaverroes.juntadeandalucia.es\/ceipadriano\/wp-json\/wp\/v2\/comments?post=1277"}],"version-history":[{"count":4,"href":"https:\/\/blogsaverroes.juntadeandalucia.es\/ceipadriano\/wp-json\/wp\/v2\/posts\/1277\/revisions"}],"predecessor-version":[{"id":1282,"href":"https:\/\/blogsaverroes.juntadeandalucia.es\/ceipadriano\/wp-json\/wp\/v2\/posts\/1277\/revisions\/1282"}],"wp:featuredmedia":[{"embeddable":true,"href":"https:\/\/blogsaverroes.juntadeandalucia.es\/ceipadriano\/wp-json\/wp\/v2\/media\/1278"}],"wp:attachment":[{"href":"https:\/\/blogsaverroes.juntadeandalucia.es\/ceipadriano\/wp-json\/wp\/v2\/media?parent=1277"}],"wp:term":[{"taxonomy":"category","embeddable":true,"href":"https:\/\/blogsaverroes.juntadeandalucia.es\/ceipadriano\/wp-json\/wp\/v2\/categories?post=1277"},{"taxonomy":"post_tag","embeddable":true,"href":"https:\/\/blogsaverroes.juntadeandalucia.es\/ceipadriano\/wp-json\/wp\/v2\/tags?post=1277"}],"curies":[{"name":"wp","href":"https:\/\/api.w.org\/{rel}","templated":true}]}}