{"id":1273,"date":"2016-11-16T13:06:55","date_gmt":"2016-11-16T13:06:55","guid":{"rendered":"https:\/\/blogsaverroes.juntadeandalucia.es\/ceipagora\/?p=1273"},"modified":"2016-11-16T13:08:50","modified_gmt":"2016-11-16T13:08:50","slug":"1273","status":"publish","type":"post","link":"https:\/\/blogsaverroes.juntadeandalucia.es\/ceipagora\/2016\/11\/16\/1273\/","title":{"rendered":"1er martes cultural"},"content":{"rendered":"<p style=\"text-align: justify\">Estimadas familias, nos complace anunciarles que el pr\u00f3ximo martes 22 de noviembre tendr\u00e1 lugar el primer martes cultural del curso 2016\/17. En esta ocasi\u00f3n estar\u00e1 con nosotros la academia de baile \u00abON DANCE\u00bb, dedicada a las danzas urbanas, danza contempor\u00e1nea, jazz, hip-hop&#8230;y mucho m\u00e1s.<\/p>\n<p style=\"text-align: justify\">Como siempre hemos intentado reducir al m\u00e1ximo el precio del espect\u00e1culo, en esta ocasi\u00f3n el coste por alumn@ ser\u00e1 de tres euros. A cambio tendremos, como ya es habitual, una actuaci\u00f3n por la ma\u00f1ana para los alumn@s, y otra por la tarde dedicada a las familias.<\/p>\n<p style=\"text-align: justify\">A lo largo de esta semana publicaremos el cartel con los horarios del evento.<\/p>\n<p style=\"text-align: justify\"><a href=\"https:\/\/escuelaconcerebro.wordpress.com\/2016\/05\/30\/cuales-son-las-asignaturas-mas-importantes-para-el-cerebro\/\">Enlace interesante para entender este martes cultural<\/a><\/p>\n","protected":false},"excerpt":{"rendered":"<p>Estimadas familias, nos complace anunciarles que el pr\u00f3ximo martes 22 de noviembre tendr\u00e1 lugar el primer martes cultural del curso 2016\/17. En esta ocasi\u00f3n estar\u00e1 con nosotros la academia de baile \u00abON DANCE\u00bb, dedicada&#46;&#46;&#46;<\/p>\n","protected":false},"author":2427,"featured_media":0,"comment_status":"closed","ping_status":"open","sticky":false,"template":"","format":"standard","meta":{"ngg_post_thumbnail":0,"footnotes":""},"categories":[5852,508267,16],"tags":[],"aioseo_notices":[],"_links":{"self":[{"href":"https:\/\/blogsaverroes.juntadeandalucia.es\/ceipagora\/wp-json\/wp\/v2\/posts\/1273"}],"collection":[{"href":"https:\/\/blogsaverroes.juntadeandalucia.es\/ceipagora\/wp-json\/wp\/v2\/posts"}],"about":[{"href":"https:\/\/blogsaverroes.juntadeandalucia.es\/ceipagora\/wp-json\/wp\/v2\/types\/post"}],"author":[{"embeddable":true,"href":"https:\/\/blogsaverroes.juntadeandalucia.es\/ceipagora\/wp-json\/wp\/v2\/users\/2427"}],"replies":[{"embeddable":true,"href":"https:\/\/blogsaverroes.juntadeandalucia.es\/ceipagora\/wp-json\/wp\/v2\/comments?post=1273"}],"version-history":[{"count":4,"href":"https:\/\/blogsaverroes.juntadeandalucia.es\/ceipagora\/wp-json\/wp\/v2\/posts\/1273\/revisions"}],"predecessor-version":[{"id":1277,"href":"https:\/\/blogsaverroes.juntadeandalucia.es\/ceipagora\/wp-json\/wp\/v2\/posts\/1273\/revisions\/1277"}],"wp:attachment":[{"href":"https:\/\/blogsaverroes.juntadeandalucia.es\/ceipagora\/wp-json\/wp\/v2\/media?parent=1273"}],"wp:term":[{"taxonomy":"category","embeddable":true,"href":"https:\/\/blogsaverroes.juntadeandalucia.es\/ceipagora\/wp-json\/wp\/v2\/categories?post=1273"},{"taxonomy":"post_tag","embeddable":true,"href":"https:\/\/blogsaverroes.juntadeandalucia.es\/ceipagora\/wp-json\/wp\/v2\/tags?post=1273"}],"curies":[{"name":"wp","href":"https:\/\/api.w.org\/{rel}","templated":true}]}}