{"id":1370,"date":"2016-12-02T08:53:35","date_gmt":"2016-12-02T08:53:35","guid":{"rendered":"https:\/\/blogsaverroes.juntadeandalucia.es\/ceipagora\/?p=1370"},"modified":"2016-12-04T18:25:53","modified_gmt":"2016-12-04T18:25:53","slug":"actos-semana-del-running","status":"publish","type":"post","link":"https:\/\/blogsaverroes.juntadeandalucia.es\/ceipagora\/2016\/12\/02\/actos-semana-del-running\/","title":{"rendered":"Actos semana del running"},"content":{"rendered":"<p>En estos d\u00edas se est\u00e1 celebrando la semana del running, cuyos actos culminar\u00e1n con la III Carrera escolar por la constituci\u00f3n el pr\u00f3ximo mi\u00e9rcoles d\u00eda 7 de diciembre. Por ello los alumnos de tercer ciclo de este centro han asistido a charlas a cargo de Juan A. Gonz\u00e1lez (experto en trail running) Antonio Luis G\u00f3mez (triatl\u00f3n) y Marco A. Rufo (experto en atletismo y exatleta profesional). En dichas charlas los alumnos han podido disfrutar de los conocimientos y experiencias deportivas de los ponentes.<br \/>\nDesde el centro les agradecemos su presencia y la dedicaci\u00f3n de su tiempo compartido con nosotros.<a href=\"https:\/\/blogsaverroes.juntadeandalucia.es\/ceipagora\/files\/2016\/12\/20161129_103108.jpg\"><img loading=\"lazy\" decoding=\"async\" class=\"alignleft size-medium wp-image-1371\" src=\"https:\/\/blogsaverroes.juntadeandalucia.es\/ceipagora\/files\/2016\/12\/20161129_103108-300x169.jpg\" alt=\"20161129_103108\" width=\"300\" height=\"169\" srcset=\"https:\/\/blogsaverroes.juntadeandalucia.es\/ceipagora\/files\/2016\/12\/20161129_103108-300x169.jpg 300w, https:\/\/blogsaverroes.juntadeandalucia.es\/ceipagora\/files\/2016\/12\/20161129_103108-1024x576.jpg 1024w, https:\/\/blogsaverroes.juntadeandalucia.es\/ceipagora\/files\/2016\/12\/20161129_103108-700x393.jpg 700w, https:\/\/blogsaverroes.juntadeandalucia.es\/ceipagora\/files\/2016\/12\/20161129_103108.jpg 1600w\" sizes=\"(max-width: 300px) 100vw, 300px\" \/><\/a><br \/>\n<a href=\"https:\/\/blogsaverroes.juntadeandalucia.es\/ceipagora\/files\/2016\/12\/20161129_105658.jpg\"><img loading=\"lazy\" decoding=\"async\" class=\"alignnone size-medium wp-image-1372\" src=\"https:\/\/blogsaverroes.juntadeandalucia.es\/ceipagora\/files\/2016\/12\/20161129_105658-300x169.jpg\" alt=\"20161129_105658\" width=\"300\" height=\"169\" srcset=\"https:\/\/blogsaverroes.juntadeandalucia.es\/ceipagora\/files\/2016\/12\/20161129_105658-300x169.jpg 300w, https:\/\/blogsaverroes.juntadeandalucia.es\/ceipagora\/files\/2016\/12\/20161129_105658-1024x576.jpg 1024w, https:\/\/blogsaverroes.juntadeandalucia.es\/ceipagora\/files\/2016\/12\/20161129_105658-700x393.jpg 700w, https:\/\/blogsaverroes.juntadeandalucia.es\/ceipagora\/files\/2016\/12\/20161129_105658.jpg 1600w\" sizes=\"(max-width: 300px) 100vw, 300px\" \/><\/a><\/p>\n<p><a href=\"https:\/\/blogsaverroes.juntadeandalucia.es\/ceipagora\/files\/2016\/12\/20161129_113721.jpg\"><img loading=\"lazy\" decoding=\"async\" class=\"alignnone size-medium wp-image-1373\" src=\"https:\/\/blogsaverroes.juntadeandalucia.es\/ceipagora\/files\/2016\/12\/20161129_113721-300x169.jpg\" alt=\"20161129_113721\" width=\"300\" height=\"169\" srcset=\"https:\/\/blogsaverroes.juntadeandalucia.es\/ceipagora\/files\/2016\/12\/20161129_113721-300x169.jpg 300w, https:\/\/blogsaverroes.juntadeandalucia.es\/ceipagora\/files\/2016\/12\/20161129_113721-1024x576.jpg 1024w, https:\/\/blogsaverroes.juntadeandalucia.es\/ceipagora\/files\/2016\/12\/20161129_113721-700x393.jpg 700w, https:\/\/blogsaverroes.juntadeandalucia.es\/ceipagora\/files\/2016\/12\/20161129_113721.jpg 1600w\" sizes=\"(max-width: 300px) 100vw, 300px\" \/><\/a><\/p>\n<p><a href=\"https:\/\/blogsaverroes.juntadeandalucia.es\/ceipagora\/files\/2016\/12\/20161201_123300.jpg\"><img loading=\"lazy\" decoding=\"async\" class=\"alignnone size-medium wp-image-1374\" src=\"https:\/\/blogsaverroes.juntadeandalucia.es\/ceipagora\/files\/2016\/12\/20161201_123300-300x169.jpg\" alt=\"20161201_123300\" width=\"300\" height=\"169\" srcset=\"https:\/\/blogsaverroes.juntadeandalucia.es\/ceipagora\/files\/2016\/12\/20161201_123300-300x169.jpg 300w, https:\/\/blogsaverroes.juntadeandalucia.es\/ceipagora\/files\/2016\/12\/20161201_123300-1024x576.jpg 1024w, https:\/\/blogsaverroes.juntadeandalucia.es\/ceipagora\/files\/2016\/12\/20161201_123300-700x393.jpg 700w, https:\/\/blogsaverroes.juntadeandalucia.es\/ceipagora\/files\/2016\/12\/20161201_123300.jpg 1600w\" sizes=\"(max-width: 300px) 100vw, 300px\" \/><\/a><\/p>\n<p><a href=\"https:\/\/blogsaverroes.juntadeandalucia.es\/ceipagora\/files\/2016\/12\/20161201_133406.jpg\"><img loading=\"lazy\" decoding=\"async\" class=\"alignnone size-medium wp-image-1375\" src=\"https:\/\/blogsaverroes.juntadeandalucia.es\/ceipagora\/files\/2016\/12\/20161201_133406-300x169.jpg\" alt=\"20161201_133406\" width=\"300\" height=\"169\" srcset=\"https:\/\/blogsaverroes.juntadeandalucia.es\/ceipagora\/files\/2016\/12\/20161201_133406-300x169.jpg 300w, https:\/\/blogsaverroes.juntadeandalucia.es\/ceipagora\/files\/2016\/12\/20161201_133406-1024x576.jpg 1024w, https:\/\/blogsaverroes.juntadeandalucia.es\/ceipagora\/files\/2016\/12\/20161201_133406-700x393.jpg 700w, https:\/\/blogsaverroes.juntadeandalucia.es\/ceipagora\/files\/2016\/12\/20161201_133406.jpg 1600w\" sizes=\"(max-width: 300px) 100vw, 300px\" \/><\/a><\/p>\n","protected":false},"excerpt":{"rendered":"<p>En estos d\u00edas se est\u00e1 celebrando la semana del running, cuyos actos culminar\u00e1n con la III Carrera escolar por la constituci\u00f3n el pr\u00f3ximo mi\u00e9rcoles d\u00eda 7 de diciembre. Por ello los alumnos de tercer&#46;&#46;&#46;<\/p>\n","protected":false},"author":2427,"featured_media":1371,"comment_status":"closed","ping_status":"open","sticky":false,"template":"","format":"standard","meta":{"ngg_post_thumbnail":0,"footnotes":""},"categories":[508267,16,11909],"tags":[],"aioseo_notices":[],"_links":{"self":[{"href":"https:\/\/blogsaverroes.juntadeandalucia.es\/ceipagora\/wp-json\/wp\/v2\/posts\/1370"}],"collection":[{"href":"https:\/\/blogsaverroes.juntadeandalucia.es\/ceipagora\/wp-json\/wp\/v2\/posts"}],"about":[{"href":"https:\/\/blogsaverroes.juntadeandalucia.es\/ceipagora\/wp-json\/wp\/v2\/types\/post"}],"author":[{"embeddable":true,"href":"https:\/\/blogsaverroes.juntadeandalucia.es\/ceipagora\/wp-json\/wp\/v2\/users\/2427"}],"replies":[{"embeddable":true,"href":"https:\/\/blogsaverroes.juntadeandalucia.es\/ceipagora\/wp-json\/wp\/v2\/comments?post=1370"}],"version-history":[{"count":5,"href":"https:\/\/blogsaverroes.juntadeandalucia.es\/ceipagora\/wp-json\/wp\/v2\/posts\/1370\/revisions"}],"predecessor-version":[{"id":1383,"href":"https:\/\/blogsaverroes.juntadeandalucia.es\/ceipagora\/wp-json\/wp\/v2\/posts\/1370\/revisions\/1383"}],"wp:featuredmedia":[{"embeddable":true,"href":"https:\/\/blogsaverroes.juntadeandalucia.es\/ceipagora\/wp-json\/wp\/v2\/media\/1371"}],"wp:attachment":[{"href":"https:\/\/blogsaverroes.juntadeandalucia.es\/ceipagora\/wp-json\/wp\/v2\/media?parent=1370"}],"wp:term":[{"taxonomy":"category","embeddable":true,"href":"https:\/\/blogsaverroes.juntadeandalucia.es\/ceipagora\/wp-json\/wp\/v2\/categories?post=1370"},{"taxonomy":"post_tag","embeddable":true,"href":"https:\/\/blogsaverroes.juntadeandalucia.es\/ceipagora\/wp-json\/wp\/v2\/tags?post=1370"}],"curies":[{"name":"wp","href":"https:\/\/api.w.org\/{rel}","templated":true}]}}