{"id":1677,"date":"2017-05-18T08:10:02","date_gmt":"2017-05-18T08:10:02","guid":{"rendered":"https:\/\/blogsaverroes.juntadeandalucia.es\/ceipagora\/?p=1677"},"modified":"2017-05-18T08:10:02","modified_gmt":"2017-05-18T08:10:02","slug":"foro-sobre-educacion","status":"publish","type":"post","link":"https:\/\/blogsaverroes.juntadeandalucia.es\/ceipagora\/2017\/05\/18\/foro-sobre-educacion\/","title":{"rendered":"Foro sobre educaci\u00f3n"},"content":{"rendered":"<p style=\"text-align: center\"><strong>Foro educativo<\/strong><\/p>\n<p style=\"text-align: center\"><strong>S\u00e1bado 20 de mayo a las 10:00h.<\/strong><\/p>\n<p><strong>&nbsp;<\/strong><\/p>\n<p><strong>El pr\u00f3ximo s\u00e1bado a las 10:00 de la ma\u00f1ana tendr\u00e1 lugar en el CEIP \u00c1gora un foro-debate abierto a la participaci\u00f3n de toda la comunidad educativa, sobre las pr\u00e1cticas educativas de nuestro centro.<\/strong><\/p>\n<p><strong>&nbsp;<\/strong><\/p>\n<p><strong>La reuni\u00f3n constar\u00e1 de dos partes:<\/strong><\/p>\n<p><strong>&nbsp;<\/strong><\/p>\n<ol>\n<li><strong>El equipo directivo del centro expondr\u00e1 a grandes rasgos la l\u00ednea pedag\u00f3gica de nuestro centro.<\/strong><\/li>\n<li><strong>Se abrir\u00e1 la participaci\u00f3n al debate a tod@s l@s asistentes.<\/strong><\/li>\n<\/ol>\n","protected":false},"excerpt":{"rendered":"<p>Foro educativo S\u00e1bado 20 de mayo a las 10:00h. &nbsp; El pr\u00f3ximo s\u00e1bado a las 10:00 de la ma\u00f1ana tendr\u00e1 lugar en el CEIP \u00c1gora un foro-debate abierto a la participaci\u00f3n de toda la&#46;&#46;&#46;<\/p>\n","protected":false},"author":2427,"featured_media":0,"comment_status":"closed","ping_status":"open","sticky":false,"template":"","format":"standard","meta":{"ngg_post_thumbnail":0,"footnotes":""},"categories":[508267,16],"tags":[],"aioseo_notices":[],"_links":{"self":[{"href":"https:\/\/blogsaverroes.juntadeandalucia.es\/ceipagora\/wp-json\/wp\/v2\/posts\/1677"}],"collection":[{"href":"https:\/\/blogsaverroes.juntadeandalucia.es\/ceipagora\/wp-json\/wp\/v2\/posts"}],"about":[{"href":"https:\/\/blogsaverroes.juntadeandalucia.es\/ceipagora\/wp-json\/wp\/v2\/types\/post"}],"author":[{"embeddable":true,"href":"https:\/\/blogsaverroes.juntadeandalucia.es\/ceipagora\/wp-json\/wp\/v2\/users\/2427"}],"replies":[{"embeddable":true,"href":"https:\/\/blogsaverroes.juntadeandalucia.es\/ceipagora\/wp-json\/wp\/v2\/comments?post=1677"}],"version-history":[{"count":1,"href":"https:\/\/blogsaverroes.juntadeandalucia.es\/ceipagora\/wp-json\/wp\/v2\/posts\/1677\/revisions"}],"predecessor-version":[{"id":1678,"href":"https:\/\/blogsaverroes.juntadeandalucia.es\/ceipagora\/wp-json\/wp\/v2\/posts\/1677\/revisions\/1678"}],"wp:attachment":[{"href":"https:\/\/blogsaverroes.juntadeandalucia.es\/ceipagora\/wp-json\/wp\/v2\/media?parent=1677"}],"wp:term":[{"taxonomy":"category","embeddable":true,"href":"https:\/\/blogsaverroes.juntadeandalucia.es\/ceipagora\/wp-json\/wp\/v2\/categories?post=1677"},{"taxonomy":"post_tag","embeddable":true,"href":"https:\/\/blogsaverroes.juntadeandalucia.es\/ceipagora\/wp-json\/wp\/v2\/tags?post=1677"}],"curies":[{"name":"wp","href":"https:\/\/api.w.org\/{rel}","templated":true}]}}