{"id":1758,"date":"2017-09-01T08:55:12","date_gmt":"2017-09-01T08:55:12","guid":{"rendered":"https:\/\/blogsaverroes.juntadeandalucia.es\/ceipagora\/?p=1758"},"modified":"2017-09-22T09:20:39","modified_gmt":"2017-09-22T09:20:39","slug":"inicio-de-curso-2","status":"publish","type":"post","link":"https:\/\/blogsaverroes.juntadeandalucia.es\/ceipagora\/2017\/09\/01\/inicio-de-curso-2\/","title":{"rendered":"Inicio de curso"},"content":{"rendered":"<p>Desde la direcci\u00f3n del CEIP \u00c1gora se comunica que el inicio del curso lectivo 2017\/2018 ser\u00e1 el &nbsp;lunes d\u00eda 11 de septiembre en horario de 12 a 14 horas y en horario de 9 a 14 horas a partir del d\u00eda 12 del mismo mes.<\/p>\n<p>Saludos.<\/p>\n","protected":false},"excerpt":{"rendered":"<p>Desde la direcci\u00f3n del CEIP \u00c1gora se comunica que el inicio del curso lectivo 2017\/2018 ser\u00e1 el &nbsp;lunes d\u00eda 11 de septiembre en horario de 12 a 14 horas y en horario de 9&#46;&#46;&#46;<\/p>\n","protected":false},"author":2427,"featured_media":0,"comment_status":"closed","ping_status":"open","sticky":false,"template":"","format":"standard","meta":{"ngg_post_thumbnail":0,"footnotes":""},"categories":[965,5852,508267,16],"tags":[],"aioseo_notices":[],"_links":{"self":[{"href":"https:\/\/blogsaverroes.juntadeandalucia.es\/ceipagora\/wp-json\/wp\/v2\/posts\/1758"}],"collection":[{"href":"https:\/\/blogsaverroes.juntadeandalucia.es\/ceipagora\/wp-json\/wp\/v2\/posts"}],"about":[{"href":"https:\/\/blogsaverroes.juntadeandalucia.es\/ceipagora\/wp-json\/wp\/v2\/types\/post"}],"author":[{"embeddable":true,"href":"https:\/\/blogsaverroes.juntadeandalucia.es\/ceipagora\/wp-json\/wp\/v2\/users\/2427"}],"replies":[{"embeddable":true,"href":"https:\/\/blogsaverroes.juntadeandalucia.es\/ceipagora\/wp-json\/wp\/v2\/comments?post=1758"}],"version-history":[{"count":1,"href":"https:\/\/blogsaverroes.juntadeandalucia.es\/ceipagora\/wp-json\/wp\/v2\/posts\/1758\/revisions"}],"predecessor-version":[{"id":1759,"href":"https:\/\/blogsaverroes.juntadeandalucia.es\/ceipagora\/wp-json\/wp\/v2\/posts\/1758\/revisions\/1759"}],"wp:attachment":[{"href":"https:\/\/blogsaverroes.juntadeandalucia.es\/ceipagora\/wp-json\/wp\/v2\/media?parent=1758"}],"wp:term":[{"taxonomy":"category","embeddable":true,"href":"https:\/\/blogsaverroes.juntadeandalucia.es\/ceipagora\/wp-json\/wp\/v2\/categories?post=1758"},{"taxonomy":"post_tag","embeddable":true,"href":"https:\/\/blogsaverroes.juntadeandalucia.es\/ceipagora\/wp-json\/wp\/v2\/tags?post=1758"}],"curies":[{"name":"wp","href":"https:\/\/api.w.org\/{rel}","templated":true}]}}