{"id":1871,"date":"2017-11-23T11:09:31","date_gmt":"2017-11-23T11:09:31","guid":{"rendered":"https:\/\/blogsaverroes.juntadeandalucia.es\/ceipagora\/?p=1871"},"modified":"2017-11-23T11:09:31","modified_gmt":"2017-11-23T11:09:31","slug":"carrera-intercentros-dia-constitucion","status":"publish","type":"post","link":"https:\/\/blogsaverroes.juntadeandalucia.es\/ceipagora\/2017\/11\/23\/carrera-intercentros-dia-constitucion\/","title":{"rendered":"Carrera intercentros d\u00eda constituci\u00f3n"},"content":{"rendered":"<p>Como ya hemos venido organizando en a\u00f1os anteriores, el d\u00eda 5 de diciembre tendremos la IV carrera intercentros entre los alumnos y alumnas del CEIP La Reg\u00fcela y CEIP \u00c1gora. Aqu\u00ed os mostramos el cartel correspondiente de la misma.<\/p>\n<p style=\"text-align: center\">\u00a1VAYAN ENTRENANDO!<\/p>\n<p><a href=\"https:\/\/blogsaverroes.juntadeandalucia.es\/ceipagora\/files\/2017\/11\/cartel-carrera.png\"><img loading=\"lazy\" decoding=\"async\" class=\"aligncenter size-full wp-image-1873\" src=\"https:\/\/blogsaverroes.juntadeandalucia.es\/ceipagora\/files\/2017\/11\/cartel-carrera.png\" alt=\"\" width=\"1440\" height=\"1995\" srcset=\"https:\/\/blogsaverroes.juntadeandalucia.es\/ceipagora\/files\/2017\/11\/cartel-carrera.png 1155w, https:\/\/blogsaverroes.juntadeandalucia.es\/ceipagora\/files\/2017\/11\/cartel-carrera-217x300.png 217w, https:\/\/blogsaverroes.juntadeandalucia.es\/ceipagora\/files\/2017\/11\/cartel-carrera-768x1064.png 768w, https:\/\/blogsaverroes.juntadeandalucia.es\/ceipagora\/files\/2017\/11\/cartel-carrera-739x1024.png 739w, https:\/\/blogsaverroes.juntadeandalucia.es\/ceipagora\/files\/2017\/11\/cartel-carrera-700x970.png 700w, https:\/\/blogsaverroes.juntadeandalucia.es\/ceipagora\/files\/2017\/11\/cartel-carrera-17x24.png 17w, https:\/\/blogsaverroes.juntadeandalucia.es\/ceipagora\/files\/2017\/11\/cartel-carrera-26x36.png 26w, https:\/\/blogsaverroes.juntadeandalucia.es\/ceipagora\/files\/2017\/11\/cartel-carrera-35x48.png 35w\" sizes=\"(max-width: 1440px) 100vw, 1440px\" \/><\/a><\/p>\n","protected":false},"excerpt":{"rendered":"<p>Como ya hemos venido organizando en a\u00f1os anteriores, el d\u00eda 5 de diciembre tendremos la IV carrera intercentros entre los alumnos y alumnas del CEIP La Reg\u00fcela y CEIP \u00c1gora. Aqu\u00ed os mostramos el&#46;&#46;&#46;<\/p>\n","protected":false},"author":2427,"featured_media":0,"comment_status":"closed","ping_status":"open","sticky":false,"template":"","format":"standard","meta":{"ngg_post_thumbnail":0,"footnotes":""},"categories":[32,508267,16],"tags":[],"aioseo_notices":[],"_links":{"self":[{"href":"https:\/\/blogsaverroes.juntadeandalucia.es\/ceipagora\/wp-json\/wp\/v2\/posts\/1871"}],"collection":[{"href":"https:\/\/blogsaverroes.juntadeandalucia.es\/ceipagora\/wp-json\/wp\/v2\/posts"}],"about":[{"href":"https:\/\/blogsaverroes.juntadeandalucia.es\/ceipagora\/wp-json\/wp\/v2\/types\/post"}],"author":[{"embeddable":true,"href":"https:\/\/blogsaverroes.juntadeandalucia.es\/ceipagora\/wp-json\/wp\/v2\/users\/2427"}],"replies":[{"embeddable":true,"href":"https:\/\/blogsaverroes.juntadeandalucia.es\/ceipagora\/wp-json\/wp\/v2\/comments?post=1871"}],"version-history":[{"count":2,"href":"https:\/\/blogsaverroes.juntadeandalucia.es\/ceipagora\/wp-json\/wp\/v2\/posts\/1871\/revisions"}],"predecessor-version":[{"id":1874,"href":"https:\/\/blogsaverroes.juntadeandalucia.es\/ceipagora\/wp-json\/wp\/v2\/posts\/1871\/revisions\/1874"}],"wp:attachment":[{"href":"https:\/\/blogsaverroes.juntadeandalucia.es\/ceipagora\/wp-json\/wp\/v2\/media?parent=1871"}],"wp:term":[{"taxonomy":"category","embeddable":true,"href":"https:\/\/blogsaverroes.juntadeandalucia.es\/ceipagora\/wp-json\/wp\/v2\/categories?post=1871"},{"taxonomy":"post_tag","embeddable":true,"href":"https:\/\/blogsaverroes.juntadeandalucia.es\/ceipagora\/wp-json\/wp\/v2\/tags?post=1871"}],"curies":[{"name":"wp","href":"https:\/\/api.w.org\/{rel}","templated":true}]}}