{"id":2313,"date":"2018-09-05T11:31:46","date_gmt":"2018-09-05T11:31:46","guid":{"rendered":"https:\/\/blogsaverroes.juntadeandalucia.es\/ceipagora\/?p=2313"},"modified":"2018-09-05T11:31:46","modified_gmt":"2018-09-05T11:31:46","slug":"normas-de-comedor","status":"publish","type":"post","link":"https:\/\/blogsaverroes.juntadeandalucia.es\/ceipagora\/2018\/09\/05\/normas-de-comedor\/","title":{"rendered":"Normas de comedor"},"content":{"rendered":"<p><strong>NORMAS DE COMEDOR<\/strong><\/p>\n<p>&#8211; Los ni\u00f1os de infantil los recogen las monitoras a las 13.50h en sus clases correspondientes. Los de primaria se ir\u00e1n solos al comedor cuando salgan de clase (deben irse directamente y ser puntuales).<\/p>\n<p>&#8211; Una vez que se sale al patio despu\u00e9s de haber comido, los ni\u00f1os deben estar en zonas que puedan ser vigilados por las monitoras.<\/p>\n<p>&#8211; La recogida de los ni\u00f1os ser\u00e1 en la puerta del colegio, a partir de las 15.30h o una vez que se haya salido al patio, salvo excepciones a necesidad de las familias.<\/p>\n<p>&#8211; Los d\u00edas de lluvia la recogida ser\u00e1 en la puerta del comedor.<\/p>\n<p>&#8211; Los ni\u00f1os que no hayan asistido a clase un d\u00eda, no podr\u00e1n hacer uso del servicio de comedor ese mismo d\u00eda (la asistencia del&nbsp; tutor en S\u00e9neca debe coincidir con la asistencia al comedor).<\/p>\n<p>&#8211; Los ni\u00f1os que tengan alg\u00fan tipo de alergia, deber\u00e1n entregar con tiempo un informe m\u00e9dico de la misma para poder facilitarle el men\u00fa adecuado.<\/p>\n<p>&#8211; Durante el horario de comedor no se podr\u00e1 comer ning\u00fan tipo de alimento o golosina que no sea del catering.<\/p>\n<p>&#8211; La <strong>justificaci\u00f3n de ausencias<\/strong> al comedor se har\u00e1 a trav\u00e9s de la pg.web del c\u00e1tering <strong><a href=\"http:\/\/www.micomedor.es\">www.micomedor.es<\/a>, <\/strong>adem\u00e1s deber\u00e1 ser notificado al colegio para que no sea recogido por las monitoras.<\/p>\n<p>&#8211; Se ruega que, ante las posibles circunstancias que se puedan presentar a lo largo del curso, se autorice al mayor n\u00famero de personas de confianza para recoger al alumnado. NO SE ENTREGAR\u00c1 BAJO NUNG\u00daN CONCEPTO A PERSONAS NO AUTORIZADAS POR MOTIVOS DE SEGURIDAD.<\/p>\n","protected":false},"excerpt":{"rendered":"<p>NORMAS DE COMEDOR &#8211; Los ni\u00f1os de infantil los recogen las monitoras a las 13.50h en sus clases correspondientes. Los de primaria se ir\u00e1n solos al comedor cuando salgan de clase (deben irse directamente&#46;&#46;&#46;<\/p>\n","protected":false},"author":2427,"featured_media":0,"comment_status":"closed","ping_status":"open","sticky":false,"template":"","format":"standard","meta":{"ngg_post_thumbnail":0,"footnotes":""},"categories":[32,5852,307450,508267,16],"tags":[],"aioseo_notices":[],"_links":{"self":[{"href":"https:\/\/blogsaverroes.juntadeandalucia.es\/ceipagora\/wp-json\/wp\/v2\/posts\/2313"}],"collection":[{"href":"https:\/\/blogsaverroes.juntadeandalucia.es\/ceipagora\/wp-json\/wp\/v2\/posts"}],"about":[{"href":"https:\/\/blogsaverroes.juntadeandalucia.es\/ceipagora\/wp-json\/wp\/v2\/types\/post"}],"author":[{"embeddable":true,"href":"https:\/\/blogsaverroes.juntadeandalucia.es\/ceipagora\/wp-json\/wp\/v2\/users\/2427"}],"replies":[{"embeddable":true,"href":"https:\/\/blogsaverroes.juntadeandalucia.es\/ceipagora\/wp-json\/wp\/v2\/comments?post=2313"}],"version-history":[{"count":2,"href":"https:\/\/blogsaverroes.juntadeandalucia.es\/ceipagora\/wp-json\/wp\/v2\/posts\/2313\/revisions"}],"predecessor-version":[{"id":2315,"href":"https:\/\/blogsaverroes.juntadeandalucia.es\/ceipagora\/wp-json\/wp\/v2\/posts\/2313\/revisions\/2315"}],"wp:attachment":[{"href":"https:\/\/blogsaverroes.juntadeandalucia.es\/ceipagora\/wp-json\/wp\/v2\/media?parent=2313"}],"wp:term":[{"taxonomy":"category","embeddable":true,"href":"https:\/\/blogsaverroes.juntadeandalucia.es\/ceipagora\/wp-json\/wp\/v2\/categories?post=2313"},{"taxonomy":"post_tag","embeddable":true,"href":"https:\/\/blogsaverroes.juntadeandalucia.es\/ceipagora\/wp-json\/wp\/v2\/tags?post=2313"}],"curies":[{"name":"wp","href":"https:\/\/api.w.org\/{rel}","templated":true}]}}