{"id":2316,"date":"2018-09-06T11:56:56","date_gmt":"2018-09-06T11:56:56","guid":{"rendered":"https:\/\/blogsaverroes.juntadeandalucia.es\/ceipagora\/?p=2316"},"modified":"2018-09-07T10:20:26","modified_gmt":"2018-09-07T10:20:26","slug":"listado-de-material","status":"publish","type":"post","link":"https:\/\/blogsaverroes.juntadeandalucia.es\/ceipagora\/2018\/09\/06\/listado-de-material\/","title":{"rendered":"Listado de material"},"content":{"rendered":"<p>Os dejamos los listados de material que han sido publicados en el centro.<\/p>\n<p>En primer ciclo de primaria (1\u00ba y 2\u00ba) materiales necesarios para este curso se comunicar\u00e1n el d\u00eda de la pr\u00f3xima reuni\u00f3n de padres.<\/p>\n<p>&nbsp;<\/p>\n<p><a href=\"https:\/\/blogsaverroes.juntadeandalucia.es\/ceipagora\/files\/2018\/09\/IMG_9612.jpg\"><img loading=\"lazy\" decoding=\"async\" class=\"alignnone size-medium wp-image-2317\" src=\"https:\/\/blogsaverroes.juntadeandalucia.es\/ceipagora\/files\/2018\/09\/IMG_9612-225x300.jpg\" alt=\"\" width=\"225\" height=\"300\" srcset=\"https:\/\/blogsaverroes.juntadeandalucia.es\/ceipagora\/files\/2018\/09\/IMG_9612-225x300.jpg 225w, https:\/\/blogsaverroes.juntadeandalucia.es\/ceipagora\/files\/2018\/09\/IMG_9612-768x1024.jpg 768w, https:\/\/blogsaverroes.juntadeandalucia.es\/ceipagora\/files\/2018\/09\/IMG_9612-700x933.jpg 700w, https:\/\/blogsaverroes.juntadeandalucia.es\/ceipagora\/files\/2018\/09\/IMG_9612-18x24.jpg 18w, https:\/\/blogsaverroes.juntadeandalucia.es\/ceipagora\/files\/2018\/09\/IMG_9612-27x36.jpg 27w, https:\/\/blogsaverroes.juntadeandalucia.es\/ceipagora\/files\/2018\/09\/IMG_9612-36x48.jpg 36w, https:\/\/blogsaverroes.juntadeandalucia.es\/ceipagora\/files\/2018\/09\/IMG_9612.jpg 1200w\" sizes=\"(max-width: 225px) 100vw, 225px\" \/><\/a> &nbsp;<a href=\"https:\/\/blogsaverroes.juntadeandalucia.es\/ceipagora\/files\/2018\/09\/IMG_9615.jpg\"><img loading=\"lazy\" decoding=\"async\" class=\"alignnone size-medium wp-image-2319\" src=\"https:\/\/blogsaverroes.juntadeandalucia.es\/ceipagora\/files\/2018\/09\/IMG_9615-225x300.jpg\" alt=\"\" width=\"225\" height=\"300\" srcset=\"https:\/\/blogsaverroes.juntadeandalucia.es\/ceipagora\/files\/2018\/09\/IMG_9615-225x300.jpg 225w, https:\/\/blogsaverroes.juntadeandalucia.es\/ceipagora\/files\/2018\/09\/IMG_9615-768x1024.jpg 768w, https:\/\/blogsaverroes.juntadeandalucia.es\/ceipagora\/files\/2018\/09\/IMG_9615-700x933.jpg 700w, https:\/\/blogsaverroes.juntadeandalucia.es\/ceipagora\/files\/2018\/09\/IMG_9615-18x24.jpg 18w, https:\/\/blogsaverroes.juntadeandalucia.es\/ceipagora\/files\/2018\/09\/IMG_9615-27x36.jpg 27w, https:\/\/blogsaverroes.juntadeandalucia.es\/ceipagora\/files\/2018\/09\/IMG_9615-36x48.jpg 36w, https:\/\/blogsaverroes.juntadeandalucia.es\/ceipagora\/files\/2018\/09\/IMG_9615.jpg 1200w\" sizes=\"(max-width: 225px) 100vw, 225px\" \/><\/a><a href=\"https:\/\/blogsaverroes.juntadeandalucia.es\/ceipagora\/files\/2018\/09\/cuarto.jpg\"><img loading=\"lazy\" decoding=\"async\" class=\"alignnone size-medium wp-image-2322\" src=\"https:\/\/blogsaverroes.juntadeandalucia.es\/ceipagora\/files\/2018\/09\/cuarto-225x300.jpg\" alt=\"\" width=\"225\" height=\"300\" srcset=\"https:\/\/blogsaverroes.juntadeandalucia.es\/ceipagora\/files\/2018\/09\/cuarto-225x300.jpg 225w, https:\/\/blogsaverroes.juntadeandalucia.es\/ceipagora\/files\/2018\/09\/cuarto-768x1024.jpg 768w, https:\/\/blogsaverroes.juntadeandalucia.es\/ceipagora\/files\/2018\/09\/cuarto-700x933.jpg 700w, https:\/\/blogsaverroes.juntadeandalucia.es\/ceipagora\/files\/2018\/09\/cuarto-18x24.jpg 18w, https:\/\/blogsaverroes.juntadeandalucia.es\/ceipagora\/files\/2018\/09\/cuarto-27x36.jpg 27w, https:\/\/blogsaverroes.juntadeandalucia.es\/ceipagora\/files\/2018\/09\/cuarto-36x48.jpg 36w, https:\/\/blogsaverroes.juntadeandalucia.es\/ceipagora\/files\/2018\/09\/cuarto.jpg 1200w\" sizes=\"(max-width: 225px) 100vw, 225px\" \/><\/a><a href=\"https:\/\/blogsaverroes.juntadeandalucia.es\/ceipagora\/files\/2018\/09\/IMG_9615.jpg\"><\/a><\/p>\n","protected":false},"excerpt":{"rendered":"<p>Os dejamos los listados de material que han sido publicados en el centro. En primer ciclo de primaria (1\u00ba y 2\u00ba) materiales necesarios para este curso se comunicar\u00e1n el d\u00eda de la pr\u00f3xima reuni\u00f3n&#46;&#46;&#46;<\/p>\n","protected":false},"author":2427,"featured_media":0,"comment_status":"closed","ping_status":"open","sticky":false,"template":"","format":"standard","meta":{"ngg_post_thumbnail":0,"footnotes":""},"categories":[5852,508267,16],"tags":[],"aioseo_notices":[],"_links":{"self":[{"href":"https:\/\/blogsaverroes.juntadeandalucia.es\/ceipagora\/wp-json\/wp\/v2\/posts\/2316"}],"collection":[{"href":"https:\/\/blogsaverroes.juntadeandalucia.es\/ceipagora\/wp-json\/wp\/v2\/posts"}],"about":[{"href":"https:\/\/blogsaverroes.juntadeandalucia.es\/ceipagora\/wp-json\/wp\/v2\/types\/post"}],"author":[{"embeddable":true,"href":"https:\/\/blogsaverroes.juntadeandalucia.es\/ceipagora\/wp-json\/wp\/v2\/users\/2427"}],"replies":[{"embeddable":true,"href":"https:\/\/blogsaverroes.juntadeandalucia.es\/ceipagora\/wp-json\/wp\/v2\/comments?post=2316"}],"version-history":[{"count":3,"href":"https:\/\/blogsaverroes.juntadeandalucia.es\/ceipagora\/wp-json\/wp\/v2\/posts\/2316\/revisions"}],"predecessor-version":[{"id":2323,"href":"https:\/\/blogsaverroes.juntadeandalucia.es\/ceipagora\/wp-json\/wp\/v2\/posts\/2316\/revisions\/2323"}],"wp:attachment":[{"href":"https:\/\/blogsaverroes.juntadeandalucia.es\/ceipagora\/wp-json\/wp\/v2\/media?parent=2316"}],"wp:term":[{"taxonomy":"category","embeddable":true,"href":"https:\/\/blogsaverroes.juntadeandalucia.es\/ceipagora\/wp-json\/wp\/v2\/categories?post=2316"},{"taxonomy":"post_tag","embeddable":true,"href":"https:\/\/blogsaverroes.juntadeandalucia.es\/ceipagora\/wp-json\/wp\/v2\/tags?post=2316"}],"curies":[{"name":"wp","href":"https:\/\/api.w.org\/{rel}","templated":true}]}}