{"id":2327,"date":"2018-09-21T09:48:09","date_gmt":"2018-09-21T09:48:09","guid":{"rendered":"https:\/\/blogsaverroes.juntadeandalucia.es\/ceipagora\/?p=2327"},"modified":"2018-09-21T09:50:45","modified_gmt":"2018-09-21T09:50:45","slug":"calendario-consejo-escolar","status":"publish","type":"post","link":"https:\/\/blogsaverroes.juntadeandalucia.es\/ceipagora\/2018\/09\/21\/calendario-consejo-escolar\/","title":{"rendered":"Calendario Consejo Escolar"},"content":{"rendered":"<p>Hola familias,&nbsp;<\/p>\n<p>Os adjuntamos el calendario que regir\u00e1 la renovaci\u00f3n del Consejo Escolar y os animamos a que present\u00e9is candidatura.<\/p>\n<p>Es importante porque a trav\u00e9s del Consejo Escolar se regulan aspectos relevantes de la vida del Centro.<\/p>\n<p>Es cierto que el AMPA y las Delegadas de clase cumplen una funci\u00f3n tambi\u00e9n destacable, pero tambi\u00e9n os necesitamos en este \u00f3rgano de gobierno.<\/p>\n<p><a href=\"https:\/\/blogsaverroes.juntadeandalucia.es\/ceipagora\/files\/2018\/09\/CALENDARIO-CONSEJOS-ESCOLARES-2018.pdf\">CALENDARIO CONSEJOS ESCOLARES 2018<\/a><\/p>\n<p>No son muchas reuniones al a\u00f1o, e intentamos que sean \u00e1giles y din\u00e1micas, as\u00ed que no hay excusa, an\u00edmate.<\/p>\n<p>&nbsp;<\/p>\n","protected":false},"excerpt":{"rendered":"<p>Hola familias,&nbsp; Os adjuntamos el calendario que regir\u00e1 la renovaci\u00f3n del Consejo Escolar y os animamos a que present\u00e9is candidatura. Es importante porque a trav\u00e9s del Consejo Escolar se regulan aspectos relevantes de la&#46;&#46;&#46;<\/p>\n","protected":false},"author":2427,"featured_media":0,"comment_status":"closed","ping_status":"open","sticky":false,"template":"","format":"standard","meta":{"ngg_post_thumbnail":0,"footnotes":""},"categories":[965,508269,307450,16],"tags":[],"aioseo_notices":[],"_links":{"self":[{"href":"https:\/\/blogsaverroes.juntadeandalucia.es\/ceipagora\/wp-json\/wp\/v2\/posts\/2327"}],"collection":[{"href":"https:\/\/blogsaverroes.juntadeandalucia.es\/ceipagora\/wp-json\/wp\/v2\/posts"}],"about":[{"href":"https:\/\/blogsaverroes.juntadeandalucia.es\/ceipagora\/wp-json\/wp\/v2\/types\/post"}],"author":[{"embeddable":true,"href":"https:\/\/blogsaverroes.juntadeandalucia.es\/ceipagora\/wp-json\/wp\/v2\/users\/2427"}],"replies":[{"embeddable":true,"href":"https:\/\/blogsaverroes.juntadeandalucia.es\/ceipagora\/wp-json\/wp\/v2\/comments?post=2327"}],"version-history":[{"count":1,"href":"https:\/\/blogsaverroes.juntadeandalucia.es\/ceipagora\/wp-json\/wp\/v2\/posts\/2327\/revisions"}],"predecessor-version":[{"id":2329,"href":"https:\/\/blogsaverroes.juntadeandalucia.es\/ceipagora\/wp-json\/wp\/v2\/posts\/2327\/revisions\/2329"}],"wp:attachment":[{"href":"https:\/\/blogsaverroes.juntadeandalucia.es\/ceipagora\/wp-json\/wp\/v2\/media?parent=2327"}],"wp:term":[{"taxonomy":"category","embeddable":true,"href":"https:\/\/blogsaverroes.juntadeandalucia.es\/ceipagora\/wp-json\/wp\/v2\/categories?post=2327"},{"taxonomy":"post_tag","embeddable":true,"href":"https:\/\/blogsaverroes.juntadeandalucia.es\/ceipagora\/wp-json\/wp\/v2\/tags?post=2327"}],"curies":[{"name":"wp","href":"https:\/\/api.w.org\/{rel}","templated":true}]}}