{"id":516,"date":"2016-08-31T15:45:06","date_gmt":"2016-08-31T15:45:06","guid":{"rendered":"https:\/\/blogsaverroes.juntadeandalucia.es\/ceipagora\/?p=516"},"modified":"2016-08-31T15:45:06","modified_gmt":"2016-08-31T15:45:06","slug":"comedor-y-aula-matinal","status":"publish","type":"post","link":"https:\/\/blogsaverroes.juntadeandalucia.es\/ceipagora\/2016\/08\/31\/comedor-y-aula-matinal\/","title":{"rendered":"Comedor y aula matinal"},"content":{"rendered":"<p>En pr\u00f3ximas fechas se comunicar\u00e1 a trav\u00e9s de este y otros medios la fecha de la reuni\u00f3n para informar sobre las normas de uso del aula matinal y comedor correspondiente al curso 2016\/17. Igualmente se recuerda la necesidad de comunicar la renuncia a los mismos servicios en caso que finalmente as\u00ed lo decidan los padres\/madres para as\u00ed poder dar entrada a aquellos\/as alumnos\/as que se encuentran en lista de espera.<\/p>\n","protected":false},"excerpt":{"rendered":"<p>En pr\u00f3ximas fechas se comunicar\u00e1 a trav\u00e9s de este y otros medios la fecha de la reuni\u00f3n para informar sobre las normas de uso del aula matinal y comedor correspondiente al curso 2016\/17. Igualmente&#46;&#46;&#46;<\/p>\n","protected":false},"author":2427,"featured_media":0,"comment_status":"closed","ping_status":"open","sticky":false,"template":"","format":"standard","meta":{"ngg_post_thumbnail":0,"footnotes":""},"categories":[32,5852,16,1701],"tags":[],"aioseo_notices":[],"_links":{"self":[{"href":"https:\/\/blogsaverroes.juntadeandalucia.es\/ceipagora\/wp-json\/wp\/v2\/posts\/516"}],"collection":[{"href":"https:\/\/blogsaverroes.juntadeandalucia.es\/ceipagora\/wp-json\/wp\/v2\/posts"}],"about":[{"href":"https:\/\/blogsaverroes.juntadeandalucia.es\/ceipagora\/wp-json\/wp\/v2\/types\/post"}],"author":[{"embeddable":true,"href":"https:\/\/blogsaverroes.juntadeandalucia.es\/ceipagora\/wp-json\/wp\/v2\/users\/2427"}],"replies":[{"embeddable":true,"href":"https:\/\/blogsaverroes.juntadeandalucia.es\/ceipagora\/wp-json\/wp\/v2\/comments?post=516"}],"version-history":[{"count":1,"href":"https:\/\/blogsaverroes.juntadeandalucia.es\/ceipagora\/wp-json\/wp\/v2\/posts\/516\/revisions"}],"predecessor-version":[{"id":517,"href":"https:\/\/blogsaverroes.juntadeandalucia.es\/ceipagora\/wp-json\/wp\/v2\/posts\/516\/revisions\/517"}],"wp:attachment":[{"href":"https:\/\/blogsaverroes.juntadeandalucia.es\/ceipagora\/wp-json\/wp\/v2\/media?parent=516"}],"wp:term":[{"taxonomy":"category","embeddable":true,"href":"https:\/\/blogsaverroes.juntadeandalucia.es\/ceipagora\/wp-json\/wp\/v2\/categories?post=516"},{"taxonomy":"post_tag","embeddable":true,"href":"https:\/\/blogsaverroes.juntadeandalucia.es\/ceipagora\/wp-json\/wp\/v2\/tags?post=516"}],"curies":[{"name":"wp","href":"https:\/\/api.w.org\/{rel}","templated":true}]}}