{"id":533,"date":"2016-09-05T11:58:34","date_gmt":"2016-09-05T11:58:34","guid":{"rendered":"https:\/\/blogsaverroes.juntadeandalucia.es\/ceipagora\/?p=533"},"modified":"2016-09-05T12:02:30","modified_gmt":"2016-09-05T12:02:30","slug":"inicio-de-curso","status":"publish","type":"post","link":"https:\/\/blogsaverroes.juntadeandalucia.es\/ceipagora\/2016\/09\/05\/inicio-de-curso\/","title":{"rendered":"Inicio de curso"},"content":{"rendered":"<p>Las clases dar\u00e1n comienzo para todo el centro el pr\u00f3ximo martes d\u00eda 13 de septiembre en horario de 12 a 14, recordamos que este mismo d\u00eda empieza tambi\u00e9n el comedor escolar.<\/p>\n","protected":false},"excerpt":{"rendered":"<p>Las clases dar\u00e1n comienzo para todo el centro el pr\u00f3ximo martes d\u00eda 13 de septiembre en horario de 12 a 14, recordamos que este mismo d\u00eda empieza tambi\u00e9n el comedor escolar.<\/p>\n","protected":false},"author":2427,"featured_media":0,"comment_status":"closed","ping_status":"open","sticky":false,"template":"","format":"standard","meta":{"ngg_post_thumbnail":0,"footnotes":""},"categories":[5852,508267,16,1701,11909],"tags":[],"aioseo_notices":[],"_links":{"self":[{"href":"https:\/\/blogsaverroes.juntadeandalucia.es\/ceipagora\/wp-json\/wp\/v2\/posts\/533"}],"collection":[{"href":"https:\/\/blogsaverroes.juntadeandalucia.es\/ceipagora\/wp-json\/wp\/v2\/posts"}],"about":[{"href":"https:\/\/blogsaverroes.juntadeandalucia.es\/ceipagora\/wp-json\/wp\/v2\/types\/post"}],"author":[{"embeddable":true,"href":"https:\/\/blogsaverroes.juntadeandalucia.es\/ceipagora\/wp-json\/wp\/v2\/users\/2427"}],"replies":[{"embeddable":true,"href":"https:\/\/blogsaverroes.juntadeandalucia.es\/ceipagora\/wp-json\/wp\/v2\/comments?post=533"}],"version-history":[{"count":1,"href":"https:\/\/blogsaverroes.juntadeandalucia.es\/ceipagora\/wp-json\/wp\/v2\/posts\/533\/revisions"}],"predecessor-version":[{"id":534,"href":"https:\/\/blogsaverroes.juntadeandalucia.es\/ceipagora\/wp-json\/wp\/v2\/posts\/533\/revisions\/534"}],"wp:attachment":[{"href":"https:\/\/blogsaverroes.juntadeandalucia.es\/ceipagora\/wp-json\/wp\/v2\/media?parent=533"}],"wp:term":[{"taxonomy":"category","embeddable":true,"href":"https:\/\/blogsaverroes.juntadeandalucia.es\/ceipagora\/wp-json\/wp\/v2\/categories?post=533"},{"taxonomy":"post_tag","embeddable":true,"href":"https:\/\/blogsaverroes.juntadeandalucia.es\/ceipagora\/wp-json\/wp\/v2\/tags?post=533"}],"curies":[{"name":"wp","href":"https:\/\/api.w.org\/{rel}","templated":true}]}}