{"id":246,"date":"2025-06-02T08:42:20","date_gmt":"2025-06-02T08:42:20","guid":{"rendered":"https:\/\/blogsaverroes.juntadeandalucia.es\/ceipagustinrodriguez\/?p=246"},"modified":"2025-06-02T08:49:01","modified_gmt":"2025-06-02T08:49:01","slug":"matriculacion-telematica","status":"publish","type":"post","link":"https:\/\/blogsaverroes.juntadeandalucia.es\/ceipagustinrodriguez\/2025\/06\/02\/matriculacion-telematica\/","title":{"rendered":"MATRICULACI\u00d3N TELEM\u00c1TICA"},"content":{"rendered":"<p>Comienza el plazo de matriculaci\u00f3n para el curso 2025-2026, desde el d\u00eda 1 de junio hasta el 9 de este mismo mes.<\/p>\n<p>Los cursos de 4\u00ba y 5\u00ba (5\u00ba y 6\u00ba el curso que viene) lo har\u00e1n v\u00eda telem\u00e1tica, a trav\u00e9s de la Secretar\u00eda Virtual de la Junta de Andaluc\u00eda.&nbsp;<\/p>\n<p>Todo el proceso queda explicado en el siguiente genially:<\/p>\n<div style=\"width: 100%\">\n<div style=\"position: relative;padding-bottom: 56.25%;padding-top: 0;height: 0\"><iframe loading=\"lazy\" src=\"https:\/\/view.genially.com\/6838714d41b4f872e91fb3a3\" width=\"1200\" height=\"675\" frameborder=\"0\" scrolling=\"yes\"><\/iframe><\/div>\n<\/div>\n","protected":false},"excerpt":{"rendered":"<p>Comienza el plazo de matriculaci\u00f3n para el curso 2025-2026, desde el d\u00eda 1 de junio hasta el 9 de este mismo mes. Los cursos de 4\u00ba y 5\u00ba (5\u00ba y 6\u00ba el curso que&#46;&#46;&#46;<\/p>\n","protected":false},"author":16110,"featured_media":250,"comment_status":"open","ping_status":"open","sticky":false,"template":"","format":"standard","meta":{"ngg_post_thumbnail":0,"footnotes":""},"categories":[1],"tags":[],"aioseo_notices":[],"_links":{"self":[{"href":"https:\/\/blogsaverroes.juntadeandalucia.es\/ceipagustinrodriguez\/wp-json\/wp\/v2\/posts\/246"}],"collection":[{"href":"https:\/\/blogsaverroes.juntadeandalucia.es\/ceipagustinrodriguez\/wp-json\/wp\/v2\/posts"}],"about":[{"href":"https:\/\/blogsaverroes.juntadeandalucia.es\/ceipagustinrodriguez\/wp-json\/wp\/v2\/types\/post"}],"author":[{"embeddable":true,"href":"https:\/\/blogsaverroes.juntadeandalucia.es\/ceipagustinrodriguez\/wp-json\/wp\/v2\/users\/16110"}],"replies":[{"embeddable":true,"href":"https:\/\/blogsaverroes.juntadeandalucia.es\/ceipagustinrodriguez\/wp-json\/wp\/v2\/comments?post=246"}],"version-history":[{"count":3,"href":"https:\/\/blogsaverroes.juntadeandalucia.es\/ceipagustinrodriguez\/wp-json\/wp\/v2\/posts\/246\/revisions"}],"predecessor-version":[{"id":249,"href":"https:\/\/blogsaverroes.juntadeandalucia.es\/ceipagustinrodriguez\/wp-json\/wp\/v2\/posts\/246\/revisions\/249"}],"wp:featuredmedia":[{"embeddable":true,"href":"https:\/\/blogsaverroes.juntadeandalucia.es\/ceipagustinrodriguez\/wp-json\/wp\/v2\/media\/250"}],"wp:attachment":[{"href":"https:\/\/blogsaverroes.juntadeandalucia.es\/ceipagustinrodriguez\/wp-json\/wp\/v2\/media?parent=246"}],"wp:term":[{"taxonomy":"category","embeddable":true,"href":"https:\/\/blogsaverroes.juntadeandalucia.es\/ceipagustinrodriguez\/wp-json\/wp\/v2\/categories?post=246"},{"taxonomy":"post_tag","embeddable":true,"href":"https:\/\/blogsaverroes.juntadeandalucia.es\/ceipagustinrodriguez\/wp-json\/wp\/v2\/tags?post=246"}],"curies":[{"name":"wp","href":"https:\/\/api.w.org\/{rel}","templated":true}]}}