{"id":5017,"date":"2017-05-18T23:32:55","date_gmt":"2017-05-18T22:32:55","guid":{"rendered":"http:\/\/blogsaverroes.juntadeandalucia.es\/ceipalandalusutrera\/?p=5017"},"modified":"2017-05-18T23:32:55","modified_gmt":"2017-05-18T22:32:55","slug":"audicion-de-cuentos","status":"publish","type":"post","link":"https:\/\/blogsaverroes.juntadeandalucia.es\/ceipalandalusutrera\/2017\/05\/18\/audicion-de-cuentos\/","title":{"rendered":"Audici\u00f3n de Cuentos"},"content":{"rendered":"<h5 style=\"text-align: justify\">Los alumnos y alumnas de 1\u00baA y 1\u00baB prepararon junto con sus tutores, Jos\u00e9 Ignacio y Jos\u00e9 Luis, una actividad en la que han contado al resto de compa\u00f1eros de Infantil y Primaria un total de 12 cuentos populares. Para ello, elaboraron adem\u00e1s una serie de carteles anunciadores y entradas para que los ni\u00f1os y ni\u00f1as del colegio pudiesen asistir a la audici\u00f3n del cuento que quisieran.<\/h5>\n<h5 style=\"text-align: justify\">\u00a1Enhorabuena! La actividad ha sido todo un \u00e9xito. Aqu\u00ed os dejamos algunas im\u00e1genes.<\/h5>\n<p>&nbsp;<\/p>\nngg_shortcode_0_placeholder\n","protected":false},"excerpt":{"rendered":"<p>Los alumnos y alumnas de 1\u00baA y 1\u00baB prepararon junto con sus tutores, Jos\u00e9 Ignacio y Jos\u00e9 Luis, una actividad en la que han contado&hellip;<\/p>\n","protected":false},"author":4061,"featured_media":5018,"comment_status":"closed","ping_status":"closed","sticky":true,"template":"","format":"standard","meta":{"ngg_post_thumbnail":0,"footnotes":""},"categories":[11909],"tags":[484520,1172,19,484514],"aioseo_notices":[],"_links":{"self":[{"href":"https:\/\/blogsaverroes.juntadeandalucia.es\/ceipalandalusutrera\/wp-json\/wp\/v2\/posts\/5017"}],"collection":[{"href":"https:\/\/blogsaverroes.juntadeandalucia.es\/ceipalandalusutrera\/wp-json\/wp\/v2\/posts"}],"about":[{"href":"https:\/\/blogsaverroes.juntadeandalucia.es\/ceipalandalusutrera\/wp-json\/wp\/v2\/types\/post"}],"author":[{"embeddable":true,"href":"https:\/\/blogsaverroes.juntadeandalucia.es\/ceipalandalusutrera\/wp-json\/wp\/v2\/users\/4061"}],"replies":[{"embeddable":true,"href":"https:\/\/blogsaverroes.juntadeandalucia.es\/ceipalandalusutrera\/wp-json\/wp\/v2\/comments?post=5017"}],"version-history":[{"count":1,"href":"https:\/\/blogsaverroes.juntadeandalucia.es\/ceipalandalusutrera\/wp-json\/wp\/v2\/posts\/5017\/revisions"}],"predecessor-version":[{"id":5019,"href":"https:\/\/blogsaverroes.juntadeandalucia.es\/ceipalandalusutrera\/wp-json\/wp\/v2\/posts\/5017\/revisions\/5019"}],"wp:featuredmedia":[{"embeddable":true,"href":"https:\/\/blogsaverroes.juntadeandalucia.es\/ceipalandalusutrera\/wp-json\/wp\/v2\/media\/5018"}],"wp:attachment":[{"href":"https:\/\/blogsaverroes.juntadeandalucia.es\/ceipalandalusutrera\/wp-json\/wp\/v2\/media?parent=5017"}],"wp:term":[{"taxonomy":"category","embeddable":true,"href":"https:\/\/blogsaverroes.juntadeandalucia.es\/ceipalandalusutrera\/wp-json\/wp\/v2\/categories?post=5017"},{"taxonomy":"post_tag","embeddable":true,"href":"https:\/\/blogsaverroes.juntadeandalucia.es\/ceipalandalusutrera\/wp-json\/wp\/v2\/tags?post=5017"}],"curies":[{"name":"wp","href":"https:\/\/api.w.org\/{rel}","templated":true}]}}