{"id":7430,"date":"2024-02-12T10:30:28","date_gmt":"2024-02-12T09:30:28","guid":{"rendered":"https:\/\/blogsaverroes.juntadeandalucia.es\/ceipalandalusutrera\/?p=7430"},"modified":"2024-02-13T14:02:23","modified_gmt":"2024-02-13T13:02:23","slug":"dia-internacional-de-la-mujer-y-la-nina-en-la-ciencia-2024","status":"publish","type":"post","link":"https:\/\/blogsaverroes.juntadeandalucia.es\/ceipalandalusutrera\/2024\/02\/12\/dia-internacional-de-la-mujer-y-la-nina-en-la-ciencia-2024\/","title":{"rendered":"D\u00eda internacional de la mujer y la ni\u00f1a en la ciencia 2024"},"content":{"rendered":"ngg_shortcode_0_placeholder\n<h5 style=\"text-align: justify\">La celebraci\u00f3n de \u00b4\u00b4El D\u00eda internacional de la mujer y la ni\u00f1a en la ciencia 2024\u00b4\u00b4 se celebra internacionalmente el 11 de febrero, pero nosotros lo celebramos en nuestro cole el 7 de febrero.<br \/>\nCon la conmemoraci\u00f3n de este d\u00eda, tenemos la oportunidad de promover el acceso y la participaci\u00f3n plenos y equitativos en la ciencia para mujeres y ni\u00f1as.<br \/>\nLa igualdad entre hombres y mujeres es una prioridad global, y el apoyo a las j\u00f3venes, su educaci\u00f3n y su plena capacidad para hacer o\u00edr sus ideas son los motores del desarrollo de nuestro futuro.<br \/>\nEmpezamos nuestra obra teatral con la escenificaci\u00f3n sobre cient\u00edficas, tanto del pasado como el presente, que han sido imprescindibles para la ciencia. Algunas de las alumnas de 5\u00ba se hab\u00edan caracterizado para esta ocasi\u00f3n.<br \/>\nDespu\u00e9s tuvimos la suerte de entrevistar a dos mamis del colegio que est\u00e1n relacionadas con la ciencia: Mar\u00eda del Carmen Garc\u00eda y Eva Moreno.<br \/>\nLos alumnos y alumnas de 5\u00ba han preparado unas preguntas muy interesantes para esta importante ocasi\u00f3n.<br \/>\nDar las gracias a toda la comunidad educativa de CEIP Al-\u00c1ndalus y en especial a nuestra auxiliar Xzavea para la preparaci\u00f3n de este evento.<\/h5>\n<div style=\"width: 843px;\" class=\"wp-video\"><!--[if lt IE 9]><script>document.createElement('video');<\/script><![endif]-->\n<video class=\"wp-video-shortcode\" id=\"video-7430-1\" width=\"843\" height=\"474\" preload=\"metadata\" controls=\"controls\"><source type=\"video\/mp4\" src=\"https:\/\/blogsaverroes.juntadeandalucia.es\/ceipalandalusutrera\/files\/2024\/02\/D\u00eda-de-la-ni\u00f1a-y-la-mujer-en-la-ciencia-24-CEIP-Al-\u00c1ndalus-24.mp4?_=1\" \/><a href=\"https:\/\/blogsaverroes.juntadeandalucia.es\/ceipalandalusutrera\/files\/2024\/02\/D\u00eda-de-la-ni\u00f1a-y-la-mujer-en-la-ciencia-24-CEIP-Al-\u00c1ndalus-24.mp4\">https:\/\/blogsaverroes.juntadeandalucia.es\/ceipalandalusutrera\/files\/2024\/02\/D\u00eda-de-la-ni\u00f1a-y-la-mujer-en-la-ciencia-24-CEIP-Al-\u00c1ndalus-24.mp4<\/a><\/video><\/div>\n<h5 style=\"text-align: justify\">&nbsp;<\/h5>\n<h5 style=\"text-align: justify\"><iframe loading=\"lazy\" src=\"\/\/www.youtube.com\/embed\/UrQUmxKX4g0?si=iAzucf8p4y9tr9xJ\" width=\"560\" height=\"315\" frameborder=\"0\"><\/iframe><\/h5>\n","protected":false},"excerpt":{"rendered":"<p>La celebraci\u00f3n de \u00b4\u00b4El D\u00eda internacional de la mujer y la ni\u00f1a en la ciencia 2024\u00b4\u00b4 se celebra internacionalmente el 11 de febrero, pero nosotros&hellip;<\/p>\n","protected":false},"author":4061,"featured_media":7431,"comment_status":"closed","ping_status":"closed","sticky":true,"template":"","format":"standard","meta":{"ngg_post_thumbnail":0,"footnotes":""},"categories":[11909],"tags":[484521,1172,19,484522,484514,425],"aioseo_notices":[],"_links":{"self":[{"href":"https:\/\/blogsaverroes.juntadeandalucia.es\/ceipalandalusutrera\/wp-json\/wp\/v2\/posts\/7430"}],"collection":[{"href":"https:\/\/blogsaverroes.juntadeandalucia.es\/ceipalandalusutrera\/wp-json\/wp\/v2\/posts"}],"about":[{"href":"https:\/\/blogsaverroes.juntadeandalucia.es\/ceipalandalusutrera\/wp-json\/wp\/v2\/types\/post"}],"author":[{"embeddable":true,"href":"https:\/\/blogsaverroes.juntadeandalucia.es\/ceipalandalusutrera\/wp-json\/wp\/v2\/users\/4061"}],"replies":[{"embeddable":true,"href":"https:\/\/blogsaverroes.juntadeandalucia.es\/ceipalandalusutrera\/wp-json\/wp\/v2\/comments?post=7430"}],"version-history":[{"count":9,"href":"https:\/\/blogsaverroes.juntadeandalucia.es\/ceipalandalusutrera\/wp-json\/wp\/v2\/posts\/7430\/revisions"}],"predecessor-version":[{"id":7449,"href":"https:\/\/blogsaverroes.juntadeandalucia.es\/ceipalandalusutrera\/wp-json\/wp\/v2\/posts\/7430\/revisions\/7449"}],"wp:featuredmedia":[{"embeddable":true,"href":"https:\/\/blogsaverroes.juntadeandalucia.es\/ceipalandalusutrera\/wp-json\/wp\/v2\/media\/7431"}],"wp:attachment":[{"href":"https:\/\/blogsaverroes.juntadeandalucia.es\/ceipalandalusutrera\/wp-json\/wp\/v2\/media?parent=7430"}],"wp:term":[{"taxonomy":"category","embeddable":true,"href":"https:\/\/blogsaverroes.juntadeandalucia.es\/ceipalandalusutrera\/wp-json\/wp\/v2\/categories?post=7430"},{"taxonomy":"post_tag","embeddable":true,"href":"https:\/\/blogsaverroes.juntadeandalucia.es\/ceipalandalusutrera\/wp-json\/wp\/v2\/tags?post=7430"}],"curies":[{"name":"wp","href":"https:\/\/api.w.org\/{rel}","templated":true}]}}