{"id":7459,"date":"2024-02-16T10:26:53","date_gmt":"2024-02-16T09:26:53","guid":{"rendered":"https:\/\/blogsaverroes.juntadeandalucia.es\/ceipalandalusutrera\/?p=7459"},"modified":"2024-02-19T10:46:15","modified_gmt":"2024-02-19T09:46:15","slug":"huerto-escolar-23-24","status":"publish","type":"post","link":"https:\/\/blogsaverroes.juntadeandalucia.es\/ceipalandalusutrera\/2024\/02\/16\/huerto-escolar-23-24\/","title":{"rendered":"Huerto escolar 23\/24"},"content":{"rendered":"<h5 style=\"font-weight: 400;text-align: center\">En nuestro cole Al-\u00c1ndalus tenemos <strong>un huerto escolar<\/strong>,&nbsp;<strong>Paqui<\/strong> nuestra monitora del huerto es excepcional. Comparte todos sus conocimientos de forma amena a los profesores y alumnos. Gracias al <strong>AMPA<\/strong> de nuestro cole por apoyar estas iniciativas tan favorables para nuestro alumnado.<\/h5>\n<h5 style=\"font-weight: 400;text-align: center\">Todas las actividades que dise\u00f1a est\u00e1n enfocadas al acercamiento y el disfrute de los alumnos a plantar, cuidar y posteriormente degustar las verduras y frutas de nuestro huerto.<\/h5>\n<h5 style=\"font-weight: 400;text-align: center\">Tambi\u00e9n disponemos de un&nbsp;<strong>hotel de insectos y una compostera<\/strong>.<\/h5>\n<p><iframe loading=\"lazy\" title=\"HUERTO ESCOLAR AL \u00c1LDALUS 23 24\" width=\"843\" height=\"474\" src=\"https:\/\/www.youtube.com\/embed\/k6ZyH0zIjUw?feature=oembed\" frameborder=\"0\" allow=\"accelerometer; autoplay; clipboard-write; encrypted-media; gyroscope; picture-in-picture; web-share\" referrerpolicy=\"strict-origin-when-cross-origin\" allowfullscreen><\/iframe><\/p>\n<h5>&nbsp;<\/h5>\n<h5 style=\"font-weight: 400;text-align: center\">Razones por la que tenemos un huerto en nuestro cole CEIP AL-\u00c4NDALUS:<\/h5>\n<h5 style=\"font-weight: 400;text-align: justify\"><strong>1) <\/strong>Posibilita al alumnado experiencias con su entorno natural y rural. Los alumnos son mayoritariamente urbanos y el huerto les permite acercarse al mundo rural. Conectan la escuela con el mundo.<\/h5>\n<h5 style=\"font-weight: 400;text-align: justify\"><strong>2)<\/strong>&nbsp;Crea h\u00e1bitos de cuidado y responsabilidad medioambiental.&nbsp;La responsabilidad de los alumnos a la hora de cultivar su propio alimento les proporciona ilusi\u00f3n y aprendizaje.<\/h5>\n<h5 style=\"font-weight: 400;text-align: justify\"><strong>3)<\/strong>&nbsp;Favorece la alimentaci\u00f3n sana y equilibrada, as\u00ed como el consumo responsable. Al saber de d\u00f3nde vienen los alimentos y cu\u00e1nto cuesta obtenerlos y el impacto tienen en el medio, es m\u00e1s probable que sean consumidores responsables. Se aportan valores de conservaci\u00f3n y cuidado de la naturaleza.<\/h5>\n<h5 style=\"font-weight: 400;text-align: justify\"><strong>4)<\/strong>&nbsp;Aprenden ciencias naturales y sociales: Entienden mejor el mundo que les rodea. Entienden c\u00f3mo funcionan los ecosistemas, de d\u00f3nde y c\u00f3mo crecen las plantas y c\u00f3mo funciona el sistema alimentario mundial. Es un recurso pedag\u00f3gico que engloba diversos contenidos de distintas materias, se experimenta&nbsp;la interdisciplinariedad, nada est\u00e1 incomunicado y todo forma parte de todo: el agua, el aire, el sol, la tierra, los alimentos que nos ofrece y nuestro esfuerzo al trabajarlo.<\/h5>\n<h5 style=\"font-weight: 400;text-align: justify\"><strong>5)<\/strong>&nbsp;Fomenta actitudes de cooperaci\u00f3n a trav\u00e9s de las actividades que implican trabajo en equipo y respeto de turnos.<\/h5>\n<h5 style=\"font-weight: 400\">&nbsp;<\/h5>\n<h5 style=\"font-weight: 400;text-align: center\">Gracias a todos.<\/h5>\nngg_shortcode_0_placeholder\n","protected":false},"excerpt":{"rendered":"<p>En nuestro cole Al-\u00c1ndalus tenemos un huerto escolar,&nbsp;Paqui nuestra monitora del huerto es excepcional. Comparte todos sus conocimientos de forma amena a los profesores y&hellip;<\/p>\n","protected":false},"author":4061,"featured_media":7465,"comment_status":"closed","ping_status":"closed","sticky":true,"template":"","format":"standard","meta":{"ngg_post_thumbnail":0,"footnotes":""},"categories":[11909],"tags":[484521,1172,19,484517,484514,425],"aioseo_notices":[],"_links":{"self":[{"href":"https:\/\/blogsaverroes.juntadeandalucia.es\/ceipalandalusutrera\/wp-json\/wp\/v2\/posts\/7459"}],"collection":[{"href":"https:\/\/blogsaverroes.juntadeandalucia.es\/ceipalandalusutrera\/wp-json\/wp\/v2\/posts"}],"about":[{"href":"https:\/\/blogsaverroes.juntadeandalucia.es\/ceipalandalusutrera\/wp-json\/wp\/v2\/types\/post"}],"author":[{"embeddable":true,"href":"https:\/\/blogsaverroes.juntadeandalucia.es\/ceipalandalusutrera\/wp-json\/wp\/v2\/users\/4061"}],"replies":[{"embeddable":true,"href":"https:\/\/blogsaverroes.juntadeandalucia.es\/ceipalandalusutrera\/wp-json\/wp\/v2\/comments?post=7459"}],"version-history":[{"count":2,"href":"https:\/\/blogsaverroes.juntadeandalucia.es\/ceipalandalusutrera\/wp-json\/wp\/v2\/posts\/7459\/revisions"}],"predecessor-version":[{"id":7470,"href":"https:\/\/blogsaverroes.juntadeandalucia.es\/ceipalandalusutrera\/wp-json\/wp\/v2\/posts\/7459\/revisions\/7470"}],"wp:featuredmedia":[{"embeddable":true,"href":"https:\/\/blogsaverroes.juntadeandalucia.es\/ceipalandalusutrera\/wp-json\/wp\/v2\/media\/7465"}],"wp:attachment":[{"href":"https:\/\/blogsaverroes.juntadeandalucia.es\/ceipalandalusutrera\/wp-json\/wp\/v2\/media?parent=7459"}],"wp:term":[{"taxonomy":"category","embeddable":true,"href":"https:\/\/blogsaverroes.juntadeandalucia.es\/ceipalandalusutrera\/wp-json\/wp\/v2\/categories?post=7459"},{"taxonomy":"post_tag","embeddable":true,"href":"https:\/\/blogsaverroes.juntadeandalucia.es\/ceipalandalusutrera\/wp-json\/wp\/v2\/tags?post=7459"}],"curies":[{"name":"wp","href":"https:\/\/api.w.org\/{rel}","templated":true}]}}