{"id":7472,"date":"2024-02-29T11:46:48","date_gmt":"2024-02-29T10:46:48","guid":{"rendered":"https:\/\/blogsaverroes.juntadeandalucia.es\/ceipalandalusutrera\/?p=7472"},"modified":"2024-02-29T12:05:46","modified_gmt":"2024-02-29T11:05:46","slug":"dia-de-andalucia-24","status":"publish","type":"post","link":"https:\/\/blogsaverroes.juntadeandalucia.es\/ceipalandalusutrera\/2024\/02\/29\/dia-de-andalucia-24\/","title":{"rendered":"D\u00eda de Andaluc\u00eda &#8217;24"},"content":{"rendered":"<p style=\"text-align: justify\">El pasado 23 de febrero celebramos el D\u00eda de Andaluc\u00eda en nuestro centro.<\/p>\n<p style=\"text-align: justify\">Como ya viene siendo una tradici\u00f3n en nuestro colegio, degustamos el desayuno andaluz que prepara generosamente el AMPA, presenciamos el izado de banderas y escuchamos el himno de Andaluc\u00eda interpretado a la guitarra por dos compa\u00f1eros de 5\u00ba y pudimos presenciar el concierto de m\u00fasica flamenca que prepara el alumnado de 6\u00ba, en el que tambi\u00e9n bailaron algunas compa\u00f1eras de otros cursos. Finalmente, este a\u00f1o tambi\u00e9n tuvimos unas actividades l\u00fadicas y talleres organizados por el AMPA. Fue un d\u00eda muy completo y divertido.<\/p>\n<p style=\"text-align: justify\">A media ma\u00f1ana tuvimos una grata sorpresa: nuestra asistente del a\u00f1o pasado, Katie, nos vino a visitar. Tambi\u00e9n nos alegr\u00f3 mucho ver a Xzavea vestida de flamenca para la ocasi\u00f3n.<\/p>\n<p style=\"text-align: center\">Os dejamos algunas im\u00e1genes de ese d\u00eda.<\/p>\n<p>&nbsp;<\/p>\n<p><iframe loading=\"lazy\" title=\"Di\u0301a de Andaluci\u0301a &#039;24\" width=\"843\" height=\"474\" src=\"https:\/\/www.youtube.com\/embed\/p7N99w2XezQ?feature=oembed\" frameborder=\"0\" allow=\"accelerometer; autoplay; clipboard-write; encrypted-media; gyroscope; picture-in-picture; web-share\" referrerpolicy=\"strict-origin-when-cross-origin\" allowfullscreen><\/iframe><\/p>\n<p>&nbsp;<\/p>\nngg_shortcode_0_placeholder\n","protected":false},"excerpt":{"rendered":"<p>El pasado 23 de febrero celebramos el D\u00eda de Andaluc\u00eda en nuestro centro. Como ya viene siendo una tradici\u00f3n en nuestro colegio, degustamos el desayuno&hellip;<\/p>\n","protected":false},"author":4061,"featured_media":7487,"comment_status":"closed","ping_status":"closed","sticky":true,"template":"","format":"standard","meta":{"ngg_post_thumbnail":0,"footnotes":""},"categories":[11909],"tags":[484521,1172,19,1696,425],"aioseo_notices":[],"_links":{"self":[{"href":"https:\/\/blogsaverroes.juntadeandalucia.es\/ceipalandalusutrera\/wp-json\/wp\/v2\/posts\/7472"}],"collection":[{"href":"https:\/\/blogsaverroes.juntadeandalucia.es\/ceipalandalusutrera\/wp-json\/wp\/v2\/posts"}],"about":[{"href":"https:\/\/blogsaverroes.juntadeandalucia.es\/ceipalandalusutrera\/wp-json\/wp\/v2\/types\/post"}],"author":[{"embeddable":true,"href":"https:\/\/blogsaverroes.juntadeandalucia.es\/ceipalandalusutrera\/wp-json\/wp\/v2\/users\/4061"}],"replies":[{"embeddable":true,"href":"https:\/\/blogsaverroes.juntadeandalucia.es\/ceipalandalusutrera\/wp-json\/wp\/v2\/comments?post=7472"}],"version-history":[{"count":8,"href":"https:\/\/blogsaverroes.juntadeandalucia.es\/ceipalandalusutrera\/wp-json\/wp\/v2\/posts\/7472\/revisions"}],"predecessor-version":[{"id":7495,"href":"https:\/\/blogsaverroes.juntadeandalucia.es\/ceipalandalusutrera\/wp-json\/wp\/v2\/posts\/7472\/revisions\/7495"}],"wp:featuredmedia":[{"embeddable":true,"href":"https:\/\/blogsaverroes.juntadeandalucia.es\/ceipalandalusutrera\/wp-json\/wp\/v2\/media\/7487"}],"wp:attachment":[{"href":"https:\/\/blogsaverroes.juntadeandalucia.es\/ceipalandalusutrera\/wp-json\/wp\/v2\/media?parent=7472"}],"wp:term":[{"taxonomy":"category","embeddable":true,"href":"https:\/\/blogsaverroes.juntadeandalucia.es\/ceipalandalusutrera\/wp-json\/wp\/v2\/categories?post=7472"},{"taxonomy":"post_tag","embeddable":true,"href":"https:\/\/blogsaverroes.juntadeandalucia.es\/ceipalandalusutrera\/wp-json\/wp\/v2\/tags?post=7472"}],"curies":[{"name":"wp","href":"https:\/\/api.w.org\/{rel}","templated":true}]}}