{"id":4944,"date":"2024-10-21T10:46:09","date_gmt":"2024-10-21T10:46:09","guid":{"rendered":"https:\/\/blogsaverroes.juntadeandalucia.es\/ceipalcaldeleonrios\/?p=4944"},"modified":"2024-10-21T10:46:09","modified_gmt":"2024-10-21T10:46:09","slug":"11-de-octubre-dia-internacional-de-la-nina","status":"publish","type":"post","link":"https:\/\/blogsaverroes.juntadeandalucia.es\/ceipalcaldeleonrios\/11-de-octubre-dia-internacional-de-la-nina\/","title":{"rendered":"11 DE OCTUBRE D\u00cdA INTERNACIONAL DE LA NI\u00d1A"},"content":{"rendered":"<p>En el CEIP ALCALDE LE\u00d3N R\u00cdOS demos celebrado el D\u00cdA INTERNACIONAL DE LA NI\u00d1A, con la participaci\u00f3n del PROYECTO EL VISONINAMIZA.<\/p>\n<p class=\"has-text-align-justify\">Una celebraci\u00f3n establecida por las Naciones Unidas en el a\u00f1o 2011, y que desde entonces ha tenido por objetivo&nbsp; \u00ab<em>formentar cada a\u00f1o el reconocimiento de los derechos de las ni\u00f1as&nbsp;y dar a conocer a la opini\u00f3n p\u00fablica los problemas excepcionales que afrontan en todo el mundo<\/em>\u00bb<\/p>\n<p class=\"has-text-align-justify\">La literatura ha sido un medio para canalizar todas esas desigualdades y denuncias que tantas veces hemos visto en los medios en todas partes del mundo, por eso te proponemos una serie de t\u00edtulos donde las protagonistas son las ni\u00f1as.<\/p>\n<p>Aqu\u00ed os dejamos el Proyecto creado por el Programa de Empleo y Formaci\u00f3n \u00abVisoDinamiza\u00bb. Motivado por la falta de visibilidad sobre la desigualdad que a\u00fan siguen sufriendo las ni\u00f1as en diferentes partes del mundo. Colegios participantes: C.E.I.P. Gil L\u00f3pez, C.E.I.P. Le\u00f3n R\u00edos, C.E.I.P. La alunada, C.E.I.P. Albaic\u00edn. 11\/10\/2024. El Viso del Alcor, Sevilla. Ayto. El Viso del Alcor. Junta de Andaluc\u00eda. Ministerio de Trabajo, Migraciones y Seguridad Social. Gorbierno de Espa\u00f1a. Consejer\u00eda de Empleo, Empresa y Trabajo Aut\u00f3nomo. Junta de Andaluc\u00eda.<\/p>\n<p><a href=\"https:\/\/www.youtube.com\/watch?v=X_nS4KsJcFM\">https:\/\/www.youtube.com\/watch?v=X_nS4KsJcFM<\/a><\/p>\n","protected":false},"excerpt":{"rendered":"<p>En el CEIP ALCALDE LE\u00d3N R\u00cdOS demos celebrado el D\u00cdA INTERNACIONAL DE LA NI\u00d1A, con la participaci\u00f3n del PROYECTO EL VISONINAMIZA. Una celebraci\u00f3n establecida por las Naciones Unidas en el a\u00f1o 2011, y que&#46;&#46;&#46;<\/p>\n","protected":false},"author":11952,"featured_media":0,"comment_status":"open","ping_status":"open","sticky":false,"template":"","format":"standard","meta":{"ngg_post_thumbnail":0,"footnotes":""},"categories":[11909],"tags":[],"aioseo_notices":[],"_links":{"self":[{"href":"https:\/\/blogsaverroes.juntadeandalucia.es\/ceipalcaldeleonrios\/wp-json\/wp\/v2\/posts\/4944"}],"collection":[{"href":"https:\/\/blogsaverroes.juntadeandalucia.es\/ceipalcaldeleonrios\/wp-json\/wp\/v2\/posts"}],"about":[{"href":"https:\/\/blogsaverroes.juntadeandalucia.es\/ceipalcaldeleonrios\/wp-json\/wp\/v2\/types\/post"}],"author":[{"embeddable":true,"href":"https:\/\/blogsaverroes.juntadeandalucia.es\/ceipalcaldeleonrios\/wp-json\/wp\/v2\/users\/11952"}],"replies":[{"embeddable":true,"href":"https:\/\/blogsaverroes.juntadeandalucia.es\/ceipalcaldeleonrios\/wp-json\/wp\/v2\/comments?post=4944"}],"version-history":[{"count":2,"href":"https:\/\/blogsaverroes.juntadeandalucia.es\/ceipalcaldeleonrios\/wp-json\/wp\/v2\/posts\/4944\/revisions"}],"predecessor-version":[{"id":4946,"href":"https:\/\/blogsaverroes.juntadeandalucia.es\/ceipalcaldeleonrios\/wp-json\/wp\/v2\/posts\/4944\/revisions\/4946"}],"wp:attachment":[{"href":"https:\/\/blogsaverroes.juntadeandalucia.es\/ceipalcaldeleonrios\/wp-json\/wp\/v2\/media?parent=4944"}],"wp:term":[{"taxonomy":"category","embeddable":true,"href":"https:\/\/blogsaverroes.juntadeandalucia.es\/ceipalcaldeleonrios\/wp-json\/wp\/v2\/categories?post=4944"},{"taxonomy":"post_tag","embeddable":true,"href":"https:\/\/blogsaverroes.juntadeandalucia.es\/ceipalcaldeleonrios\/wp-json\/wp\/v2\/tags?post=4944"}],"curies":[{"name":"wp","href":"https:\/\/api.w.org\/{rel}","templated":true}]}}