{"id":2820,"date":"2021-06-21T10:44:06","date_gmt":"2021-06-21T10:44:06","guid":{"rendered":"https:\/\/blogsaverroes.juntadeandalucia.es\/ceipalfaguarilla\/?p=2820"},"modified":"2021-06-23T11:25:12","modified_gmt":"2021-06-23T11:25:12","slug":"otra-despedida","status":"publish","type":"post","link":"https:\/\/blogsaverroes.juntadeandalucia.es\/ceipalfaguarilla\/2021\/06\/21\/otra-despedida\/","title":{"rendered":"OTRA DESPEDIDA&#8230;..Y MUCHOS RECUERDOS EN EL CORAZ\u00d3N"},"content":{"rendered":"<p>Hoy 22 de junio de 2021 despedimos a los ni\u00f1os y ni\u00f1as de la promoci\u00f3n 2012\/2021, despu\u00e9s de 9 a\u00f1os en el cole llega el momento de pasar al instituto, cuando una etapa se cierra comienza otra, ni mejor ni peor, pero s\u00ed diferente.<\/p>\n<p>Desde el C.E.I.P Alfaguarilla queremos dar las gracias a las familias de estos ni\u00f1os y ni\u00f1as por confiar en nosotros&nbsp; todo este tiempo, seguro que habremos tenido muchos errores y claro que s\u00ed, muchos aciertos, todo siempre hecho desde el respeto y el cari\u00f1o.<\/p>\n<p>Desearles tambi\u00e9n a estos chicos y chicas que la nueva etapa que empezar\u00e1n en el instituto sea lo m\u00e1s feliz y productiva para ellos, que abran bien sus ojos, su mente y su coraz\u00f3n para aprender mucho y llegar a ser las mujeres y hombres que necesitamos.<\/p>\n<p>Gracias tambi\u00e9n a todos los maestros y maestras que han pasado por su clase, granito a granito de arena se consigue la monta\u00f1a, guardaremos en nuestro corazoncito buen recuerdo de toda la clase.<\/p>\n<p>Os dejamos un peque\u00f1o v\u00eddeo, esperamos que os guste y lo disfrut\u00e9is como nosotras al realizarlo y recordar tantos momentos tan bonitos vividos con todos vosotros.<\/p>\n<p><iframe loading=\"lazy\" title=\"DESPEDIDA 6\u00ba - PROMOCI\u00d3N 2012\/2021. CEIP &quot;ALFAGUARILLA&quot; (ALFACAR)\" width=\"525\" height=\"295\" src=\"https:\/\/www.youtube.com\/embed\/ttVjlBiUIPs?feature=oembed\" frameborder=\"0\" allow=\"accelerometer; autoplay; clipboard-write; encrypted-media; gyroscope; picture-in-picture; web-share\" referrerpolicy=\"strict-origin-when-cross-origin\" allowfullscreen><\/iframe><\/p>\n<p>Os dejamos tambi\u00e9n unas fotos de la graduaci\u00f3n<\/p>\n<div id='gallery-1' class='gallery galleryid-2820 gallery-columns-3 gallery-size-thumbnail'><figure class='gallery-item'>\n\t\t\t<div class='gallery-icon landscape'>\n\t\t\t\t<a href='https:\/\/blogsaverroes.juntadeandalucia.es\/ceipalfaguarilla\/2021\/06\/21\/otra-despedida\/antonio\/'><img loading=\"lazy\" decoding=\"async\" width=\"150\" height=\"150\" src=\"https:\/\/blogsaverroes.juntadeandalucia.es\/ceipalfaguarilla\/files\/2021\/06\/antonio-150x150.jpg\" class=\"attachment-thumbnail size-thumbnail\" alt=\"\" srcset=\"https:\/\/blogsaverroes.juntadeandalucia.es\/ceipalfaguarilla\/files\/2021\/06\/antonio-150x150.jpg 150w, https:\/\/blogsaverroes.juntadeandalucia.es\/ceipalfaguarilla\/files\/2021\/06\/antonio-300x300.jpg 300w\" sizes=\"100vw\" \/><\/a>\n\t\t\t<\/div><\/figure><figure class='gallery-item'>\n\t\t\t<div class='gallery-icon landscape'>\n\t\t\t\t<a href='https:\/\/blogsaverroes.juntadeandalucia.es\/ceipalfaguarilla\/2021\/06\/21\/otra-despedida\/rocio\/'><img loading=\"lazy\" decoding=\"async\" width=\"150\" height=\"150\" src=\"https:\/\/blogsaverroes.juntadeandalucia.es\/ceipalfaguarilla\/files\/2021\/06\/rocio-150x150.jpg\" class=\"attachment-thumbnail size-thumbnail\" alt=\"\" srcset=\"https:\/\/blogsaverroes.juntadeandalucia.es\/ceipalfaguarilla\/files\/2021\/06\/rocio-150x150.jpg 150w, https:\/\/blogsaverroes.juntadeandalucia.es\/ceipalfaguarilla\/files\/2021\/06\/rocio-300x300.jpg 300w\" sizes=\"100vw\" \/><\/a>\n\t\t\t<\/div><\/figure><figure class='gallery-item'>\n\t\t\t<div class='gallery-icon landscape'>\n\t\t\t\t<a href='https:\/\/blogsaverroes.juntadeandalucia.es\/ceipalfaguarilla\/2021\/06\/21\/otra-despedida\/thumbnail_img-20210622-wa0018\/'><img loading=\"lazy\" decoding=\"async\" width=\"150\" height=\"150\" src=\"https:\/\/blogsaverroes.juntadeandalucia.es\/ceipalfaguarilla\/files\/2021\/06\/thumbnail_IMG-20210622-WA0018-150x150.jpg\" class=\"attachment-thumbnail size-thumbnail\" alt=\"\" srcset=\"https:\/\/blogsaverroes.juntadeandalucia.es\/ceipalfaguarilla\/files\/2021\/06\/thumbnail_IMG-20210622-WA0018-150x150.jpg 150w, https:\/\/blogsaverroes.juntadeandalucia.es\/ceipalfaguarilla\/files\/2021\/06\/thumbnail_IMG-20210622-WA0018-300x300.jpg 300w\" sizes=\"100vw\" \/><\/a>\n\t\t\t<\/div><\/figure><figure class='gallery-item'>\n\t\t\t<div class='gallery-icon landscape'>\n\t\t\t\t<a href='https:\/\/blogsaverroes.juntadeandalucia.es\/ceipalfaguarilla\/2021\/06\/21\/otra-despedida\/thumbnail_img-20210622-wa0021\/'><img loading=\"lazy\" decoding=\"async\" width=\"150\" height=\"150\" src=\"https:\/\/blogsaverroes.juntadeandalucia.es\/ceipalfaguarilla\/files\/2021\/06\/thumbnail_IMG-20210622-WA0021-150x150.jpg\" class=\"attachment-thumbnail size-thumbnail\" alt=\"\" srcset=\"https:\/\/blogsaverroes.juntadeandalucia.es\/ceipalfaguarilla\/files\/2021\/06\/thumbnail_IMG-20210622-WA0021-150x150.jpg 150w, https:\/\/blogsaverroes.juntadeandalucia.es\/ceipalfaguarilla\/files\/2021\/06\/thumbnail_IMG-20210622-WA0021-300x300.jpg 300w\" sizes=\"100vw\" \/><\/a>\n\t\t\t<\/div><\/figure><figure class='gallery-item'>\n\t\t\t<div class='gallery-icon portrait'>\n\t\t\t\t<a href='https:\/\/blogsaverroes.juntadeandalucia.es\/ceipalfaguarilla\/2021\/06\/21\/otra-despedida\/thumbnail_img20210622085752\/'><img loading=\"lazy\" decoding=\"async\" width=\"150\" height=\"150\" src=\"https:\/\/blogsaverroes.juntadeandalucia.es\/ceipalfaguarilla\/files\/2021\/06\/thumbnail_IMG20210622085752-150x150.jpg\" class=\"attachment-thumbnail size-thumbnail\" alt=\"\" srcset=\"https:\/\/blogsaverroes.juntadeandalucia.es\/ceipalfaguarilla\/files\/2021\/06\/thumbnail_IMG20210622085752-150x150.jpg 150w, https:\/\/blogsaverroes.juntadeandalucia.es\/ceipalfaguarilla\/files\/2021\/06\/thumbnail_IMG20210622085752-300x300.jpg 300w\" sizes=\"100vw\" \/><\/a>\n\t\t\t<\/div><\/figure><figure class='gallery-item'>\n\t\t\t<div class='gallery-icon landscape'>\n\t\t\t\t<a href='https:\/\/blogsaverroes.juntadeandalucia.es\/ceipalfaguarilla\/2021\/06\/21\/otra-despedida\/thumbnail_img20210622124911\/'><img loading=\"lazy\" decoding=\"async\" width=\"150\" height=\"150\" src=\"https:\/\/blogsaverroes.juntadeandalucia.es\/ceipalfaguarilla\/files\/2021\/06\/thumbnail_IMG20210622124911-150x150.jpg\" class=\"attachment-thumbnail size-thumbnail\" alt=\"\" srcset=\"https:\/\/blogsaverroes.juntadeandalucia.es\/ceipalfaguarilla\/files\/2021\/06\/thumbnail_IMG20210622124911-150x150.jpg 150w, https:\/\/blogsaverroes.juntadeandalucia.es\/ceipalfaguarilla\/files\/2021\/06\/thumbnail_IMG20210622124911-300x300.jpg 300w\" sizes=\"100vw\" \/><\/a>\n\t\t\t<\/div><\/figure><figure class='gallery-item'>\n\t\t\t<div class='gallery-icon landscape'>\n\t\t\t\t<a href='https:\/\/blogsaverroes.juntadeandalucia.es\/ceipalfaguarilla\/2021\/06\/21\/otra-despedida\/thumbnail_img20210622124939\/'><img loading=\"lazy\" decoding=\"async\" width=\"150\" height=\"150\" src=\"https:\/\/blogsaverroes.juntadeandalucia.es\/ceipalfaguarilla\/files\/2021\/06\/thumbnail_IMG20210622124939-150x150.jpg\" class=\"attachment-thumbnail size-thumbnail\" alt=\"\" srcset=\"https:\/\/blogsaverroes.juntadeandalucia.es\/ceipalfaguarilla\/files\/2021\/06\/thumbnail_IMG20210622124939-150x150.jpg 150w, https:\/\/blogsaverroes.juntadeandalucia.es\/ceipalfaguarilla\/files\/2021\/06\/thumbnail_IMG20210622124939-300x300.jpg 300w\" sizes=\"100vw\" \/><\/a>\n\t\t\t<\/div><\/figure><figure class='gallery-item'>\n\t\t\t<div class='gallery-icon landscape'>\n\t\t\t\t<a href='https:\/\/blogsaverroes.juntadeandalucia.es\/ceipalfaguarilla\/2021\/06\/21\/otra-despedida\/thumbnail_img20210622125027\/'><img loading=\"lazy\" decoding=\"async\" width=\"150\" height=\"150\" src=\"https:\/\/blogsaverroes.juntadeandalucia.es\/ceipalfaguarilla\/files\/2021\/06\/thumbnail_IMG20210622125027-150x150.jpg\" class=\"attachment-thumbnail size-thumbnail\" alt=\"\" srcset=\"https:\/\/blogsaverroes.juntadeandalucia.es\/ceipalfaguarilla\/files\/2021\/06\/thumbnail_IMG20210622125027-150x150.jpg 150w, https:\/\/blogsaverroes.juntadeandalucia.es\/ceipalfaguarilla\/files\/2021\/06\/thumbnail_IMG20210622125027-300x300.jpg 300w\" sizes=\"100vw\" \/><\/a>\n\t\t\t<\/div><\/figure><figure class='gallery-item'>\n\t\t\t<div class='gallery-icon landscape'>\n\t\t\t\t<a href='https:\/\/blogsaverroes.juntadeandalucia.es\/ceipalfaguarilla\/2021\/06\/21\/otra-despedida\/thumbnail_img20210622135616\/'><img loading=\"lazy\" decoding=\"async\" width=\"150\" height=\"150\" src=\"https:\/\/blogsaverroes.juntadeandalucia.es\/ceipalfaguarilla\/files\/2021\/06\/thumbnail_IMG20210622135616-150x150.jpg\" class=\"attachment-thumbnail size-thumbnail\" alt=\"\" srcset=\"https:\/\/blogsaverroes.juntadeandalucia.es\/ceipalfaguarilla\/files\/2021\/06\/thumbnail_IMG20210622135616-150x150.jpg 150w, https:\/\/blogsaverroes.juntadeandalucia.es\/ceipalfaguarilla\/files\/2021\/06\/thumbnail_IMG20210622135616-300x300.jpg 300w\" sizes=\"100vw\" \/><\/a>\n\t\t\t<\/div><\/figure><figure class='gallery-item'>\n\t\t\t<div class='gallery-icon landscape'>\n\t\t\t\t<a href='https:\/\/blogsaverroes.juntadeandalucia.es\/ceipalfaguarilla\/2021\/06\/21\/otra-despedida\/trini\/'><img loading=\"lazy\" decoding=\"async\" width=\"150\" height=\"150\" src=\"https:\/\/blogsaverroes.juntadeandalucia.es\/ceipalfaguarilla\/files\/2021\/06\/trini-150x150.jpg\" class=\"attachment-thumbnail size-thumbnail\" alt=\"\" srcset=\"https:\/\/blogsaverroes.juntadeandalucia.es\/ceipalfaguarilla\/files\/2021\/06\/trini-150x150.jpg 150w, https:\/\/blogsaverroes.juntadeandalucia.es\/ceipalfaguarilla\/files\/2021\/06\/trini-300x300.jpg 300w\" sizes=\"100vw\" \/><\/a>\n\t\t\t<\/div><\/figure><figure class='gallery-item'>\n\t\t\t<div class='gallery-icon landscape'>\n\t\t\t\t<a href='https:\/\/blogsaverroes.juntadeandalucia.es\/ceipalfaguarilla\/2021\/06\/21\/otra-despedida\/todos\/'><img loading=\"lazy\" decoding=\"async\" width=\"150\" height=\"150\" src=\"https:\/\/blogsaverroes.juntadeandalucia.es\/ceipalfaguarilla\/files\/2021\/06\/todos-150x150.jpg\" class=\"attachment-thumbnail size-thumbnail\" alt=\"\" srcset=\"https:\/\/blogsaverroes.juntadeandalucia.es\/ceipalfaguarilla\/files\/2021\/06\/todos-150x150.jpg 150w, https:\/\/blogsaverroes.juntadeandalucia.es\/ceipalfaguarilla\/files\/2021\/06\/todos-300x300.jpg 300w\" sizes=\"100vw\" \/><\/a>\n\t\t\t<\/div><\/figure>\n\t\t<\/div>\n\n","protected":false},"excerpt":{"rendered":"<p>Hoy 22 de junio de 2021 despedimos a los ni\u00f1os y ni\u00f1as de la promoci\u00f3n 2012\/2021, despu\u00e9s de 9 a\u00f1os en el cole llega el momento de pasar al instituto, cuando una etapa se cierra comienza otra, ni mejor ni peor, pero s\u00ed diferente. Desde el C.E.I.P Alfaguarilla queremos dar las gracias a las familias &hellip; <\/p>\n<p class=\"link-more\"><a href=\"https:\/\/blogsaverroes.juntadeandalucia.es\/ceipalfaguarilla\/2021\/06\/21\/otra-despedida\/\" class=\"more-link\">Continuar leyendo<span class=\"screen-reader-text\"> \u00abOTRA DESPEDIDA&#8230;..Y MUCHOS RECUERDOS EN EL CORAZ\u00d3N\u00bb<\/span><\/a><\/p>\n","protected":false},"author":2978,"featured_media":2845,"comment_status":"open","ping_status":"open","sticky":false,"template":"","format":"standard","meta":{"ngg_post_thumbnail":0,"footnotes":""},"categories":[11909],"tags":[],"aioseo_notices":[],"_links":{"self":[{"href":"https:\/\/blogsaverroes.juntadeandalucia.es\/ceipalfaguarilla\/wp-json\/wp\/v2\/posts\/2820"}],"collection":[{"href":"https:\/\/blogsaverroes.juntadeandalucia.es\/ceipalfaguarilla\/wp-json\/wp\/v2\/posts"}],"about":[{"href":"https:\/\/blogsaverroes.juntadeandalucia.es\/ceipalfaguarilla\/wp-json\/wp\/v2\/types\/post"}],"author":[{"embeddable":true,"href":"https:\/\/blogsaverroes.juntadeandalucia.es\/ceipalfaguarilla\/wp-json\/wp\/v2\/users\/2978"}],"replies":[{"embeddable":true,"href":"https:\/\/blogsaverroes.juntadeandalucia.es\/ceipalfaguarilla\/wp-json\/wp\/v2\/comments?post=2820"}],"version-history":[{"count":7,"href":"https:\/\/blogsaverroes.juntadeandalucia.es\/ceipalfaguarilla\/wp-json\/wp\/v2\/posts\/2820\/revisions"}],"predecessor-version":[{"id":2857,"href":"https:\/\/blogsaverroes.juntadeandalucia.es\/ceipalfaguarilla\/wp-json\/wp\/v2\/posts\/2820\/revisions\/2857"}],"wp:featuredmedia":[{"embeddable":true,"href":"https:\/\/blogsaverroes.juntadeandalucia.es\/ceipalfaguarilla\/wp-json\/wp\/v2\/media\/2845"}],"wp:attachment":[{"href":"https:\/\/blogsaverroes.juntadeandalucia.es\/ceipalfaguarilla\/wp-json\/wp\/v2\/media?parent=2820"}],"wp:term":[{"taxonomy":"category","embeddable":true,"href":"https:\/\/blogsaverroes.juntadeandalucia.es\/ceipalfaguarilla\/wp-json\/wp\/v2\/categories?post=2820"},{"taxonomy":"post_tag","embeddable":true,"href":"https:\/\/blogsaverroes.juntadeandalucia.es\/ceipalfaguarilla\/wp-json\/wp\/v2\/tags?post=2820"}],"curies":[{"name":"wp","href":"https:\/\/api.w.org\/{rel}","templated":true}]}}