{"id":16226,"date":"2021-10-14T16:11:47","date_gmt":"2021-10-14T16:11:47","guid":{"rendered":"https:\/\/blogsaverroes.juntadeandalucia.es\/ceipalfar\/?p=16226"},"modified":"2022-05-15T15:55:27","modified_gmt":"2022-05-15T15:55:27","slug":"proa-2021-2","status":"publish","type":"post","link":"https:\/\/blogsaverroes.juntadeandalucia.es\/ceipalfar\/2021\/10\/14\/proa-2021-2\/","title":{"rendered":"PROA  CURSO 2021\/22"},"content":{"rendered":"<p>COMIENZA PROA 2021-2022<\/p>\n<p style=\"text-align: justify\">Este mes de octubre hemos comenzado de nuevo curso de programa PROA (programa de acompa\u00f1amiento escolar), que consiste en un conjunto de actuaciones dirigidas a mejorar el grado de adquisici\u00f3n de las competencias b\u00e1sicas y complementar las acciones encaminadas a la mejora del \u00e9xito escolar que se desarrollan en centros docentes p\u00fablicos de Andaluc\u00eda&nbsp;Relaci\u00f3n de actuaciones.<\/p>\n<p>Las retribuciones del Profesorado de este centro que imparte las ense\u00f1anzas detalladas a continuaci\u00f3n son cofinanciadas a trav\u00e9s del Programa Operativo Fondo Social Europeo 2014-2020:<\/p>\n<ul>\n<li>Pedagog\u00eda Terap\u00e9utica<\/li>\n<li><strong>Apoyo escolar (PROA)<\/strong><\/li>\n<li>Auxiliares de conversaci\u00f3n<\/li>\n<\/ul>\n<p style=\"text-align: justify\">Este curso tenemos 3 grupos (de 12 alumnos\/as m\u00e1ximo) con alumnado de 4\u00ba, 5\u00ba y 6\u00ba de EP, contando con maestros\/as del propio centro (D\u00f1a. Araceli Gamero Aguado, D\u00f1a. Carmen Serrano Moreno y D. Francisco de As\u00eds Lucena P\u00e9rez).&nbsp;<\/p>\n<p style=\"text-align: justify\">Su duraci\u00f3n ser\u00e1 desde octubre de 2021 hasta mayo de 2022, siendo cofinanciado por los fondos sociales de la comunidad europea.&nbsp;<\/p>\n<p style=\"text-align: justify\">Este programa es uno de los programas estrella de nuestro centro, siendo demandado por gran cantidad de familias. En \u00e9l se refuerzan contenidos de las asignaturas instrumentales,&nbsp; se ense\u00f1an t\u00e9cnicas de estudio y se terminan trabajos de clase.<\/p>\n<p style=\"text-align: justify\">Nuestros alumnos aprenden y disfrutan durante dos tardes a la semana de estas clases totalmente gratuitas.<\/p>\n<p>&nbsp;<em>Carmen Serrano Moreno.&nbsp; Maestra PROA.<\/em><\/p>\n<p><a href=\"https:\/\/blogsaverroes.juntadeandalucia.es\/ceipalfar\/files\/2021\/06\/cartel-FSE.jpg\"><img loading=\"lazy\" decoding=\"async\" class=\"alignnone size-medium wp-image-17289\" src=\"https:\/\/blogsaverroes.juntadeandalucia.es\/ceipalfar\/files\/2021\/06\/cartel-FSE-300x300.jpg\" alt=\"\" width=\"300\" height=\"300\" srcset=\"https:\/\/blogsaverroes.juntadeandalucia.es\/ceipalfar\/files\/2021\/06\/cartel-FSE-300x300.jpg 300w, https:\/\/blogsaverroes.juntadeandalucia.es\/ceipalfar\/files\/2021\/06\/cartel-FSE-150x150.jpg 150w, https:\/\/blogsaverroes.juntadeandalucia.es\/ceipalfar\/files\/2021\/06\/cartel-FSE.jpg 350w\" sizes=\"(max-width: 300px) 100vw, 300px\" \/><\/a><\/p>\n\n\t\t<style>\n\t\t\t#gallery-1 {\n\t\t\t\tmargin: auto;\n\t\t\t}\n\t\t\t#gallery-1 .gallery-item {\n\t\t\t\tfloat: left;\n\t\t\t\tmargin-top: 10px;\n\t\t\t\ttext-align: center;\n\t\t\t\twidth: 33%;\n\t\t\t}\n\t\t\t#gallery-1 img {\n\t\t\t\tborder: 2px solid #cfcfcf;\n\t\t\t}\n\t\t\t#gallery-1 .gallery-caption {\n\t\t\t\tmargin-left: 0;\n\t\t\t}\n\t\t\t\/* see gallery_shortcode() in wp-includes\/media.php *\/\n\t\t<\/style>\n\t\t<div id='gallery-1' class='gallery galleryid-16226 gallery-columns-3 gallery-size-thumbnail'><dl class='gallery-item'>\n\t\t\t<dt class='gallery-icon landscape'>\n\t\t\t\t<a href='https:\/\/blogsaverroes.juntadeandalucia.es\/ceipalfar\/2021\/06\/10\/proa-2021\/andalucia-se-mueve\/'><img loading=\"lazy\" decoding=\"async\" width=\"150\" height=\"150\" src=\"https:\/\/blogsaverroes.juntadeandalucia.es\/ceipalfar\/files\/2021\/06\/Andalucia-se-mueve-150x150.jpg\" class=\"attachment-thumbnail size-thumbnail\" alt=\"\" srcset=\"https:\/\/blogsaverroes.juntadeandalucia.es\/ceipalfar\/files\/2021\/06\/Andalucia-se-mueve-150x150.jpg 150w, https:\/\/blogsaverroes.juntadeandalucia.es\/ceipalfar\/files\/2021\/06\/Andalucia-se-mueve-300x300.jpg 300w, https:\/\/blogsaverroes.juntadeandalucia.es\/ceipalfar\/files\/2021\/06\/Andalucia-se-mueve.jpg 350w\" sizes=\"(max-width: 150px) 100vw, 150px\" \/><\/a>\n\t\t\t<\/dt><\/dl><dl class='gallery-item'>\n\t\t\t<dt class='gallery-icon landscape'>\n\t\t\t\t<a href='https:\/\/blogsaverroes.juntadeandalucia.es\/ceipalfar\/2021\/06\/10\/proa-2021\/union-europea-2\/'><img loading=\"lazy\" decoding=\"async\" width=\"150\" height=\"150\" src=\"https:\/\/blogsaverroes.juntadeandalucia.es\/ceipalfar\/files\/2021\/06\/Uni\u00f3n-europea-1-150x150.jpg\" class=\"attachment-thumbnail size-thumbnail\" alt=\"\" srcset=\"https:\/\/blogsaverroes.juntadeandalucia.es\/ceipalfar\/files\/2021\/06\/Uni\u00f3n-europea-1-150x150.jpg 150w, https:\/\/blogsaverroes.juntadeandalucia.es\/ceipalfar\/files\/2021\/06\/Uni\u00f3n-europea-1-300x300.jpg 300w, https:\/\/blogsaverroes.juntadeandalucia.es\/ceipalfar\/files\/2021\/06\/Uni\u00f3n-europea-1.jpg 350w\" sizes=\"(max-width: 150px) 100vw, 150px\" \/><\/a>\n\t\t\t<\/dt><\/dl><dl class='gallery-item'>\n\t\t\t<dt class='gallery-icon landscape'>\n\t\t\t\t<a href='https:\/\/blogsaverroes.juntadeandalucia.es\/ceipalfar\/2021\/06\/10\/proa-2021\/junta-de-andalucia-2\/'><img loading=\"lazy\" decoding=\"async\" width=\"150\" height=\"150\" src=\"https:\/\/blogsaverroes.juntadeandalucia.es\/ceipalfar\/files\/2021\/06\/Junta-de-Andaluc\u00eda-1-1-150x150.jpg\" class=\"attachment-thumbnail size-thumbnail\" alt=\"\" srcset=\"https:\/\/blogsaverroes.juntadeandalucia.es\/ceipalfar\/files\/2021\/06\/Junta-de-Andaluc\u00eda-1-1-150x150.jpg 150w, https:\/\/blogsaverroes.juntadeandalucia.es\/ceipalfar\/files\/2021\/06\/Junta-de-Andaluc\u00eda-1-1-300x300.jpg 300w, https:\/\/blogsaverroes.juntadeandalucia.es\/ceipalfar\/files\/2021\/06\/Junta-de-Andaluc\u00eda-1-1.jpg 350w\" sizes=\"(max-width: 150px) 100vw, 150px\" \/><\/a>\n\t\t\t<\/dt><\/dl><br style=\"clear: both\" \/>\n\t\t<\/div>\n\n\n\t\t<style>\n\t\t\t#gallery-2 {\n\t\t\t\tmargin: auto;\n\t\t\t}\n\t\t\t#gallery-2 .gallery-item {\n\t\t\t\tfloat: left;\n\t\t\t\tmargin-top: 10px;\n\t\t\t\ttext-align: center;\n\t\t\t\twidth: 33%;\n\t\t\t}\n\t\t\t#gallery-2 img {\n\t\t\t\tborder: 2px solid #cfcfcf;\n\t\t\t}\n\t\t\t#gallery-2 .gallery-caption {\n\t\t\t\tmargin-left: 0;\n\t\t\t}\n\t\t\t\/* see gallery_shortcode() in wp-includes\/media.php *\/\n\t\t<\/style>\n\t\t<div id='gallery-2' class='gallery galleryid-16226 gallery-columns-3 gallery-size-thumbnail'><dl class='gallery-item'>\n\t\t\t<dt class='gallery-icon landscape'>\n\t\t\t\t<a href='https:\/\/blogsaverroes.juntadeandalucia.es\/ceipalfar\/2021\/10\/14\/proa-2021-2\/1-2\/'><img loading=\"lazy\" decoding=\"async\" width=\"150\" height=\"150\" src=\"https:\/\/blogsaverroes.juntadeandalucia.es\/ceipalfar\/files\/2021\/10\/1-1-150x150.jpg\" class=\"attachment-thumbnail size-thumbnail\" alt=\"\" \/><\/a>\n\t\t\t<\/dt><\/dl><dl class='gallery-item'>\n\t\t\t<dt class='gallery-icon landscape'>\n\t\t\t\t<a href='https:\/\/blogsaverroes.juntadeandalucia.es\/ceipalfar\/2021\/10\/14\/proa-2021-2\/attachment\/22\/'><img loading=\"lazy\" decoding=\"async\" width=\"150\" height=\"150\" src=\"https:\/\/blogsaverroes.juntadeandalucia.es\/ceipalfar\/files\/2021\/10\/22-150x150.jpg\" class=\"attachment-thumbnail size-thumbnail\" alt=\"\" \/><\/a>\n\t\t\t<\/dt><\/dl><dl class='gallery-item'>\n\t\t\t<dt class='gallery-icon landscape'>\n\t\t\t\t<a href='https:\/\/blogsaverroes.juntadeandalucia.es\/ceipalfar\/2021\/10\/14\/proa-2021-2\/20201221_131735\/'><img loading=\"lazy\" decoding=\"async\" width=\"150\" height=\"150\" src=\"https:\/\/blogsaverroes.juntadeandalucia.es\/ceipalfar\/files\/2021\/10\/20201221_131735-150x150.jpg\" class=\"attachment-thumbnail size-thumbnail\" alt=\"\" \/><\/a>\n\t\t\t<\/dt><\/dl><br style=\"clear: both\" \/><dl class='gallery-item'>\n\t\t\t<dt class='gallery-icon landscape'>\n\t\t\t\t<a href='https:\/\/blogsaverroes.juntadeandalucia.es\/ceipalfar\/2021\/10\/14\/proa-2021-2\/20201221_131746\/'><img loading=\"lazy\" decoding=\"async\" width=\"150\" height=\"150\" src=\"https:\/\/blogsaverroes.juntadeandalucia.es\/ceipalfar\/files\/2021\/10\/20201221_131746-150x150.jpg\" class=\"attachment-thumbnail size-thumbnail\" alt=\"\" \/><\/a>\n\t\t\t<\/dt><\/dl><dl class='gallery-item'>\n\t\t\t<dt class='gallery-icon landscape'>\n\t\t\t\t<a href='https:\/\/blogsaverroes.juntadeandalucia.es\/ceipalfar\/2021\/10\/14\/proa-2021-2\/20201221_131811\/'><img loading=\"lazy\" decoding=\"async\" width=\"150\" height=\"150\" src=\"https:\/\/blogsaverroes.juntadeandalucia.es\/ceipalfar\/files\/2021\/10\/20201221_131811-150x150.jpg\" class=\"attachment-thumbnail size-thumbnail\" alt=\"\" \/><\/a>\n\t\t\t<\/dt><\/dl><dl class='gallery-item'>\n\t\t\t<dt class='gallery-icon landscape'>\n\t\t\t\t<a href='https:\/\/blogsaverroes.juntadeandalucia.es\/ceipalfar\/2021\/10\/14\/proa-2021-2\/20201221_131816\/'><img loading=\"lazy\" decoding=\"async\" width=\"150\" height=\"150\" src=\"https:\/\/blogsaverroes.juntadeandalucia.es\/ceipalfar\/files\/2021\/10\/20201221_131816-150x150.jpg\" class=\"attachment-thumbnail size-thumbnail\" alt=\"\" \/><\/a>\n\t\t\t<\/dt><\/dl><br style=\"clear: both\" \/><dl class='gallery-item'>\n\t\t\t<dt class='gallery-icon landscape'>\n\t\t\t\t<a href='https:\/\/blogsaverroes.juntadeandalucia.es\/ceipalfar\/2021\/10\/14\/proa-2021-2\/20201221_131826\/'><img loading=\"lazy\" decoding=\"async\" width=\"150\" height=\"150\" src=\"https:\/\/blogsaverroes.juntadeandalucia.es\/ceipalfar\/files\/2021\/10\/20201221_131826-150x150.jpg\" class=\"attachment-thumbnail size-thumbnail\" alt=\"\" \/><\/a>\n\t\t\t<\/dt><\/dl><dl class='gallery-item'>\n\t\t\t<dt class='gallery-icon landscape'>\n\t\t\t\t<a href='https:\/\/blogsaverroes.juntadeandalucia.es\/ceipalfar\/2021\/10\/14\/proa-2021-2\/20201221_131836\/'><img loading=\"lazy\" decoding=\"async\" width=\"150\" height=\"150\" src=\"https:\/\/blogsaverroes.juntadeandalucia.es\/ceipalfar\/files\/2021\/10\/20201221_131836-150x150.jpg\" class=\"attachment-thumbnail size-thumbnail\" alt=\"\" \/><\/a>\n\t\t\t<\/dt><\/dl><dl class='gallery-item'>\n\t\t\t<dt class='gallery-icon portrait'>\n\t\t\t\t<a href='https:\/\/blogsaverroes.juntadeandalucia.es\/ceipalfar\/2021\/10\/14\/proa-2021-2\/20201221_131847\/'><img loading=\"lazy\" decoding=\"async\" width=\"150\" height=\"150\" src=\"https:\/\/blogsaverroes.juntadeandalucia.es\/ceipalfar\/files\/2021\/10\/20201221_131847-150x150.jpg\" class=\"attachment-thumbnail size-thumbnail\" alt=\"\" \/><\/a>\n\t\t\t<\/dt><\/dl><br style=\"clear: both\" \/><dl class='gallery-item'>\n\t\t\t<dt class='gallery-icon landscape'>\n\t\t\t\t<a href='https:\/\/blogsaverroes.juntadeandalucia.es\/ceipalfar\/2021\/10\/14\/proa-2021-2\/20201221_131856\/'><img loading=\"lazy\" decoding=\"async\" width=\"150\" height=\"150\" src=\"https:\/\/blogsaverroes.juntadeandalucia.es\/ceipalfar\/files\/2021\/10\/20201221_131856-150x150.jpg\" class=\"attachment-thumbnail size-thumbnail\" alt=\"\" \/><\/a>\n\t\t\t<\/dt><\/dl>\n\t\t\t<br style='clear: both' \/>\n\t\t<\/div>\n\n","protected":false},"excerpt":{"rendered":"<p>COMIENZA PROA 2021-2022 Este mes de octubre hemos comenzado de nuevo curso de programa PROA (programa de acompa\u00f1amiento escolar), que consiste en un conjunto de actuaciones dirigidas a mejorar el grado de adquisici\u00f3n de&#46;&#46;&#46;<\/p>\n","protected":false},"author":2291,"featured_media":16317,"comment_status":"open","ping_status":"open","sticky":false,"template":"","format":"standard","meta":{"ngg_post_thumbnail":0,"footnotes":""},"categories":[389702,11909],"tags":[],"aioseo_notices":[],"_links":{"self":[{"href":"https:\/\/blogsaverroes.juntadeandalucia.es\/ceipalfar\/wp-json\/wp\/v2\/posts\/16226"}],"collection":[{"href":"https:\/\/blogsaverroes.juntadeandalucia.es\/ceipalfar\/wp-json\/wp\/v2\/posts"}],"about":[{"href":"https:\/\/blogsaverroes.juntadeandalucia.es\/ceipalfar\/wp-json\/wp\/v2\/types\/post"}],"author":[{"embeddable":true,"href":"https:\/\/blogsaverroes.juntadeandalucia.es\/ceipalfar\/wp-json\/wp\/v2\/users\/2291"}],"replies":[{"embeddable":true,"href":"https:\/\/blogsaverroes.juntadeandalucia.es\/ceipalfar\/wp-json\/wp\/v2\/comments?post=16226"}],"version-history":[{"count":5,"href":"https:\/\/blogsaverroes.juntadeandalucia.es\/ceipalfar\/wp-json\/wp\/v2\/posts\/16226\/revisions"}],"predecessor-version":[{"id":17299,"href":"https:\/\/blogsaverroes.juntadeandalucia.es\/ceipalfar\/wp-json\/wp\/v2\/posts\/16226\/revisions\/17299"}],"wp:featuredmedia":[{"embeddable":true,"href":"https:\/\/blogsaverroes.juntadeandalucia.es\/ceipalfar\/wp-json\/wp\/v2\/media\/16317"}],"wp:attachment":[{"href":"https:\/\/blogsaverroes.juntadeandalucia.es\/ceipalfar\/wp-json\/wp\/v2\/media?parent=16226"}],"wp:term":[{"taxonomy":"category","embeddable":true,"href":"https:\/\/blogsaverroes.juntadeandalucia.es\/ceipalfar\/wp-json\/wp\/v2\/categories?post=16226"},{"taxonomy":"post_tag","embeddable":true,"href":"https:\/\/blogsaverroes.juntadeandalucia.es\/ceipalfar\/wp-json\/wp\/v2\/tags?post=16226"}],"curies":[{"name":"wp","href":"https:\/\/api.w.org\/{rel}","templated":true}]}}