{"id":16325,"date":"2021-10-30T09:34:25","date_gmt":"2021-10-30T09:34:25","guid":{"rendered":"https:\/\/blogsaverroes.juntadeandalucia.es\/ceipalfar\/?p=16325"},"modified":"2022-05-15T16:03:07","modified_gmt":"2022-05-15T16:03:07","slug":"teatro","status":"publish","type":"post","link":"https:\/\/blogsaverroes.juntadeandalucia.es\/ceipalfar\/2021\/10\/30\/teatro\/","title":{"rendered":"Teatro: \u00bb La noche de Samhain\u00bb. 2021"},"content":{"rendered":"<p><strong><u>La noche de Samhain<\/u><\/strong><\/p>\n<p style=\"text-align: justify\">En nuestro sistema educativo se valora cada vez m\u00e1s el estudio de lenguas extranjeras por la importancia de que nuestros alumnos adquieran un perfil pluriling\u00fce e intercultural. Esto quiere decir que las competencias comunicativas en lenguas extranjeras no pueden separar un idioma de la cultura que le es propia.<\/p>\n<p style=\"text-align: justify\">Desde el equipo biling\u00fce, decidimos celebrar Halloween debido a su popularidad, as\u00ed pues, los alumnos\/as de 6\u00ba de E. Primaria han realizado un teatro buscando los or\u00edgenes de dicha festividad. El estreno tuvo lugar el pasado 27 de octubre en la Casa de Cultura (aprovechando la entrada para sacar fondos para el viaje de fin de curso de dichos alumnos) y el d\u00eda 28 se realizaron varios pases para todo nuestro alumnado, en el Sal\u00f3n de Actos del propio centro. En esta labor nos ha ayudado nuestro auxiliar de conversaci\u00f3n George Felipe y los alumnos del grupo de 6\u00ba del PROA. (FSE)<\/p>\n<p style=\"text-align: justify\">La obra \u201cLa noche de Samhain\u201d ha sido escrita por Ana Jurado Carmona a la que agradecemos profundamente su ayuda y predisposici\u00f3n siempre que lo solicitamos.<\/p>\n<p style=\"text-align: justify\">El argumento de la obra nos explica que aunque relacionemos la festividad de Halloween con los Estados Unidos, sus or\u00edgenes se remontan a una milenaria tradici\u00f3n celta conocida como Samhain (pronunciado \u00absow-in\u00bb, que significa \u00abfin del verano\u00bb), festival coincidente con el equinoccio de oto\u00f1o que celebraba el fin de las cosechas y el comienzo del nuevo a\u00f1o. Durante esa noche se cre\u00eda que los esp\u00edritus de los difuntos entraban en contacto con los vivos, y se realizaban ritos sagrados relacionados con la muerte. La festividad no se extingui\u00f3 con la ocupaci\u00f3n de los romanos, sino que, al contrario, el fin de a\u00f1o celta fue incluido en su propio calendario. Con el tiempo, su popularidad se extendi\u00f3 y acrecent\u00f3 tanto que, en el siglo VII d.C., el papa Bonifacio IV incorpor\u00f3 la tradici\u00f3n pagana al conjunto de las celebraciones cristianas, como ya hab\u00eda ocurrido con la Navidad y otras fiestas, como v\u00edspera del D\u00eda de Todos los Santos. Con todo, la celebraci\u00f3n continuar\u00eda transform\u00e1ndose. A mediados del siglo XIX Irlanda experiment\u00f3 su peor crisis econ\u00f3mica y social, en lo que se llamar\u00eda m\u00e1s tarde la Gran Hambruna Irlandesa. Millones de irlandeses emigraron a otros pa\u00edses en busca de trabajo, siendo los Estados Unidos de Am\u00e9rica el principal destino de los exiliados. Los irlandeses llevaron consigo sus tradiciones, y as\u00ed fue como \u201cAll Hallows Eve\u201d se convirti\u00f3 en \u201cHalloween\u201d. Con la influencia norteamericana, la celebraci\u00f3n tom\u00f3 un cariz mucho m\u00e1s pintoresco, estableci\u00e9ndose todos los simbolismos y ritos que conocemos ahora.<\/p>\n<p>&nbsp;<em> Julia Jurado Carmona. Tutora de 6\u00ba&nbsp; y&nbsp; Coordinadora biling\u00fce.<\/em><\/p>\n\n\t\t<style>\n\t\t\t#gallery-1 {\n\t\t\t\tmargin: auto;\n\t\t\t}\n\t\t\t#gallery-1 .gallery-item {\n\t\t\t\tfloat: left;\n\t\t\t\tmargin-top: 10px;\n\t\t\t\ttext-align: center;\n\t\t\t\twidth: 33%;\n\t\t\t}\n\t\t\t#gallery-1 img {\n\t\t\t\tborder: 2px solid #cfcfcf;\n\t\t\t}\n\t\t\t#gallery-1 .gallery-caption {\n\t\t\t\tmargin-left: 0;\n\t\t\t}\n\t\t\t\/* see gallery_shortcode() in wp-includes\/media.php *\/\n\t\t<\/style>\n\t\t<div id='gallery-1' class='gallery galleryid-16325 gallery-columns-3 gallery-size-thumbnail'><dl class='gallery-item'>\n\t\t\t<dt class='gallery-icon landscape'>\n\t\t\t\t<a href='https:\/\/blogsaverroes.juntadeandalucia.es\/ceipalfar\/2021\/10\/30\/teatro\/img-20211028-wa0031\/'><img loading=\"lazy\" decoding=\"async\" width=\"150\" height=\"150\" src=\"https:\/\/blogsaverroes.juntadeandalucia.es\/ceipalfar\/files\/2021\/10\/IMG-20211028-WA0031-150x150.jpg\" class=\"attachment-thumbnail size-thumbnail\" alt=\"\" \/><\/a>\n\t\t\t<\/dt><\/dl><dl class='gallery-item'>\n\t\t\t<dt class='gallery-icon portrait'>\n\t\t\t\t<a href='https:\/\/blogsaverroes.juntadeandalucia.es\/ceipalfar\/2021\/10\/30\/teatro\/img-20211028-wa0032\/'><img loading=\"lazy\" decoding=\"async\" width=\"150\" height=\"150\" src=\"https:\/\/blogsaverroes.juntadeandalucia.es\/ceipalfar\/files\/2021\/10\/IMG-20211028-WA0032-150x150.jpg\" class=\"attachment-thumbnail size-thumbnail\" alt=\"\" \/><\/a>\n\t\t\t<\/dt><\/dl><dl class='gallery-item'>\n\t\t\t<dt class='gallery-icon landscape'>\n\t\t\t\t<a href='https:\/\/blogsaverroes.juntadeandalucia.es\/ceipalfar\/2021\/10\/30\/teatro\/img-20211028-wa0033\/'><img loading=\"lazy\" decoding=\"async\" width=\"150\" height=\"150\" src=\"https:\/\/blogsaverroes.juntadeandalucia.es\/ceipalfar\/files\/2021\/10\/IMG-20211028-WA0033-150x150.jpg\" class=\"attachment-thumbnail size-thumbnail\" alt=\"\" \/><\/a>\n\t\t\t<\/dt><\/dl><br style=\"clear: both\" \/><dl class='gallery-item'>\n\t\t\t<dt class='gallery-icon landscape'>\n\t\t\t\t<a href='https:\/\/blogsaverroes.juntadeandalucia.es\/ceipalfar\/2021\/10\/30\/teatro\/img-20211028-wa0034\/'><img loading=\"lazy\" decoding=\"async\" width=\"150\" height=\"150\" src=\"https:\/\/blogsaverroes.juntadeandalucia.es\/ceipalfar\/files\/2021\/10\/IMG-20211028-WA0034-150x150.jpg\" class=\"attachment-thumbnail size-thumbnail\" alt=\"\" \/><\/a>\n\t\t\t<\/dt><\/dl><dl class='gallery-item'>\n\t\t\t<dt class='gallery-icon landscape'>\n\t\t\t\t<a href='https:\/\/blogsaverroes.juntadeandalucia.es\/ceipalfar\/2021\/10\/30\/teatro\/img-20211028-wa0035\/'><img loading=\"lazy\" decoding=\"async\" width=\"150\" height=\"150\" src=\"https:\/\/blogsaverroes.juntadeandalucia.es\/ceipalfar\/files\/2021\/10\/IMG-20211028-WA0035-150x150.jpg\" class=\"attachment-thumbnail size-thumbnail\" alt=\"\" \/><\/a>\n\t\t\t<\/dt><\/dl><dl class='gallery-item'>\n\t\t\t<dt class='gallery-icon landscape'>\n\t\t\t\t<a href='https:\/\/blogsaverroes.juntadeandalucia.es\/ceipalfar\/2021\/10\/30\/teatro\/img-20211028-wa0036\/'><img loading=\"lazy\" decoding=\"async\" width=\"150\" height=\"150\" src=\"https:\/\/blogsaverroes.juntadeandalucia.es\/ceipalfar\/files\/2021\/10\/IMG-20211028-WA0036-150x150.jpg\" class=\"attachment-thumbnail size-thumbnail\" alt=\"\" \/><\/a>\n\t\t\t<\/dt><\/dl><br style=\"clear: both\" \/><dl class='gallery-item'>\n\t\t\t<dt class='gallery-icon landscape'>\n\t\t\t\t<a href='https:\/\/blogsaverroes.juntadeandalucia.es\/ceipalfar\/2021\/10\/30\/teatro\/img-20211028-wa0037\/'><img loading=\"lazy\" decoding=\"async\" width=\"150\" height=\"150\" src=\"https:\/\/blogsaverroes.juntadeandalucia.es\/ceipalfar\/files\/2021\/10\/IMG-20211028-WA0037-150x150.jpg\" class=\"attachment-thumbnail size-thumbnail\" alt=\"\" \/><\/a>\n\t\t\t<\/dt><\/dl><dl class='gallery-item'>\n\t\t\t<dt class='gallery-icon landscape'>\n\t\t\t\t<a href='https:\/\/blogsaverroes.juntadeandalucia.es\/ceipalfar\/2021\/10\/30\/teatro\/img-20211028-wa0038\/'><img loading=\"lazy\" decoding=\"async\" width=\"150\" height=\"150\" src=\"https:\/\/blogsaverroes.juntadeandalucia.es\/ceipalfar\/files\/2021\/10\/IMG-20211028-WA0038-150x150.jpg\" class=\"attachment-thumbnail size-thumbnail\" alt=\"\" \/><\/a>\n\t\t\t<\/dt><\/dl><dl class='gallery-item'>\n\t\t\t<dt class='gallery-icon landscape'>\n\t\t\t\t<a href='https:\/\/blogsaverroes.juntadeandalucia.es\/ceipalfar\/2021\/10\/30\/teatro\/img-20211028-wa0039\/'><img loading=\"lazy\" decoding=\"async\" width=\"150\" height=\"150\" src=\"https:\/\/blogsaverroes.juntadeandalucia.es\/ceipalfar\/files\/2021\/10\/IMG-20211028-WA0039-150x150.jpg\" class=\"attachment-thumbnail size-thumbnail\" alt=\"\" \/><\/a>\n\t\t\t<\/dt><\/dl><br style=\"clear: both\" \/><dl class='gallery-item'>\n\t\t\t<dt class='gallery-icon landscape'>\n\t\t\t\t<a href='https:\/\/blogsaverroes.juntadeandalucia.es\/ceipalfar\/2021\/10\/30\/teatro\/img-20211028-wa0040\/'><img loading=\"lazy\" decoding=\"async\" width=\"150\" height=\"150\" src=\"https:\/\/blogsaverroes.juntadeandalucia.es\/ceipalfar\/files\/2021\/10\/IMG-20211028-WA0040-150x150.jpg\" class=\"attachment-thumbnail size-thumbnail\" alt=\"\" \/><\/a>\n\t\t\t<\/dt><\/dl><dl class='gallery-item'>\n\t\t\t<dt class='gallery-icon landscape'>\n\t\t\t\t<a href='https:\/\/blogsaverroes.juntadeandalucia.es\/ceipalfar\/2021\/10\/30\/teatro\/img-20211028-wa0041\/'><img loading=\"lazy\" decoding=\"async\" width=\"150\" height=\"150\" src=\"https:\/\/blogsaverroes.juntadeandalucia.es\/ceipalfar\/files\/2021\/10\/IMG-20211028-WA0041-150x150.jpg\" class=\"attachment-thumbnail size-thumbnail\" alt=\"\" \/><\/a>\n\t\t\t<\/dt><\/dl><dl class='gallery-item'>\n\t\t\t<dt class='gallery-icon landscape'>\n\t\t\t\t<a href='https:\/\/blogsaverroes.juntadeandalucia.es\/ceipalfar\/2021\/10\/30\/teatro\/img-20211028-wa0042\/'><img loading=\"lazy\" decoding=\"async\" width=\"150\" height=\"150\" src=\"https:\/\/blogsaverroes.juntadeandalucia.es\/ceipalfar\/files\/2021\/10\/IMG-20211028-WA0042-150x150.jpg\" class=\"attachment-thumbnail size-thumbnail\" alt=\"\" \/><\/a>\n\t\t\t<\/dt><\/dl><br style=\"clear: both\" \/><dl class='gallery-item'>\n\t\t\t<dt class='gallery-icon landscape'>\n\t\t\t\t<a href='https:\/\/blogsaverroes.juntadeandalucia.es\/ceipalfar\/2021\/10\/30\/teatro\/img-20211028-wa0043\/'><img loading=\"lazy\" decoding=\"async\" width=\"150\" height=\"150\" src=\"https:\/\/blogsaverroes.juntadeandalucia.es\/ceipalfar\/files\/2021\/10\/IMG-20211028-WA0043-150x150.jpg\" class=\"attachment-thumbnail size-thumbnail\" alt=\"\" \/><\/a>\n\t\t\t<\/dt><\/dl><dl class='gallery-item'>\n\t\t\t<dt class='gallery-icon landscape'>\n\t\t\t\t<a href='https:\/\/blogsaverroes.juntadeandalucia.es\/ceipalfar\/2021\/10\/30\/teatro\/img-20211028-wa0044\/'><img loading=\"lazy\" decoding=\"async\" width=\"150\" height=\"150\" src=\"https:\/\/blogsaverroes.juntadeandalucia.es\/ceipalfar\/files\/2021\/10\/IMG-20211028-WA0044-150x150.jpg\" class=\"attachment-thumbnail size-thumbnail\" alt=\"\" \/><\/a>\n\t\t\t<\/dt><\/dl><dl class='gallery-item'>\n\t\t\t<dt class='gallery-icon landscape'>\n\t\t\t\t<a href='https:\/\/blogsaverroes.juntadeandalucia.es\/ceipalfar\/2021\/10\/30\/teatro\/img-20211028-wa0045\/'><img loading=\"lazy\" decoding=\"async\" width=\"150\" height=\"150\" src=\"https:\/\/blogsaverroes.juntadeandalucia.es\/ceipalfar\/files\/2021\/10\/IMG-20211028-WA0045-150x150.jpg\" class=\"attachment-thumbnail size-thumbnail\" alt=\"\" \/><\/a>\n\t\t\t<\/dt><\/dl><br style=\"clear: both\" \/><dl class='gallery-item'>\n\t\t\t<dt class='gallery-icon landscape'>\n\t\t\t\t<a href='https:\/\/blogsaverroes.juntadeandalucia.es\/ceipalfar\/2021\/10\/30\/teatro\/img-20211028-wa0046\/'><img loading=\"lazy\" decoding=\"async\" width=\"150\" height=\"150\" src=\"https:\/\/blogsaverroes.juntadeandalucia.es\/ceipalfar\/files\/2021\/10\/IMG-20211028-WA0046-150x150.jpg\" class=\"attachment-thumbnail size-thumbnail\" alt=\"\" \/><\/a>\n\t\t\t<\/dt><\/dl><dl class='gallery-item'>\n\t\t\t<dt class='gallery-icon landscape'>\n\t\t\t\t<a href='https:\/\/blogsaverroes.juntadeandalucia.es\/ceipalfar\/2021\/10\/30\/teatro\/img-20211028-wa0047\/'><img loading=\"lazy\" decoding=\"async\" width=\"150\" height=\"150\" src=\"https:\/\/blogsaverroes.juntadeandalucia.es\/ceipalfar\/files\/2021\/10\/IMG-20211028-WA0047-150x150.jpg\" class=\"attachment-thumbnail size-thumbnail\" alt=\"\" \/><\/a>\n\t\t\t<\/dt><\/dl><dl class='gallery-item'>\n\t\t\t<dt class='gallery-icon landscape'>\n\t\t\t\t<a href='https:\/\/blogsaverroes.juntadeandalucia.es\/ceipalfar\/2021\/10\/30\/teatro\/img-20211028-wa0048\/'><img loading=\"lazy\" decoding=\"async\" width=\"150\" height=\"150\" src=\"https:\/\/blogsaverroes.juntadeandalucia.es\/ceipalfar\/files\/2021\/10\/IMG-20211028-WA0048-150x150.jpg\" class=\"attachment-thumbnail size-thumbnail\" alt=\"\" \/><\/a>\n\t\t\t<\/dt><\/dl><br style=\"clear: both\" \/><dl class='gallery-item'>\n\t\t\t<dt class='gallery-icon landscape'>\n\t\t\t\t<a href='https:\/\/blogsaverroes.juntadeandalucia.es\/ceipalfar\/2021\/10\/30\/teatro\/img-20211028-wa0049\/'><img loading=\"lazy\" decoding=\"async\" width=\"150\" height=\"150\" src=\"https:\/\/blogsaverroes.juntadeandalucia.es\/ceipalfar\/files\/2021\/10\/IMG-20211028-WA0049-150x150.jpg\" class=\"attachment-thumbnail size-thumbnail\" alt=\"\" \/><\/a>\n\t\t\t<\/dt><\/dl><dl class='gallery-item'>\n\t\t\t<dt class='gallery-icon landscape'>\n\t\t\t\t<a href='https:\/\/blogsaverroes.juntadeandalucia.es\/ceipalfar\/2021\/10\/30\/teatro\/img-20211028-wa0050\/'><img loading=\"lazy\" decoding=\"async\" width=\"150\" height=\"150\" src=\"https:\/\/blogsaverroes.juntadeandalucia.es\/ceipalfar\/files\/2021\/10\/IMG-20211028-WA0050-150x150.jpg\" class=\"attachment-thumbnail size-thumbnail\" alt=\"\" \/><\/a>\n\t\t\t<\/dt><\/dl><dl class='gallery-item'>\n\t\t\t<dt class='gallery-icon landscape'>\n\t\t\t\t<a href='https:\/\/blogsaverroes.juntadeandalucia.es\/ceipalfar\/2021\/10\/30\/teatro\/img-20211028-wa0051\/'><img loading=\"lazy\" decoding=\"async\" width=\"150\" height=\"150\" src=\"https:\/\/blogsaverroes.juntadeandalucia.es\/ceipalfar\/files\/2021\/10\/IMG-20211028-WA0051-150x150.jpg\" class=\"attachment-thumbnail size-thumbnail\" alt=\"\" \/><\/a>\n\t\t\t<\/dt><\/dl><br style=\"clear: both\" \/><dl class='gallery-item'>\n\t\t\t<dt class='gallery-icon landscape'>\n\t\t\t\t<a href='https:\/\/blogsaverroes.juntadeandalucia.es\/ceipalfar\/2021\/10\/30\/teatro\/img-20211028-wa0052\/'><img loading=\"lazy\" decoding=\"async\" width=\"150\" height=\"150\" src=\"https:\/\/blogsaverroes.juntadeandalucia.es\/ceipalfar\/files\/2021\/10\/IMG-20211028-WA0052-150x150.jpg\" class=\"attachment-thumbnail size-thumbnail\" alt=\"\" \/><\/a>\n\t\t\t<\/dt><\/dl><dl class='gallery-item'>\n\t\t\t<dt class='gallery-icon landscape'>\n\t\t\t\t<a href='https:\/\/blogsaverroes.juntadeandalucia.es\/ceipalfar\/2021\/10\/30\/teatro\/img-20211028-wa0053\/'><img loading=\"lazy\" decoding=\"async\" width=\"150\" height=\"150\" src=\"https:\/\/blogsaverroes.juntadeandalucia.es\/ceipalfar\/files\/2021\/10\/IMG-20211028-WA0053-150x150.jpg\" class=\"attachment-thumbnail size-thumbnail\" alt=\"\" \/><\/a>\n\t\t\t<\/dt><\/dl><dl class='gallery-item'>\n\t\t\t<dt class='gallery-icon landscape'>\n\t\t\t\t<a href='https:\/\/blogsaverroes.juntadeandalucia.es\/ceipalfar\/2021\/10\/30\/teatro\/img-20211028-wa0054\/'><img loading=\"lazy\" decoding=\"async\" width=\"150\" height=\"150\" src=\"https:\/\/blogsaverroes.juntadeandalucia.es\/ceipalfar\/files\/2021\/10\/IMG-20211028-WA0054-150x150.jpg\" class=\"attachment-thumbnail size-thumbnail\" alt=\"\" \/><\/a>\n\t\t\t<\/dt><\/dl><br style=\"clear: both\" \/><dl class='gallery-item'>\n\t\t\t<dt class='gallery-icon landscape'>\n\t\t\t\t<a href='https:\/\/blogsaverroes.juntadeandalucia.es\/ceipalfar\/2021\/10\/30\/teatro\/img-20211028-wa0055\/'><img loading=\"lazy\" decoding=\"async\" width=\"150\" height=\"150\" src=\"https:\/\/blogsaverroes.juntadeandalucia.es\/ceipalfar\/files\/2021\/10\/IMG-20211028-WA0055-150x150.jpg\" class=\"attachment-thumbnail size-thumbnail\" alt=\"\" \/><\/a>\n\t\t\t<\/dt><\/dl><dl class='gallery-item'>\n\t\t\t<dt class='gallery-icon landscape'>\n\t\t\t\t<a href='https:\/\/blogsaverroes.juntadeandalucia.es\/ceipalfar\/2021\/10\/30\/teatro\/img-20211028-wa0056\/'><img loading=\"lazy\" decoding=\"async\" width=\"150\" height=\"150\" src=\"https:\/\/blogsaverroes.juntadeandalucia.es\/ceipalfar\/files\/2021\/10\/IMG-20211028-WA0056-150x150.jpg\" class=\"attachment-thumbnail size-thumbnail\" alt=\"\" \/><\/a>\n\t\t\t<\/dt><\/dl><dl class='gallery-item'>\n\t\t\t<dt class='gallery-icon landscape'>\n\t\t\t\t<a href='https:\/\/blogsaverroes.juntadeandalucia.es\/ceipalfar\/2021\/10\/30\/teatro\/img-20211028-wa0057\/'><img loading=\"lazy\" decoding=\"async\" width=\"150\" height=\"150\" src=\"https:\/\/blogsaverroes.juntadeandalucia.es\/ceipalfar\/files\/2021\/10\/IMG-20211028-WA0057-150x150.jpg\" class=\"attachment-thumbnail size-thumbnail\" alt=\"\" \/><\/a>\n\t\t\t<\/dt><\/dl><br style=\"clear: both\" \/><dl class='gallery-item'>\n\t\t\t<dt class='gallery-icon landscape'>\n\t\t\t\t<a href='https:\/\/blogsaverroes.juntadeandalucia.es\/ceipalfar\/2021\/10\/30\/teatro\/img-20211028-wa0058\/'><img loading=\"lazy\" decoding=\"async\" width=\"150\" height=\"150\" src=\"https:\/\/blogsaverroes.juntadeandalucia.es\/ceipalfar\/files\/2021\/10\/IMG-20211028-WA0058-150x150.jpg\" class=\"attachment-thumbnail size-thumbnail\" alt=\"\" \/><\/a>\n\t\t\t<\/dt><\/dl><dl class='gallery-item'>\n\t\t\t<dt class='gallery-icon landscape'>\n\t\t\t\t<a href='https:\/\/blogsaverroes.juntadeandalucia.es\/ceipalfar\/2021\/10\/30\/teatro\/img-20211028-wa0059\/'><img loading=\"lazy\" decoding=\"async\" width=\"150\" height=\"150\" src=\"https:\/\/blogsaverroes.juntadeandalucia.es\/ceipalfar\/files\/2021\/10\/IMG-20211028-WA0059-150x150.jpg\" class=\"attachment-thumbnail size-thumbnail\" alt=\"\" \/><\/a>\n\t\t\t<\/dt><\/dl><dl class='gallery-item'>\n\t\t\t<dt class='gallery-icon landscape'>\n\t\t\t\t<a href='https:\/\/blogsaverroes.juntadeandalucia.es\/ceipalfar\/2021\/10\/30\/teatro\/img-20211028-wa0060\/'><img loading=\"lazy\" decoding=\"async\" width=\"150\" height=\"150\" src=\"https:\/\/blogsaverroes.juntadeandalucia.es\/ceipalfar\/files\/2021\/10\/IMG-20211028-WA0060-150x150.jpg\" class=\"attachment-thumbnail size-thumbnail\" alt=\"\" \/><\/a>\n\t\t\t<\/dt><\/dl><br style=\"clear: both\" \/><dl class='gallery-item'>\n\t\t\t<dt class='gallery-icon landscape'>\n\t\t\t\t<a href='https:\/\/blogsaverroes.juntadeandalucia.es\/ceipalfar\/2021\/10\/30\/teatro\/img-20211028-wa0061\/'><img loading=\"lazy\" decoding=\"async\" width=\"150\" height=\"150\" src=\"https:\/\/blogsaverroes.juntadeandalucia.es\/ceipalfar\/files\/2021\/10\/IMG-20211028-WA0061-150x150.jpg\" class=\"attachment-thumbnail size-thumbnail\" alt=\"\" \/><\/a>\n\t\t\t<\/dt><\/dl><dl class='gallery-item'>\n\t\t\t<dt class='gallery-icon landscape'>\n\t\t\t\t<a href='https:\/\/blogsaverroes.juntadeandalucia.es\/ceipalfar\/2021\/10\/30\/teatro\/img-20211028-wa0062\/'><img loading=\"lazy\" decoding=\"async\" width=\"150\" height=\"150\" src=\"https:\/\/blogsaverroes.juntadeandalucia.es\/ceipalfar\/files\/2021\/10\/IMG-20211028-WA0062-150x150.jpg\" class=\"attachment-thumbnail size-thumbnail\" alt=\"\" \/><\/a>\n\t\t\t<\/dt><\/dl><dl class='gallery-item'>\n\t\t\t<dt class='gallery-icon landscape'>\n\t\t\t\t<a href='https:\/\/blogsaverroes.juntadeandalucia.es\/ceipalfar\/2021\/10\/30\/teatro\/img-20211028-wa0065\/'><img loading=\"lazy\" decoding=\"async\" width=\"150\" height=\"150\" src=\"https:\/\/blogsaverroes.juntadeandalucia.es\/ceipalfar\/files\/2021\/10\/IMG-20211028-WA0065-150x150.jpg\" class=\"attachment-thumbnail size-thumbnail\" alt=\"\" \/><\/a>\n\t\t\t<\/dt><\/dl><br style=\"clear: both\" \/><dl class='gallery-item'>\n\t\t\t<dt class='gallery-icon landscape'>\n\t\t\t\t<a href='https:\/\/blogsaverroes.juntadeandalucia.es\/ceipalfar\/2021\/10\/30\/teatro\/img-20211028-wa0066\/'><img loading=\"lazy\" decoding=\"async\" width=\"150\" height=\"150\" src=\"https:\/\/blogsaverroes.juntadeandalucia.es\/ceipalfar\/files\/2021\/10\/IMG-20211028-WA0066-150x150.jpg\" class=\"attachment-thumbnail size-thumbnail\" alt=\"\" \/><\/a>\n\t\t\t<\/dt><\/dl><dl class='gallery-item'>\n\t\t\t<dt class='gallery-icon landscape'>\n\t\t\t\t<a href='https:\/\/blogsaverroes.juntadeandalucia.es\/ceipalfar\/2021\/10\/30\/teatro\/img-20211028-wa0067\/'><img loading=\"lazy\" decoding=\"async\" width=\"150\" height=\"150\" src=\"https:\/\/blogsaverroes.juntadeandalucia.es\/ceipalfar\/files\/2021\/10\/IMG-20211028-WA0067-150x150.jpg\" class=\"attachment-thumbnail size-thumbnail\" alt=\"\" \/><\/a>\n\t\t\t<\/dt><\/dl><dl class='gallery-item'>\n\t\t\t<dt class='gallery-icon landscape'>\n\t\t\t\t<a href='https:\/\/blogsaverroes.juntadeandalucia.es\/ceipalfar\/2021\/10\/30\/teatro\/img-20211028-wa0069\/'><img loading=\"lazy\" decoding=\"async\" width=\"150\" height=\"150\" src=\"https:\/\/blogsaverroes.juntadeandalucia.es\/ceipalfar\/files\/2021\/10\/IMG-20211028-WA0069-150x150.jpg\" class=\"attachment-thumbnail size-thumbnail\" alt=\"\" \/><\/a>\n\t\t\t<\/dt><\/dl><br style=\"clear: both\" \/>\n\t\t<\/div>\n\n\n\t\t<style>\n\t\t\t#gallery-2 {\n\t\t\t\tmargin: auto;\n\t\t\t}\n\t\t\t#gallery-2 .gallery-item {\n\t\t\t\tfloat: left;\n\t\t\t\tmargin-top: 10px;\n\t\t\t\ttext-align: center;\n\t\t\t\twidth: 33%;\n\t\t\t}\n\t\t\t#gallery-2 img {\n\t\t\t\tborder: 2px solid #cfcfcf;\n\t\t\t}\n\t\t\t#gallery-2 .gallery-caption {\n\t\t\t\tmargin-left: 0;\n\t\t\t}\n\t\t\t\/* see gallery_shortcode() in wp-includes\/media.php *\/\n\t\t<\/style>\n\t\t<div id='gallery-2' class='gallery galleryid-16325 gallery-columns-3 gallery-size-thumbnail'><dl class='gallery-item'>\n\t\t\t<dt class='gallery-icon landscape'>\n\t\t\t\t<a href='https:\/\/blogsaverroes.juntadeandalucia.es\/ceipalfar\/2021\/06\/10\/proa-2021\/andalucia-se-mueve\/'><img loading=\"lazy\" decoding=\"async\" width=\"150\" height=\"150\" src=\"https:\/\/blogsaverroes.juntadeandalucia.es\/ceipalfar\/files\/2021\/06\/Andalucia-se-mueve-150x150.jpg\" class=\"attachment-thumbnail size-thumbnail\" alt=\"\" srcset=\"https:\/\/blogsaverroes.juntadeandalucia.es\/ceipalfar\/files\/2021\/06\/Andalucia-se-mueve-150x150.jpg 150w, https:\/\/blogsaverroes.juntadeandalucia.es\/ceipalfar\/files\/2021\/06\/Andalucia-se-mueve-300x300.jpg 300w, https:\/\/blogsaverroes.juntadeandalucia.es\/ceipalfar\/files\/2021\/06\/Andalucia-se-mueve.jpg 350w\" sizes=\"(max-width: 150px) 100vw, 150px\" \/><\/a>\n\t\t\t<\/dt><\/dl><dl class='gallery-item'>\n\t\t\t<dt class='gallery-icon landscape'>\n\t\t\t\t<a href='https:\/\/blogsaverroes.juntadeandalucia.es\/ceipalfar\/2021\/06\/10\/proa-2021\/union-europea-2\/'><img loading=\"lazy\" decoding=\"async\" width=\"150\" height=\"150\" src=\"https:\/\/blogsaverroes.juntadeandalucia.es\/ceipalfar\/files\/2021\/06\/Uni\u00f3n-europea-1-150x150.jpg\" class=\"attachment-thumbnail size-thumbnail\" alt=\"\" srcset=\"https:\/\/blogsaverroes.juntadeandalucia.es\/ceipalfar\/files\/2021\/06\/Uni\u00f3n-europea-1-150x150.jpg 150w, https:\/\/blogsaverroes.juntadeandalucia.es\/ceipalfar\/files\/2021\/06\/Uni\u00f3n-europea-1-300x300.jpg 300w, https:\/\/blogsaverroes.juntadeandalucia.es\/ceipalfar\/files\/2021\/06\/Uni\u00f3n-europea-1.jpg 350w\" sizes=\"(max-width: 150px) 100vw, 150px\" \/><\/a>\n\t\t\t<\/dt><\/dl><dl class='gallery-item'>\n\t\t\t<dt class='gallery-icon landscape'>\n\t\t\t\t<a href='https:\/\/blogsaverroes.juntadeandalucia.es\/ceipalfar\/2021\/06\/10\/proa-2021\/junta-de-andalucia-2\/'><img loading=\"lazy\" decoding=\"async\" width=\"150\" height=\"150\" src=\"https:\/\/blogsaverroes.juntadeandalucia.es\/ceipalfar\/files\/2021\/06\/Junta-de-Andaluc\u00eda-1-1-150x150.jpg\" class=\"attachment-thumbnail size-thumbnail\" alt=\"\" srcset=\"https:\/\/blogsaverroes.juntadeandalucia.es\/ceipalfar\/files\/2021\/06\/Junta-de-Andaluc\u00eda-1-1-150x150.jpg 150w, https:\/\/blogsaverroes.juntadeandalucia.es\/ceipalfar\/files\/2021\/06\/Junta-de-Andaluc\u00eda-1-1-300x300.jpg 300w, https:\/\/blogsaverroes.juntadeandalucia.es\/ceipalfar\/files\/2021\/06\/Junta-de-Andaluc\u00eda-1-1.jpg 350w\" sizes=\"(max-width: 150px) 100vw, 150px\" \/><\/a>\n\t\t\t<\/dt><\/dl><br style=\"clear: both\" \/><dl class='gallery-item'>\n\t\t\t<dt class='gallery-icon landscape'>\n\t\t\t\t<a href='https:\/\/blogsaverroes.juntadeandalucia.es\/ceipalfar\/2021\/06\/10\/proa-2021\/cartel-fse\/'><img loading=\"lazy\" decoding=\"async\" width=\"150\" height=\"150\" src=\"https:\/\/blogsaverroes.juntadeandalucia.es\/ceipalfar\/files\/2021\/06\/cartel-FSE-150x150.jpg\" class=\"attachment-thumbnail size-thumbnail\" alt=\"\" srcset=\"https:\/\/blogsaverroes.juntadeandalucia.es\/ceipalfar\/files\/2021\/06\/cartel-FSE-150x150.jpg 150w, https:\/\/blogsaverroes.juntadeandalucia.es\/ceipalfar\/files\/2021\/06\/cartel-FSE-300x300.jpg 300w, https:\/\/blogsaverroes.juntadeandalucia.es\/ceipalfar\/files\/2021\/06\/cartel-FSE.jpg 350w\" sizes=\"(max-width: 150px) 100vw, 150px\" \/><\/a>\n\t\t\t<\/dt><\/dl>\n\t\t\t<br style='clear: both' \/>\n\t\t<\/div>\n\n","protected":false},"excerpt":{"rendered":"<p>La noche de Samhain En nuestro sistema educativo se valora cada vez m\u00e1s el estudio de lenguas extranjeras por la importancia de que nuestros alumnos adquieran un perfil pluriling\u00fce e intercultural. Esto quiere decir&#46;&#46;&#46;<\/p>\n","protected":false},"author":2291,"featured_media":16439,"comment_status":"open","ping_status":"open","sticky":false,"template":"","format":"standard","meta":{"ngg_post_thumbnail":0,"footnotes":""},"categories":[389700],"tags":[],"aioseo_notices":[],"_links":{"self":[{"href":"https:\/\/blogsaverroes.juntadeandalucia.es\/ceipalfar\/wp-json\/wp\/v2\/posts\/16325"}],"collection":[{"href":"https:\/\/blogsaverroes.juntadeandalucia.es\/ceipalfar\/wp-json\/wp\/v2\/posts"}],"about":[{"href":"https:\/\/blogsaverroes.juntadeandalucia.es\/ceipalfar\/wp-json\/wp\/v2\/types\/post"}],"author":[{"embeddable":true,"href":"https:\/\/blogsaverroes.juntadeandalucia.es\/ceipalfar\/wp-json\/wp\/v2\/users\/2291"}],"replies":[{"embeddable":true,"href":"https:\/\/blogsaverroes.juntadeandalucia.es\/ceipalfar\/wp-json\/wp\/v2\/comments?post=16325"}],"version-history":[{"count":5,"href":"https:\/\/blogsaverroes.juntadeandalucia.es\/ceipalfar\/wp-json\/wp\/v2\/posts\/16325\/revisions"}],"predecessor-version":[{"id":17300,"href":"https:\/\/blogsaverroes.juntadeandalucia.es\/ceipalfar\/wp-json\/wp\/v2\/posts\/16325\/revisions\/17300"}],"wp:featuredmedia":[{"embeddable":true,"href":"https:\/\/blogsaverroes.juntadeandalucia.es\/ceipalfar\/wp-json\/wp\/v2\/media\/16439"}],"wp:attachment":[{"href":"https:\/\/blogsaverroes.juntadeandalucia.es\/ceipalfar\/wp-json\/wp\/v2\/media?parent=16325"}],"wp:term":[{"taxonomy":"category","embeddable":true,"href":"https:\/\/blogsaverroes.juntadeandalucia.es\/ceipalfar\/wp-json\/wp\/v2\/categories?post=16325"},{"taxonomy":"post_tag","embeddable":true,"href":"https:\/\/blogsaverroes.juntadeandalucia.es\/ceipalfar\/wp-json\/wp\/v2\/tags?post=16325"}],"curies":[{"name":"wp","href":"https:\/\/api.w.org\/{rel}","templated":true}]}}