{"id":2746,"date":"2012-05-22T13:44:34","date_gmt":"2012-05-22T13:44:34","guid":{"rendered":"http:\/\/localhost\/wordpress\/14006357spip\/2012\/05\/22\/el-torcal-2012\/"},"modified":"2015-12-02T13:45:29","modified_gmt":"2015-12-02T13:45:29","slug":"el-torcal-2012","status":"publish","type":"post","link":"https:\/\/blogsaverroes.juntadeandalucia.es\/ceipalfar\/2012\/05\/22\/el-torcal-2012\/","title":{"rendered":"El Torcal 2012"},"content":{"rendered":"<p class=\"post_excerpt\">\n<p><strong>Una visita al  Torcal de Antequera y  a los D\u00f3lmenes.<\/strong> <\/p>\n<p align=\"justify\"> El viernes 11 de Mayo de 2.012. Fuimos a las d\u00f3lmenes de  Antequera y al Torcal. Todos nosotros, es decir, los dos sextos, fuimos al colegio como un d\u00eda normal. La se\u00f1o To\u00f1i pas\u00f3 lista y cogimos una manzana, porque era d\u00eda de fruta. Despu\u00e9s, de esto nos subimos en el autob\u00fas y a las nueve y media, salimos de La Rambla. Ya por las diez y cuarto paramos a desayunar, all\u00ed estuvimos sobre media hora, aproximadamente. M\u00e1s tarde nos fuimos a los d\u00f3lmenes de Antequera. Cuando llegamos nos pusieron una pel\u00edcula, sobre como se constru\u00edan estos enterramientos. En esta pel\u00edcula, nos explicaron la construcci\u00f3n de Menga, un dolmen de los m\u00e1s importantes. Luego, nos dividimos en dos grupos 6\u00baA y 6\u00baB. A m\u00ed y a mis compa\u00f1eros, nos lo explic\u00f3 todo, Paqui, nuestra gu\u00eda. Primero fuimos a ver el dolmen Viera y ahora os contar\u00e9 algo sobre \u00e9l. <\/p>\n<p align=\"justify\"> Este dolmen descubierto en 1.995, fue encontrado por dos hermanos jardineros, llamados Rafael Viera y Antonio Viera, por este motivo se llama as\u00ed. Pero, solo encontraron la entrada, entonces fueron cavando y cavando y as\u00ed encontraron su interior. Pero, se dieron cuenta de que hab\u00eda sido saqueado, entonces taparon el agujero con yeso, por donde hab\u00edan saqueado el dolmen. Y lo donaron al Ayuntamiento. Es un sepulcro de corredor, y adem\u00e1s este dolmen, le entra el sol hasta el final de su longitud, dos d\u00edas, en el equinocio de oto\u00f1o y primavera. Despu\u00e9s, de este fuimos a ver el Menga, que est\u00e1 al lado del Viera. <\/p>\n<p align=\"justify\"> Este, es m\u00e1s grande y amplio y est\u00e1, en l\u00ednea recta, con la cara del indio. Tambi\u00e9n, es un sepulcro de corredor. En 2.005, los arque\u00f3logos hicieron una investigaci\u00f3n, sobre el suelo, las paredes&#8230; As\u00ed, ellos descubrieron, un pozo y lo encontraron as\u00ed, porque mientras ellos investigaban el suelo notaron una zona m\u00e1s blanda y empezaron a cavar, a 3 m de profundidad no encontraron nada, a 6 m encontraron, restos de una vaca y de un burro, vasijas romanas&#8230; y al cabo de 20 m encontraron el pozo. Tambi\u00e9n, en este lugar hay f\u00f3siles, cruces cristianas, el s\u00edmbolo de una mujer embarazada&#8230; <\/p>\n<p align=\"justify\"> Y hab\u00eda un tercer dolmen pero, este no pudimos ir a visitarlo, porque se encontraba a 3 km de distancia. A las doce del mediod\u00eda, nos fuimos para el Torcal, pero en el autob\u00fas nos tiramos, al menos, media hora, hasta llegar al recinto. Cuando llegamos el director nos dijo, que qui\u00e9n quisiera pod\u00eda comprar una lata de refresco. Despu\u00e9s, de eso mucha gente aprovech\u00f3 para comprar regalos y el mismo director se compr\u00f3 un sombrero de paja, que dijo que ese le iba a servir para San Isidro. Bueno, despu\u00e9s de todo empezamos a recorrer  el sendero, para que no nos pillara mucho el calor. La se\u00f1o To\u00f1i, estaba muy cansada y le dec\u00eda al director que m\u00e1s despacio, la pobre se ara\u00f1\u00f3  todo el brazo. Cuando terminamos el sendero, todos nos tomamos un helado, un caf\u00e9&#8230; y en ese momento vimos un zorro y le echamos fotos. Y despu\u00e9s, de eso, fuimos al mirador de \u201cLas Ventanillas\u201d de donde se ve\u00eda el mar, M\u00e1laga, Mijas, Villanueva de la Concepci\u00f3n&#8230; Al final de todo lo pasamos genial y sobre las cinco y media, llegamos a La Rambla; muy cansados.   Realizado por:   <strong>Cristina Espejo Cantillo  6\u00baA. <\/strong>     <\/p>\n","protected":false},"excerpt":{"rendered":"<p>Una visita al Torcal de Antequera y a los D\u00f3lmenes. El viernes 11 de Mayo de 2.012. Fuimos a las d\u00f3lmenes de Antequera y al Torcal. Todos nosotros, es decir, los dos sextos, fuimos&#46;&#46;&#46;<\/p>\n","protected":false},"author":2291,"featured_media":0,"comment_status":"open","ping_status":"open","sticky":false,"template":"","format":"standard","meta":{"ngg_post_thumbnail":0,"footnotes":""},"categories":[446],"tags":[],"aioseo_notices":[],"_links":{"self":[{"href":"https:\/\/blogsaverroes.juntadeandalucia.es\/ceipalfar\/wp-json\/wp\/v2\/posts\/2746"}],"collection":[{"href":"https:\/\/blogsaverroes.juntadeandalucia.es\/ceipalfar\/wp-json\/wp\/v2\/posts"}],"about":[{"href":"https:\/\/blogsaverroes.juntadeandalucia.es\/ceipalfar\/wp-json\/wp\/v2\/types\/post"}],"author":[{"embeddable":true,"href":"https:\/\/blogsaverroes.juntadeandalucia.es\/ceipalfar\/wp-json\/wp\/v2\/users\/2291"}],"replies":[{"embeddable":true,"href":"https:\/\/blogsaverroes.juntadeandalucia.es\/ceipalfar\/wp-json\/wp\/v2\/comments?post=2746"}],"version-history":[{"count":1,"href":"https:\/\/blogsaverroes.juntadeandalucia.es\/ceipalfar\/wp-json\/wp\/v2\/posts\/2746\/revisions"}],"predecessor-version":[{"id":3022,"href":"https:\/\/blogsaverroes.juntadeandalucia.es\/ceipalfar\/wp-json\/wp\/v2\/posts\/2746\/revisions\/3022"}],"wp:attachment":[{"href":"https:\/\/blogsaverroes.juntadeandalucia.es\/ceipalfar\/wp-json\/wp\/v2\/media?parent=2746"}],"wp:term":[{"taxonomy":"category","embeddable":true,"href":"https:\/\/blogsaverroes.juntadeandalucia.es\/ceipalfar\/wp-json\/wp\/v2\/categories?post=2746"},{"taxonomy":"post_tag","embeddable":true,"href":"https:\/\/blogsaverroes.juntadeandalucia.es\/ceipalfar\/wp-json\/wp\/v2\/tags?post=2746"}],"curies":[{"name":"wp","href":"https:\/\/api.w.org\/{rel}","templated":true}]}}