{"id":371,"date":"2013-12-10T12:41:09","date_gmt":"2013-12-10T12:41:09","guid":{"rendered":"http:\/\/localhost\/wordpress\/14006357spip\/2013\/12\/10\/excursion-a-sevilla-2013\/"},"modified":"2015-12-02T13:45:19","modified_gmt":"2015-12-02T13:45:19","slug":"excursion-a-sevilla-2013","status":"publish","type":"post","link":"https:\/\/blogsaverroes.juntadeandalucia.es\/ceipalfar\/2013\/12\/10\/excursion-a-sevilla-2013\/","title":{"rendered":"Excursi\u00f3n a Sevilla 2013"},"content":{"rendered":"<p class=\"post_excerpt\">\n<p> <strong>EXCURSI\u00d3N A SEVILLA<\/strong>  <\/p>\n<p align=\"justify\"> Los alumnos\/as de 5\u00ba de Primaria visitan Sevilla El pasado d\u00eda 29 de noviembre, viernes, un grupo de 23 AA. De 5\u00ba de Primaria de nuestro colegio, acompa\u00f1ados de algunos familiares y de dos profesores, visitaron Sevilla. Entre c\u00e1nticos y vivas, arranc\u00f3 el autob\u00fas de los P\u00e9rez Cubero con puntualidad a las 9 de la ma\u00f1ana  desde su habitual salida de la gasolinera, para llegar a la capital en torno a las 11. Primera visita: La Catedral, y, c\u00f3mo no, subida a la Giralda. Las vistas panor\u00e1micas desde aquella altura eran espectaculares. Luego, bocadillo y paseo hacia las calles c\u00e9ntricas, Tetu\u00e1n, Sierpes\u2026,  tan lindas y animadas como siempre, hasta el centro comercial de las Setas, como popularmente se le conoce a este edificio tan moderno y vanguardista situado en el coraz\u00f3n de la ciudad. Tras la comida informal, un inolvidable recorrido en barco por el Guadalquivir, ese r\u00edo b\u00e9tico romano, desde donde extasiados unos, admirados otros, pero sorprendidos todos, se ve c\u00f3mo a su paso, Sevilla se une y se abraza entre s\u00ed a trav\u00e9s de sus majestuosos puentes: San Telmo, Centenario, Las Delicias, Triana, La Barqueta, Amarillo\u2026 y, a sus flancos, como queriendo rendirle pleites\u00eda y homenaje, el recinto de la Expo 92, La Cartuja, la solera del barrio de Triana, La Plaza de toros de la Maestranza, Torre del oro, Parque de Mar\u00eda Luisa, Plaza de Espa\u00f1a\u2026 \u00a1Fue un bonito viaje! A todos nos qued\u00f3 ganas de m\u00e1s, que eso es bueno. El deseo de volver a esta preciosa ciudad y recorrer un poco m\u00e1s detenidamente tantos lugares y rincones m\u00e1gicos como tiene. Porque Sevilla te enamora y te embruja. \u00a1Gracias, Sevilla, por este d\u00eda tan hermoso que nos regalaste!  Valerio G\u00e1lvez L\u00f3pez    Tutor de 5\u00ba   <\/p>\n","protected":false},"excerpt":{"rendered":"<p>EXCURSI\u00d3N A SEVILLA Los alumnos\/as de 5\u00ba de Primaria visitan Sevilla El pasado d\u00eda 29 de noviembre, viernes, un grupo de 23 AA. De 5\u00ba de Primaria de nuestro colegio, acompa\u00f1ados de algunos familiares&#46;&#46;&#46;<\/p>\n","protected":false},"author":2291,"featured_media":0,"comment_status":"open","ping_status":"open","sticky":false,"template":"","format":"standard","meta":{"ngg_post_thumbnail":0,"footnotes":""},"categories":[446],"tags":[],"aioseo_notices":[],"_links":{"self":[{"href":"https:\/\/blogsaverroes.juntadeandalucia.es\/ceipalfar\/wp-json\/wp\/v2\/posts\/371"}],"collection":[{"href":"https:\/\/blogsaverroes.juntadeandalucia.es\/ceipalfar\/wp-json\/wp\/v2\/posts"}],"about":[{"href":"https:\/\/blogsaverroes.juntadeandalucia.es\/ceipalfar\/wp-json\/wp\/v2\/types\/post"}],"author":[{"embeddable":true,"href":"https:\/\/blogsaverroes.juntadeandalucia.es\/ceipalfar\/wp-json\/wp\/v2\/users\/2291"}],"replies":[{"embeddable":true,"href":"https:\/\/blogsaverroes.juntadeandalucia.es\/ceipalfar\/wp-json\/wp\/v2\/comments?post=371"}],"version-history":[{"count":1,"href":"https:\/\/blogsaverroes.juntadeandalucia.es\/ceipalfar\/wp-json\/wp\/v2\/posts\/371\/revisions"}],"predecessor-version":[{"id":2919,"href":"https:\/\/blogsaverroes.juntadeandalucia.es\/ceipalfar\/wp-json\/wp\/v2\/posts\/371\/revisions\/2919"}],"wp:attachment":[{"href":"https:\/\/blogsaverroes.juntadeandalucia.es\/ceipalfar\/wp-json\/wp\/v2\/media?parent=371"}],"wp:term":[{"taxonomy":"category","embeddable":true,"href":"https:\/\/blogsaverroes.juntadeandalucia.es\/ceipalfar\/wp-json\/wp\/v2\/categories?post=371"},{"taxonomy":"post_tag","embeddable":true,"href":"https:\/\/blogsaverroes.juntadeandalucia.es\/ceipalfar\/wp-json\/wp\/v2\/tags?post=371"}],"curies":[{"name":"wp","href":"https:\/\/api.w.org\/{rel}","templated":true}]}}