{"id":386,"date":"2015-03-26T20:05:13","date_gmt":"2015-03-26T20:05:13","guid":{"rendered":"http:\/\/localhost\/wordpress\/14006357spip\/?p=386"},"modified":"2016-02-11T20:06:12","modified_gmt":"2016-02-11T20:06:12","slug":"almodovar","status":"publish","type":"post","link":"https:\/\/blogsaverroes.juntadeandalucia.es\/ceipalfar\/2015\/03\/26\/almodovar\/","title":{"rendered":"Almod\u00f3var"},"content":{"rendered":"<p>\u00a1VISITAMOS EL CASTILLO DE ALMODOVAR! El pasado mi\u00e9rcoles 26 de marzo, el alumnado de primaria de 2\u00ba A y B se desplaz\u00f3 a Almod\u00f3var del R\u00edo, un pueblo muy cerquita de C\u00f3rdoba conocido por su hermoso castillo. Acompa\u00f1ados por sus profesores y familiares, los ni\u00f1os y ni\u00f1as conocieron las dependencias del castillo, y c\u00f3mo viv\u00edan reyes, caballeros, doncellas, trovadores e incluso bufones dentro de la corte, y disfrutaron de todo su encanto y alrededores. De una manera teatralizada, l\u00fadica y divertida, aprendieron las costumbres de la \u00e9poca, visitaron todas las dependencias del Castillo, y mostraron un gran entusiasmo al conocer el sal\u00f3n del homenaje, patio de armas, subir a sus torres, tocar y ver de cerca las almenas, saeteras, bajar a las mazmorras\u2026. Incluso ver algunos de sus habitantes como a Tont\u00edn un escudero al que ayudaron a vestirse de caballero, o al buf\u00f3n Merl\u00f3n. Tambi\u00e9n fueron participes de la triste historia de la princesa Zahira, as\u00ed como las p\u00f3cimas y pociones del mago, siendo nombrados por su majestad el rey, caballeros y damas de honor de la Orden de C\u00f3rdoba. Todo un recorrido entre la realidad y la fantas\u00eda por una \u00e9poca de historia que nos hizo disfrutar de momentos inolvidables con nuestros alumnos\/as.<\/p>\n<p>&nbsp;<\/p>\n","protected":false},"excerpt":{"rendered":"<p>\u00a1VISITAMOS EL CASTILLO DE ALMODOVAR! El pasado mi\u00e9rcoles 26 de marzo, el alumnado de primaria de 2\u00ba A y B se desplaz\u00f3 a Almod\u00f3var del R\u00edo, un pueblo muy cerquita de C\u00f3rdoba conocido por&#46;&#46;&#46;<\/p>\n","protected":false},"author":2291,"featured_media":0,"comment_status":"open","ping_status":"open","sticky":false,"template":"","format":"standard","meta":{"ngg_post_thumbnail":0,"footnotes":""},"categories":[446],"tags":[],"aioseo_notices":[],"_links":{"self":[{"href":"https:\/\/blogsaverroes.juntadeandalucia.es\/ceipalfar\/wp-json\/wp\/v2\/posts\/386"}],"collection":[{"href":"https:\/\/blogsaverroes.juntadeandalucia.es\/ceipalfar\/wp-json\/wp\/v2\/posts"}],"about":[{"href":"https:\/\/blogsaverroes.juntadeandalucia.es\/ceipalfar\/wp-json\/wp\/v2\/types\/post"}],"author":[{"embeddable":true,"href":"https:\/\/blogsaverroes.juntadeandalucia.es\/ceipalfar\/wp-json\/wp\/v2\/users\/2291"}],"replies":[{"embeddable":true,"href":"https:\/\/blogsaverroes.juntadeandalucia.es\/ceipalfar\/wp-json\/wp\/v2\/comments?post=386"}],"version-history":[{"count":2,"href":"https:\/\/blogsaverroes.juntadeandalucia.es\/ceipalfar\/wp-json\/wp\/v2\/posts\/386\/revisions"}],"predecessor-version":[{"id":3744,"href":"https:\/\/blogsaverroes.juntadeandalucia.es\/ceipalfar\/wp-json\/wp\/v2\/posts\/386\/revisions\/3744"}],"wp:attachment":[{"href":"https:\/\/blogsaverroes.juntadeandalucia.es\/ceipalfar\/wp-json\/wp\/v2\/media?parent=386"}],"wp:term":[{"taxonomy":"category","embeddable":true,"href":"https:\/\/blogsaverroes.juntadeandalucia.es\/ceipalfar\/wp-json\/wp\/v2\/categories?post=386"},{"taxonomy":"post_tag","embeddable":true,"href":"https:\/\/blogsaverroes.juntadeandalucia.es\/ceipalfar\/wp-json\/wp\/v2\/tags?post=386"}],"curies":[{"name":"wp","href":"https:\/\/api.w.org\/{rel}","templated":true}]}}