{"id":395,"date":"2014-06-11T10:58:26","date_gmt":"2014-06-11T10:58:26","guid":{"rendered":"http:\/\/localhost\/wordpress\/14006357spip\/2014\/06\/11\/caceres-2014\/"},"modified":"2015-12-02T13:45:17","modified_gmt":"2015-12-02T13:45:17","slug":"caceres-2014","status":"publish","type":"post","link":"https:\/\/blogsaverroes.juntadeandalucia.es\/ceipalfar\/2014\/06\/11\/caceres-2014\/","title":{"rendered":"C\u00e1ceres 2014"},"content":{"rendered":"<p class=\"post_excerpt\">\n<p align=\"justify\"> Como es tradicional  ser\u00e1n los alumnos\/as  los que hagan  el relato de su viaje final de curso. Este a\u00f1o   cambiamos  Madrid por  C\u00e1ceres.  Leamos las impresiones de una alumna  y de un alumno de este viaje.  <strong> Esta  excursi\u00f3n ha sido  subvencionada por el Excmo. Ayuntamiento de La Rambla.<\/strong>     <strong>  Viaje a C\u00e1ceres<\/strong>   <em> Victoria Pino Cobos 6\u00baB<\/em>   <\/p>\n<p align=\"justify\">  Aquella noche apenas dorm\u00ed, estaba muy nerviosa y la ilusi\u00f3n de ir de viaje no me dejaba conciliar el sue\u00f1o. Me levant\u00e9 muy temprano, cerr\u00e9 la maleta y me vest\u00ed r\u00e1pidamente. Partimos rumbo a Extremadura, nuestro destino era M\u00e9rida, pueblo  romano de C\u00e1ceres, donde pudimos contemplar en su maravilloso museo una gran variedad de mosaicos, joyas, bustos,etc.   A continuaci\u00f3n, visitamos el anfiteatro, lugar donde los esclavos se bat\u00edan a muerte frente a fieras u otros gladiadores. Estos solo consegu\u00edan su libertad  si ganaban dichos duelos durante 4 a\u00f1os seguidos. Para poner punto  final a esta visita, hicimos un recorrido en un tren tur\u00edstico viendo los restos del acueducto y otros monumentos.  <\/p>\n<p align=\"justify\">    Ahora tocaba acomodarnos en el hotel, y por la noche,como era de  costumbre,un paseo por la capital. El d\u00eda siguiente se presentaba movido, nos vestimos con ropa deportiva y despu\u00e9s de desayunar subimos al autob\u00fas para ver el Parque Nacional de Monfrag\u00fce, haciendo la ruta amarilla  a pie por los senderos, ba\u00f1ados por el r\u00edo Tajo. En \u00e9ste bello paraje habitan especies como buitres, cig\u00fce\u00f1as negras, petirrojos&#8230;y gran variedad de vegetaci\u00f3n. El d\u00eda a\u00fan no hab\u00eda terminado, pues nos quedaba ver Trujillo, ciudad de nacimiento de Francisco Pizarro, conquistador de Per\u00fa, con sus calles, plazas, su castillo&#8230;y aunque est\u00e1bamos muy cansados, mereci\u00f3  la pena. Como guinda, el tercer d\u00eda lo dedicamos a conocer C\u00e1ceres, pudiendo  pasear por la ciudad perfectamente conservada, conocer su historia, contemplar los muros que rodeaban la ciudad, ver  algunos aljibes para recoger  el agua de la lluvia&#8230;. Despu\u00e9s del almuerzo, emprendimos el camino de vuelta. Yo,ven\u00eda  recordando lo bello que era todo, lo bien que lo hab\u00eda pasado, y que  las piedras como vulgarmente llamamos a estas construcciones, nos  dicen como fue nuestra historia, lo que sucedi\u00f3 hace miles de a\u00f1os. Tambi\u00e9n me quedo con la convivencia con mis compa\u00f1eros, las risas, bromas, y espero que se conserven en nuestra memoria la etapa de  primaria que tantos momentos inolvidables nos trajo.   \u00a1Hasta siempre,  colegio Alfar!                                                                      <strong>Un viaje inolvidable: Excursi\u00f3n  final de curso a C\u00e1ceres <\/strong>   <em> Alfonso  Mu\u00f1oz Ru\u00edz   6\u00ba B.<\/em> <\/p>\n<p align=\"justify\"> Nuestra aventura comienza en el autob\u00fas donde a pesar de que algunos padres no quer\u00edan todos conseguimos sentarnos en las \u00faltimas filas, el viaje fue largo pero muy divertido. En mitad del camino un gran desayuno para reponer fuerzas. Por fin llegamos a M\u00e9rida y visitamos el museo romano, un gran edificio con muchos restos de tumbas, esculturas, lo que m\u00e1s me gust\u00f3 e impresion\u00f3 fueron sus bonitos mosaicos y la gran colecci\u00f3n de monedas de esa \u00e9poca.  <\/p>\n<p align=\"justify\"> Despu\u00e9s visitamos las ruinas de teatro y anfiteatro. Lleg\u00f3 la hora de la comida y conocimos a nuestro paisano Javi, un camarero que en pocos minutos era nuestro amigo, nos atendi\u00f3 bien a pesar de que el flamenqu\u00edn estaba chuchurr\u00edo.  Seguidamente nos subimos en un trenecito para conocer la parte antigua de la ciudad y ya nos dirigimos al hotel. All\u00ed descansamos u despu\u00e9s de la cena nos fuimos a C\u00e1ceres. Dimos un paseo y cual fue nuestra sorpresa cuando vimos a Cristina Casta\u00f1o y a Javier Maroto. <\/p>\n<p align=\"justify\"> Al d\u00eda siguiente desayunamos y nos dirigimos al Parque Nacional de Monfrag\u00fce, al llegar vimos una pel\u00edcula con sus caracter\u00edsticas y animales que all\u00ed se encuentran (\u00c1guila, cig\u00fce\u00f1a negra, grajo, etc.). Comenzamos a hacer la ruta amarilla aunque no todos conseguimos hacerla yo llegue hasta el final y vi la presa. <\/p>\n<p align=\"justify\"> Luego comida en Plasencia  y un breve paseo por el casco antiguo de la ciudad donde conocimos a un monaguillo que nos llev\u00f3 a ver la iglesia de San Nicol\u00e1s. Este se\u00f1or r\u00e1pidamente nos cont\u00f3 toda la historia de la iglesia (gracioso y divertido era este monaguillo). <\/p>\n<p align=\"justify\">  Por la tarde  nos dirigimos a Trujillo donde con la ayuda de una gu\u00eda conocimos la historia de la ciudad, vimos castillos, casas antiguas de distintas civilizaciones y lo que m\u00e1s me gust\u00f3 eran los \u201calgibes\u201d que era un lugar bajo tierra donde se acumulaba el agua de la lluvia para usarla en tiempos de sequ\u00eda. Volvimos al hotel cansados pero a\u00fan as\u00ed cenamos y nos volvimos a ir a C\u00e1ceres donde paseamos y nos divertimos, tambi\u00e9n algunos se escaparon para ir a que le firmaran aut\u00f3grafos. <\/p>\n<p align=\"justify\"> Llegamos a nuestro tercer y \u00faltimo d\u00eda, desayunamos y nos dirigimos a C\u00e1ceres al llegar tuvimos un tiempo para hacer compras y nos esperaba nuestra gu\u00eda la cual nos explic\u00f3 y ense\u00f1\u00f3 la ciudad. Desde la plaza pod\u00edamos ver la parte moderna y la antigua totalmente habitada y muy bien conservada. Las calles eran muy bonitas toda llenas de piedras y las fachadas de las casas todas con sus escudos de armas, balcones de esquina y grandes puertas de madera. Una ciudad preciosa y conservada por sus habitantes digna de ser visitada. <\/p>\n<p align=\"justify\"> Llega el  almuerzo y despedida  del hotel y ya de viaje de regreso. Aunque ven\u00edamos cansados no dej\u00e1bamos de cantar y jugar en todo el viaje un par de paradas para descansar y por fin, cerca de las  22 horas,  llegamos a nuestra  querida  localidad: La Rambla.   <\/p>\n","protected":false},"excerpt":{"rendered":"<p>Como es tradicional ser\u00e1n los alumnos\/as los que hagan el relato de su viaje final de curso. Este a\u00f1o cambiamos Madrid por C\u00e1ceres. Leamos las impresiones de una alumna y de un alumno de&#46;&#46;&#46;<\/p>\n","protected":false},"author":2291,"featured_media":0,"comment_status":"open","ping_status":"open","sticky":false,"template":"","format":"standard","meta":{"ngg_post_thumbnail":0,"footnotes":""},"categories":[446],"tags":[],"aioseo_notices":[],"_links":{"self":[{"href":"https:\/\/blogsaverroes.juntadeandalucia.es\/ceipalfar\/wp-json\/wp\/v2\/posts\/395"}],"collection":[{"href":"https:\/\/blogsaverroes.juntadeandalucia.es\/ceipalfar\/wp-json\/wp\/v2\/posts"}],"about":[{"href":"https:\/\/blogsaverroes.juntadeandalucia.es\/ceipalfar\/wp-json\/wp\/v2\/types\/post"}],"author":[{"embeddable":true,"href":"https:\/\/blogsaverroes.juntadeandalucia.es\/ceipalfar\/wp-json\/wp\/v2\/users\/2291"}],"replies":[{"embeddable":true,"href":"https:\/\/blogsaverroes.juntadeandalucia.es\/ceipalfar\/wp-json\/wp\/v2\/comments?post=395"}],"version-history":[{"count":1,"href":"https:\/\/blogsaverroes.juntadeandalucia.es\/ceipalfar\/wp-json\/wp\/v2\/posts\/395\/revisions"}],"predecessor-version":[{"id":2896,"href":"https:\/\/blogsaverroes.juntadeandalucia.es\/ceipalfar\/wp-json\/wp\/v2\/posts\/395\/revisions\/2896"}],"wp:attachment":[{"href":"https:\/\/blogsaverroes.juntadeandalucia.es\/ceipalfar\/wp-json\/wp\/v2\/media?parent=395"}],"wp:term":[{"taxonomy":"category","embeddable":true,"href":"https:\/\/blogsaverroes.juntadeandalucia.es\/ceipalfar\/wp-json\/wp\/v2\/categories?post=395"},{"taxonomy":"post_tag","embeddable":true,"href":"https:\/\/blogsaverroes.juntadeandalucia.es\/ceipalfar\/wp-json\/wp\/v2\/tags?post=395"}],"curies":[{"name":"wp","href":"https:\/\/api.w.org\/{rel}","templated":true}]}}