{"id":6184,"date":"2016-12-10T17:48:33","date_gmt":"2016-12-10T17:48:33","guid":{"rendered":"http:\/\/blogsaverroes.juntadeandalucia.es\/ceipalfar\/?p=6184"},"modified":"2016-12-14T21:22:24","modified_gmt":"2016-12-14T21:22:24","slug":"visitamos-estepa-2016","status":"publish","type":"post","link":"https:\/\/blogsaverroes.juntadeandalucia.es\/ceipalfar\/2016\/12\/10\/visitamos-estepa-2016\/","title":{"rendered":"Visitamos Estepa 2016"},"content":{"rendered":"<p style=\"text-align: justify\">Llegando la Navidad el CEIP Alfar \u00a0 visita Estepa. \u00a0Los alumnos\/as de 3\u00ba, 5\u00ba y 6\u00ba de E. Primaria \u00a0con sus \u00a0tutores\/as, el director \u00a0y algunos padres\/madres \u00a0y abuelas \u00a0 recorrimos \u00a0esta localidad \u00a0sevillana. La f\u00e1brica de polvorones \u00bb la Estepe\u00f1a \u00bb nos sorprendi\u00f3 con sus olores, su museo de chocolate e instalaciones; \u00a0fue una buena introducci\u00f3n de la excursi\u00f3n. \u00a0Luego \u00a0 en \u00a0el \u00a0Cerro, parte alta del pueblo, \u00a0saboreamos nuestros bocadillos para despu\u00e9s visitar el Castillo \u00a0 de Estepa, hay que destacar unas vistas espectaculares del lugar. Seguimos con la casa cueva \u00a0trogodita, ejemplo de casa cueva habitada hasta la d\u00e9cada de los 60. \u00a0Despu\u00e9s \u00a0 de bajar \u00a0unas \u00a0calles muy empinadas llegamos al Museo \u00a0de la localidad. \u00a0Antes \u00a0 hab\u00eda \u00a0que \u00a0recuperar alguna madre despistada. Por fin \u00a0 llegamos al Parque \u00a0a \u00a0la hora de la comida. Compramos \u00a0 algunos dulces y regalos \u00a0y al autob\u00fas \u00a0para regresar \u00a0a nuestra casa, un poco cansados.<\/p>\n<p>&nbsp;<\/p>\n<p>Un d\u00eda \u00a0hermoso y aprovechado como \u00a0anuncio de la Navidad.<\/p>\n<p>&nbsp;<\/p>\n<p><em>Una alumna de 5\u00baA nos cuenta la visita:<\/em><\/p>\n<p>&nbsp;<\/p>\n<p>&nbsp;<\/p>\n<p><strong>Excursi\u00f3n a Estepa<\/strong><\/p>\n<p style=\"text-align: justify\">\u00abEl d\u00eda 9 de diciembre de 2. 016 \u00a0\u00a0fuimos a Estepa (Sevilla) a ver la f\u00e1brica de mantecados \u201cLa Estepe\u00f1a\u201d. All\u00ed\u00a0 vimos una hermosa ciudad de chocolate. Todo estaba hecho de chocolate. Al principio de la visita nos dieron un regalo de la f\u00e1brica.\u00a0 Despu\u00e9s de ver la ciudad de chocolate nos contaron cosas de la f\u00e1brica, que se construy\u00f3 en los a\u00f1os 50. Vimos figuras de personas hechas\u00a0 a mano, recipientes donde se\u00a0 hac\u00edan los polvorones\u00a0 antiguamente, el libro de las antiguas recetas (que era una copia del original, el aut\u00e9ntico tiene mucho valor).<\/p>\n<p style=\"text-align: justify\">\u00a0\u00a0\u00a0\u00a0 \u00a0A continuaci\u00f3n fuimos a comer a un parque en la parte alta de la ciudad\u00a0 a las 11,15.\u00a0 Luego\u00a0 despu\u00e9s de comer visitamos unas ruinas tart\u00e9sicas, muy antiguas. Observamos las murallas, pozos del castillo y desde la terraza disfrutamos de unas vistas maravillosas de la\u00a0 zona. Una monitora, llamada \u00c1ngela, nos cont\u00f3 un poco la historia de estas ruinas.\u00a0 Pasamos un buen rato all\u00ed.\u00a0\u00a0 Seguimos\u00a0 visitamos el Castillo por dentro y la monitora nos explic\u00f3 un fragmento de la historia del Castillo de Estepa.\u00a0 Despu\u00e9s de bajar una gran cuesta\u00a0 recorrimos el Museo local de la ciudad, muchos restos romanos hab\u00eda all\u00ed.<\/p>\n<p style=\"text-align: justify\">\u00a0\u00a0\u00a0 \u00a0Y por fin, \u00a0la hora\u00a0 de la comida en un\u00a0 parque a las dos en punto.\u00a0 Cuando terminamos de comer nos dejaron jugar en el parque, \u00a0un largo rato.\u00a0 Otros compraron dulces en una tienda\u00a0 cercana.\u00a0 Y a las 15,30 regresamos en el autob\u00fas a La Rambla, a casa.<\/p>\n<p>\u00a0\u00a1La experiencia de esta excursi\u00f3n fue incre\u00edble!\u00bb.<\/p>\n<p>&nbsp;<\/p>\n<p><strong><em>\u00a0\u00a0 Nisha,\u00a0 alumna de 5\u00ba A\u00a0 del CEIP Alfar.<\/em><\/strong><\/p>\n<p>&nbsp;<\/p>\n\n\t\t<style>\n\t\t\t#gallery-1 {\n\t\t\t\tmargin: auto;\n\t\t\t}\n\t\t\t#gallery-1 .gallery-item {\n\t\t\t\tfloat: left;\n\t\t\t\tmargin-top: 10px;\n\t\t\t\ttext-align: center;\n\t\t\t\twidth: 33%;\n\t\t\t}\n\t\t\t#gallery-1 img {\n\t\t\t\tborder: 2px solid #cfcfcf;\n\t\t\t}\n\t\t\t#gallery-1 .gallery-caption {\n\t\t\t\tmargin-left: 0;\n\t\t\t}\n\t\t\t\/* see gallery_shortcode() in wp-includes\/media.php *\/\n\t\t<\/style>\n\t\t<div id='gallery-1' class='gallery galleryid-6184 gallery-columns-3 gallery-size-thumbnail'><dl class='gallery-item'>\n\t\t\t<dt class='gallery-icon landscape'>\n\t\t\t\t<a href='https:\/\/blogsaverroes.juntadeandalucia.es\/ceipalfar\/2016\/12\/10\/visitamos-estepa-2016\/dscn5735\/'><img loading=\"lazy\" decoding=\"async\" width=\"150\" height=\"150\" src=\"https:\/\/blogsaverroes.juntadeandalucia.es\/ceipalfar\/files\/2016\/12\/DSCN5735-150x150.jpg\" class=\"attachment-thumbnail size-thumbnail\" alt=\"\" srcset=\"https:\/\/blogsaverroes.juntadeandalucia.es\/ceipalfar\/files\/2016\/12\/DSCN5735-150x150.jpg 150w, https:\/\/blogsaverroes.juntadeandalucia.es\/ceipalfar\/files\/2016\/12\/DSCN5735-100x100.jpg 100w\" sizes=\"(max-width: 150px) 100vw, 150px\" \/><\/a>\n\t\t\t<\/dt><\/dl><dl class='gallery-item'>\n\t\t\t<dt class='gallery-icon landscape'>\n\t\t\t\t<a href='https:\/\/blogsaverroes.juntadeandalucia.es\/ceipalfar\/2016\/12\/10\/visitamos-estepa-2016\/dscn5736\/'><img loading=\"lazy\" decoding=\"async\" width=\"150\" height=\"150\" src=\"https:\/\/blogsaverroes.juntadeandalucia.es\/ceipalfar\/files\/2016\/12\/DSCN5736-150x150.jpg\" class=\"attachment-thumbnail size-thumbnail\" alt=\"\" srcset=\"https:\/\/blogsaverroes.juntadeandalucia.es\/ceipalfar\/files\/2016\/12\/DSCN5736-150x150.jpg 150w, https:\/\/blogsaverroes.juntadeandalucia.es\/ceipalfar\/files\/2016\/12\/DSCN5736-100x100.jpg 100w\" sizes=\"(max-width: 150px) 100vw, 150px\" \/><\/a>\n\t\t\t<\/dt><\/dl><dl class='gallery-item'>\n\t\t\t<dt class='gallery-icon landscape'>\n\t\t\t\t<a href='https:\/\/blogsaverroes.juntadeandalucia.es\/ceipalfar\/2016\/12\/10\/visitamos-estepa-2016\/dscn5737\/'><img loading=\"lazy\" decoding=\"async\" width=\"150\" height=\"150\" src=\"https:\/\/blogsaverroes.juntadeandalucia.es\/ceipalfar\/files\/2016\/12\/DSCN5737-150x150.jpg\" class=\"attachment-thumbnail size-thumbnail\" alt=\"\" srcset=\"https:\/\/blogsaverroes.juntadeandalucia.es\/ceipalfar\/files\/2016\/12\/DSCN5737-150x150.jpg 150w, https:\/\/blogsaverroes.juntadeandalucia.es\/ceipalfar\/files\/2016\/12\/DSCN5737-100x100.jpg 100w\" sizes=\"(max-width: 150px) 100vw, 150px\" \/><\/a>\n\t\t\t<\/dt><\/dl><br style=\"clear: both\" \/><dl class='gallery-item'>\n\t\t\t<dt class='gallery-icon landscape'>\n\t\t\t\t<a href='https:\/\/blogsaverroes.juntadeandalucia.es\/ceipalfar\/2016\/12\/10\/visitamos-estepa-2016\/dscn5738\/'><img loading=\"lazy\" decoding=\"async\" width=\"150\" height=\"150\" src=\"https:\/\/blogsaverroes.juntadeandalucia.es\/ceipalfar\/files\/2016\/12\/DSCN5738-150x150.jpg\" class=\"attachment-thumbnail size-thumbnail\" alt=\"\" srcset=\"https:\/\/blogsaverroes.juntadeandalucia.es\/ceipalfar\/files\/2016\/12\/DSCN5738-150x150.jpg 150w, https:\/\/blogsaverroes.juntadeandalucia.es\/ceipalfar\/files\/2016\/12\/DSCN5738-100x100.jpg 100w\" sizes=\"(max-width: 150px) 100vw, 150px\" \/><\/a>\n\t\t\t<\/dt><\/dl><dl class='gallery-item'>\n\t\t\t<dt class='gallery-icon landscape'>\n\t\t\t\t<a href='https:\/\/blogsaverroes.juntadeandalucia.es\/ceipalfar\/2016\/12\/10\/visitamos-estepa-2016\/dscn5739\/'><img loading=\"lazy\" decoding=\"async\" width=\"150\" height=\"150\" src=\"https:\/\/blogsaverroes.juntadeandalucia.es\/ceipalfar\/files\/2016\/12\/DSCN5739-150x150.jpg\" class=\"attachment-thumbnail size-thumbnail\" alt=\"\" srcset=\"https:\/\/blogsaverroes.juntadeandalucia.es\/ceipalfar\/files\/2016\/12\/DSCN5739-150x150.jpg 150w, https:\/\/blogsaverroes.juntadeandalucia.es\/ceipalfar\/files\/2016\/12\/DSCN5739-100x100.jpg 100w\" sizes=\"(max-width: 150px) 100vw, 150px\" \/><\/a>\n\t\t\t<\/dt><\/dl><dl class='gallery-item'>\n\t\t\t<dt class='gallery-icon landscape'>\n\t\t\t\t<a href='https:\/\/blogsaverroes.juntadeandalucia.es\/ceipalfar\/2016\/12\/10\/visitamos-estepa-2016\/dscn5740\/'><img loading=\"lazy\" decoding=\"async\" width=\"150\" height=\"150\" src=\"https:\/\/blogsaverroes.juntadeandalucia.es\/ceipalfar\/files\/2016\/12\/DSCN5740-150x150.jpg\" class=\"attachment-thumbnail size-thumbnail\" alt=\"\" srcset=\"https:\/\/blogsaverroes.juntadeandalucia.es\/ceipalfar\/files\/2016\/12\/DSCN5740-150x150.jpg 150w, https:\/\/blogsaverroes.juntadeandalucia.es\/ceipalfar\/files\/2016\/12\/DSCN5740-100x100.jpg 100w\" sizes=\"(max-width: 150px) 100vw, 150px\" \/><\/a>\n\t\t\t<\/dt><\/dl><br style=\"clear: both\" \/><dl class='gallery-item'>\n\t\t\t<dt class='gallery-icon portrait'>\n\t\t\t\t<a href='https:\/\/blogsaverroes.juntadeandalucia.es\/ceipalfar\/2016\/12\/10\/visitamos-estepa-2016\/dscn5741\/'><img loading=\"lazy\" decoding=\"async\" width=\"150\" height=\"150\" src=\"https:\/\/blogsaverroes.juntadeandalucia.es\/ceipalfar\/files\/2016\/12\/DSCN5741-150x150.jpg\" class=\"attachment-thumbnail size-thumbnail\" alt=\"\" srcset=\"https:\/\/blogsaverroes.juntadeandalucia.es\/ceipalfar\/files\/2016\/12\/DSCN5741-150x150.jpg 150w, https:\/\/blogsaverroes.juntadeandalucia.es\/ceipalfar\/files\/2016\/12\/DSCN5741-100x100.jpg 100w\" sizes=\"(max-width: 150px) 100vw, 150px\" \/><\/a>\n\t\t\t<\/dt><\/dl><dl class='gallery-item'>\n\t\t\t<dt class='gallery-icon portrait'>\n\t\t\t\t<a href='https:\/\/blogsaverroes.juntadeandalucia.es\/ceipalfar\/2016\/12\/10\/visitamos-estepa-2016\/dscn5742\/'><img loading=\"lazy\" decoding=\"async\" width=\"150\" height=\"150\" src=\"https:\/\/blogsaverroes.juntadeandalucia.es\/ceipalfar\/files\/2016\/12\/DSCN5742-150x150.jpg\" class=\"attachment-thumbnail size-thumbnail\" alt=\"\" srcset=\"https:\/\/blogsaverroes.juntadeandalucia.es\/ceipalfar\/files\/2016\/12\/DSCN5742-150x150.jpg 150w, https:\/\/blogsaverroes.juntadeandalucia.es\/ceipalfar\/files\/2016\/12\/DSCN5742-100x100.jpg 100w\" sizes=\"(max-width: 150px) 100vw, 150px\" \/><\/a>\n\t\t\t<\/dt><\/dl><dl class='gallery-item'>\n\t\t\t<dt class='gallery-icon portrait'>\n\t\t\t\t<a href='https:\/\/blogsaverroes.juntadeandalucia.es\/ceipalfar\/2016\/12\/10\/visitamos-estepa-2016\/dscn5743\/'><img loading=\"lazy\" decoding=\"async\" width=\"150\" height=\"150\" src=\"https:\/\/blogsaverroes.juntadeandalucia.es\/ceipalfar\/files\/2016\/12\/DSCN5743-150x150.jpg\" class=\"attachment-thumbnail size-thumbnail\" alt=\"\" srcset=\"https:\/\/blogsaverroes.juntadeandalucia.es\/ceipalfar\/files\/2016\/12\/DSCN5743-150x150.jpg 150w, https:\/\/blogsaverroes.juntadeandalucia.es\/ceipalfar\/files\/2016\/12\/DSCN5743-100x100.jpg 100w\" sizes=\"(max-width: 150px) 100vw, 150px\" \/><\/a>\n\t\t\t<\/dt><\/dl><br style=\"clear: both\" \/><dl class='gallery-item'>\n\t\t\t<dt class='gallery-icon portrait'>\n\t\t\t\t<a href='https:\/\/blogsaverroes.juntadeandalucia.es\/ceipalfar\/2016\/12\/10\/visitamos-estepa-2016\/dscn5744\/'><img loading=\"lazy\" decoding=\"async\" width=\"150\" height=\"150\" src=\"https:\/\/blogsaverroes.juntadeandalucia.es\/ceipalfar\/files\/2016\/12\/DSCN5744-150x150.jpg\" class=\"attachment-thumbnail size-thumbnail\" alt=\"\" srcset=\"https:\/\/blogsaverroes.juntadeandalucia.es\/ceipalfar\/files\/2016\/12\/DSCN5744-150x150.jpg 150w, https:\/\/blogsaverroes.juntadeandalucia.es\/ceipalfar\/files\/2016\/12\/DSCN5744-100x100.jpg 100w\" sizes=\"(max-width: 150px) 100vw, 150px\" \/><\/a>\n\t\t\t<\/dt><\/dl><dl class='gallery-item'>\n\t\t\t<dt class='gallery-icon landscape'>\n\t\t\t\t<a href='https:\/\/blogsaverroes.juntadeandalucia.es\/ceipalfar\/2016\/12\/10\/visitamos-estepa-2016\/dscn5745\/'><img loading=\"lazy\" decoding=\"async\" width=\"150\" height=\"150\" src=\"https:\/\/blogsaverroes.juntadeandalucia.es\/ceipalfar\/files\/2016\/12\/DSCN5745-150x150.jpg\" class=\"attachment-thumbnail size-thumbnail\" alt=\"\" srcset=\"https:\/\/blogsaverroes.juntadeandalucia.es\/ceipalfar\/files\/2016\/12\/DSCN5745-150x150.jpg 150w, https:\/\/blogsaverroes.juntadeandalucia.es\/ceipalfar\/files\/2016\/12\/DSCN5745-100x100.jpg 100w\" sizes=\"(max-width: 150px) 100vw, 150px\" \/><\/a>\n\t\t\t<\/dt><\/dl><dl class='gallery-item'>\n\t\t\t<dt class='gallery-icon portrait'>\n\t\t\t\t<a href='https:\/\/blogsaverroes.juntadeandalucia.es\/ceipalfar\/2016\/12\/10\/visitamos-estepa-2016\/dscn5746\/'><img loading=\"lazy\" decoding=\"async\" width=\"150\" height=\"150\" src=\"https:\/\/blogsaverroes.juntadeandalucia.es\/ceipalfar\/files\/2016\/12\/DSCN5746-150x150.jpg\" class=\"attachment-thumbnail size-thumbnail\" alt=\"\" srcset=\"https:\/\/blogsaverroes.juntadeandalucia.es\/ceipalfar\/files\/2016\/12\/DSCN5746-150x150.jpg 150w, https:\/\/blogsaverroes.juntadeandalucia.es\/ceipalfar\/files\/2016\/12\/DSCN5746-100x100.jpg 100w\" sizes=\"(max-width: 150px) 100vw, 150px\" \/><\/a>\n\t\t\t<\/dt><\/dl><br style=\"clear: both\" \/><dl class='gallery-item'>\n\t\t\t<dt class='gallery-icon portrait'>\n\t\t\t\t<a href='https:\/\/blogsaverroes.juntadeandalucia.es\/ceipalfar\/2016\/12\/10\/visitamos-estepa-2016\/dscn5747\/'><img loading=\"lazy\" decoding=\"async\" width=\"150\" height=\"150\" src=\"https:\/\/blogsaverroes.juntadeandalucia.es\/ceipalfar\/files\/2016\/12\/DSCN5747-150x150.jpg\" class=\"attachment-thumbnail size-thumbnail\" alt=\"\" srcset=\"https:\/\/blogsaverroes.juntadeandalucia.es\/ceipalfar\/files\/2016\/12\/DSCN5747-150x150.jpg 150w, https:\/\/blogsaverroes.juntadeandalucia.es\/ceipalfar\/files\/2016\/12\/DSCN5747-100x100.jpg 100w\" sizes=\"(max-width: 150px) 100vw, 150px\" \/><\/a>\n\t\t\t<\/dt><\/dl><dl class='gallery-item'>\n\t\t\t<dt class='gallery-icon portrait'>\n\t\t\t\t<a href='https:\/\/blogsaverroes.juntadeandalucia.es\/ceipalfar\/2016\/12\/10\/visitamos-estepa-2016\/dscn5748\/'><img loading=\"lazy\" decoding=\"async\" width=\"150\" height=\"150\" src=\"https:\/\/blogsaverroes.juntadeandalucia.es\/ceipalfar\/files\/2016\/12\/DSCN5748-150x150.jpg\" class=\"attachment-thumbnail size-thumbnail\" alt=\"\" srcset=\"https:\/\/blogsaverroes.juntadeandalucia.es\/ceipalfar\/files\/2016\/12\/DSCN5748-150x150.jpg 150w, https:\/\/blogsaverroes.juntadeandalucia.es\/ceipalfar\/files\/2016\/12\/DSCN5748-100x100.jpg 100w\" sizes=\"(max-width: 150px) 100vw, 150px\" \/><\/a>\n\t\t\t<\/dt><\/dl><dl class='gallery-item'>\n\t\t\t<dt class='gallery-icon portrait'>\n\t\t\t\t<a href='https:\/\/blogsaverroes.juntadeandalucia.es\/ceipalfar\/2016\/12\/10\/visitamos-estepa-2016\/dscn5749\/'><img loading=\"lazy\" decoding=\"async\" width=\"150\" height=\"150\" src=\"https:\/\/blogsaverroes.juntadeandalucia.es\/ceipalfar\/files\/2016\/12\/DSCN5749-150x150.jpg\" class=\"attachment-thumbnail size-thumbnail\" alt=\"\" srcset=\"https:\/\/blogsaverroes.juntadeandalucia.es\/ceipalfar\/files\/2016\/12\/DSCN5749-150x150.jpg 150w, https:\/\/blogsaverroes.juntadeandalucia.es\/ceipalfar\/files\/2016\/12\/DSCN5749-100x100.jpg 100w\" sizes=\"(max-width: 150px) 100vw, 150px\" \/><\/a>\n\t\t\t<\/dt><\/dl><br style=\"clear: both\" \/><dl class='gallery-item'>\n\t\t\t<dt class='gallery-icon landscape'>\n\t\t\t\t<a href='https:\/\/blogsaverroes.juntadeandalucia.es\/ceipalfar\/2016\/12\/10\/visitamos-estepa-2016\/dscn5750\/'><img loading=\"lazy\" decoding=\"async\" width=\"150\" height=\"150\" src=\"https:\/\/blogsaverroes.juntadeandalucia.es\/ceipalfar\/files\/2016\/12\/DSCN5750-150x150.jpg\" class=\"attachment-thumbnail size-thumbnail\" alt=\"\" srcset=\"https:\/\/blogsaverroes.juntadeandalucia.es\/ceipalfar\/files\/2016\/12\/DSCN5750-150x150.jpg 150w, https:\/\/blogsaverroes.juntadeandalucia.es\/ceipalfar\/files\/2016\/12\/DSCN5750-100x100.jpg 100w\" sizes=\"(max-width: 150px) 100vw, 150px\" \/><\/a>\n\t\t\t<\/dt><\/dl><dl class='gallery-item'>\n\t\t\t<dt class='gallery-icon landscape'>\n\t\t\t\t<a href='https:\/\/blogsaverroes.juntadeandalucia.es\/ceipalfar\/2016\/12\/10\/visitamos-estepa-2016\/dscn5751\/'><img loading=\"lazy\" decoding=\"async\" width=\"150\" height=\"150\" src=\"https:\/\/blogsaverroes.juntadeandalucia.es\/ceipalfar\/files\/2016\/12\/DSCN5751-150x150.jpg\" class=\"attachment-thumbnail size-thumbnail\" alt=\"\" srcset=\"https:\/\/blogsaverroes.juntadeandalucia.es\/ceipalfar\/files\/2016\/12\/DSCN5751-150x150.jpg 150w, https:\/\/blogsaverroes.juntadeandalucia.es\/ceipalfar\/files\/2016\/12\/DSCN5751-100x100.jpg 100w\" sizes=\"(max-width: 150px) 100vw, 150px\" \/><\/a>\n\t\t\t<\/dt><\/dl><dl class='gallery-item'>\n\t\t\t<dt class='gallery-icon portrait'>\n\t\t\t\t<a href='https:\/\/blogsaverroes.juntadeandalucia.es\/ceipalfar\/2016\/12\/10\/visitamos-estepa-2016\/dscn5752\/'><img loading=\"lazy\" decoding=\"async\" width=\"150\" height=\"150\" src=\"https:\/\/blogsaverroes.juntadeandalucia.es\/ceipalfar\/files\/2016\/12\/DSCN5752-150x150.jpg\" class=\"attachment-thumbnail size-thumbnail\" alt=\"\" srcset=\"https:\/\/blogsaverroes.juntadeandalucia.es\/ceipalfar\/files\/2016\/12\/DSCN5752-150x150.jpg 150w, https:\/\/blogsaverroes.juntadeandalucia.es\/ceipalfar\/files\/2016\/12\/DSCN5752-100x100.jpg 100w\" sizes=\"(max-width: 150px) 100vw, 150px\" \/><\/a>\n\t\t\t<\/dt><\/dl><br style=\"clear: both\" \/><dl class='gallery-item'>\n\t\t\t<dt class='gallery-icon landscape'>\n\t\t\t\t<a href='https:\/\/blogsaverroes.juntadeandalucia.es\/ceipalfar\/2016\/12\/10\/visitamos-estepa-2016\/dscn5753\/'><img loading=\"lazy\" decoding=\"async\" width=\"150\" height=\"150\" src=\"https:\/\/blogsaverroes.juntadeandalucia.es\/ceipalfar\/files\/2016\/12\/DSCN5753-150x150.jpg\" class=\"attachment-thumbnail size-thumbnail\" alt=\"\" srcset=\"https:\/\/blogsaverroes.juntadeandalucia.es\/ceipalfar\/files\/2016\/12\/DSCN5753-150x150.jpg 150w, https:\/\/blogsaverroes.juntadeandalucia.es\/ceipalfar\/files\/2016\/12\/DSCN5753-100x100.jpg 100w\" sizes=\"(max-width: 150px) 100vw, 150px\" \/><\/a>\n\t\t\t<\/dt><\/dl><dl class='gallery-item'>\n\t\t\t<dt class='gallery-icon landscape'>\n\t\t\t\t<a href='https:\/\/blogsaverroes.juntadeandalucia.es\/ceipalfar\/2016\/12\/10\/visitamos-estepa-2016\/dscn5754\/'><img loading=\"lazy\" decoding=\"async\" width=\"150\" height=\"150\" src=\"https:\/\/blogsaverroes.juntadeandalucia.es\/ceipalfar\/files\/2016\/12\/DSCN5754-150x150.jpg\" class=\"attachment-thumbnail size-thumbnail\" alt=\"\" srcset=\"https:\/\/blogsaverroes.juntadeandalucia.es\/ceipalfar\/files\/2016\/12\/DSCN5754-150x150.jpg 150w, https:\/\/blogsaverroes.juntadeandalucia.es\/ceipalfar\/files\/2016\/12\/DSCN5754-100x100.jpg 100w\" sizes=\"(max-width: 150px) 100vw, 150px\" \/><\/a>\n\t\t\t<\/dt><\/dl><dl class='gallery-item'>\n\t\t\t<dt class='gallery-icon landscape'>\n\t\t\t\t<a href='https:\/\/blogsaverroes.juntadeandalucia.es\/ceipalfar\/2016\/12\/10\/visitamos-estepa-2016\/dscn5755\/'><img loading=\"lazy\" decoding=\"async\" width=\"150\" height=\"150\" src=\"https:\/\/blogsaverroes.juntadeandalucia.es\/ceipalfar\/files\/2016\/12\/DSCN5755-150x150.jpg\" class=\"attachment-thumbnail size-thumbnail\" alt=\"\" srcset=\"https:\/\/blogsaverroes.juntadeandalucia.es\/ceipalfar\/files\/2016\/12\/DSCN5755-150x150.jpg 150w, https:\/\/blogsaverroes.juntadeandalucia.es\/ceipalfar\/files\/2016\/12\/DSCN5755-100x100.jpg 100w\" sizes=\"(max-width: 150px) 100vw, 150px\" \/><\/a>\n\t\t\t<\/dt><\/dl><br style=\"clear: both\" \/><dl class='gallery-item'>\n\t\t\t<dt class='gallery-icon landscape'>\n\t\t\t\t<a href='https:\/\/blogsaverroes.juntadeandalucia.es\/ceipalfar\/2016\/12\/10\/visitamos-estepa-2016\/dscn5756\/'><img loading=\"lazy\" decoding=\"async\" width=\"150\" height=\"150\" src=\"https:\/\/blogsaverroes.juntadeandalucia.es\/ceipalfar\/files\/2016\/12\/DSCN5756-150x150.jpg\" class=\"attachment-thumbnail size-thumbnail\" alt=\"\" srcset=\"https:\/\/blogsaverroes.juntadeandalucia.es\/ceipalfar\/files\/2016\/12\/DSCN5756-150x150.jpg 150w, https:\/\/blogsaverroes.juntadeandalucia.es\/ceipalfar\/files\/2016\/12\/DSCN5756-100x100.jpg 100w\" sizes=\"(max-width: 150px) 100vw, 150px\" \/><\/a>\n\t\t\t<\/dt><\/dl><dl class='gallery-item'>\n\t\t\t<dt class='gallery-icon landscape'>\n\t\t\t\t<a href='https:\/\/blogsaverroes.juntadeandalucia.es\/ceipalfar\/2016\/12\/10\/visitamos-estepa-2016\/dscn5757\/'><img loading=\"lazy\" decoding=\"async\" width=\"150\" height=\"150\" src=\"https:\/\/blogsaverroes.juntadeandalucia.es\/ceipalfar\/files\/2016\/12\/DSCN5757-150x150.jpg\" class=\"attachment-thumbnail size-thumbnail\" alt=\"\" srcset=\"https:\/\/blogsaverroes.juntadeandalucia.es\/ceipalfar\/files\/2016\/12\/DSCN5757-150x150.jpg 150w, https:\/\/blogsaverroes.juntadeandalucia.es\/ceipalfar\/files\/2016\/12\/DSCN5757-100x100.jpg 100w\" sizes=\"(max-width: 150px) 100vw, 150px\" \/><\/a>\n\t\t\t<\/dt><\/dl><dl class='gallery-item'>\n\t\t\t<dt class='gallery-icon landscape'>\n\t\t\t\t<a href='https:\/\/blogsaverroes.juntadeandalucia.es\/ceipalfar\/2016\/12\/10\/visitamos-estepa-2016\/dscn5758\/'><img loading=\"lazy\" decoding=\"async\" width=\"150\" height=\"150\" src=\"https:\/\/blogsaverroes.juntadeandalucia.es\/ceipalfar\/files\/2016\/12\/DSCN5758-150x150.jpg\" class=\"attachment-thumbnail size-thumbnail\" alt=\"\" srcset=\"https:\/\/blogsaverroes.juntadeandalucia.es\/ceipalfar\/files\/2016\/12\/DSCN5758-150x150.jpg 150w, https:\/\/blogsaverroes.juntadeandalucia.es\/ceipalfar\/files\/2016\/12\/DSCN5758-100x100.jpg 100w\" sizes=\"(max-width: 150px) 100vw, 150px\" \/><\/a>\n\t\t\t<\/dt><\/dl><br style=\"clear: both\" \/><dl class='gallery-item'>\n\t\t\t<dt class='gallery-icon landscape'>\n\t\t\t\t<a href='https:\/\/blogsaverroes.juntadeandalucia.es\/ceipalfar\/2016\/12\/10\/visitamos-estepa-2016\/dscn5759\/'><img loading=\"lazy\" decoding=\"async\" width=\"150\" height=\"150\" src=\"https:\/\/blogsaverroes.juntadeandalucia.es\/ceipalfar\/files\/2016\/12\/DSCN5759-150x150.jpg\" class=\"attachment-thumbnail size-thumbnail\" alt=\"\" srcset=\"https:\/\/blogsaverroes.juntadeandalucia.es\/ceipalfar\/files\/2016\/12\/DSCN5759-150x150.jpg 150w, https:\/\/blogsaverroes.juntadeandalucia.es\/ceipalfar\/files\/2016\/12\/DSCN5759-100x100.jpg 100w\" sizes=\"(max-width: 150px) 100vw, 150px\" \/><\/a>\n\t\t\t<\/dt><\/dl><dl class='gallery-item'>\n\t\t\t<dt class='gallery-icon landscape'>\n\t\t\t\t<a href='https:\/\/blogsaverroes.juntadeandalucia.es\/ceipalfar\/2016\/12\/10\/visitamos-estepa-2016\/dscn5760\/'><img loading=\"lazy\" decoding=\"async\" width=\"150\" height=\"150\" src=\"https:\/\/blogsaverroes.juntadeandalucia.es\/ceipalfar\/files\/2016\/12\/DSCN5760-150x150.jpg\" class=\"attachment-thumbnail size-thumbnail\" alt=\"\" srcset=\"https:\/\/blogsaverroes.juntadeandalucia.es\/ceipalfar\/files\/2016\/12\/DSCN5760-150x150.jpg 150w, https:\/\/blogsaverroes.juntadeandalucia.es\/ceipalfar\/files\/2016\/12\/DSCN5760-100x100.jpg 100w\" sizes=\"(max-width: 150px) 100vw, 150px\" \/><\/a>\n\t\t\t<\/dt><\/dl><dl class='gallery-item'>\n\t\t\t<dt class='gallery-icon landscape'>\n\t\t\t\t<a href='https:\/\/blogsaverroes.juntadeandalucia.es\/ceipalfar\/2016\/12\/10\/visitamos-estepa-2016\/dscn5761\/'><img loading=\"lazy\" decoding=\"async\" width=\"150\" height=\"150\" src=\"https:\/\/blogsaverroes.juntadeandalucia.es\/ceipalfar\/files\/2016\/12\/DSCN5761-150x150.jpg\" class=\"attachment-thumbnail size-thumbnail\" alt=\"\" srcset=\"https:\/\/blogsaverroes.juntadeandalucia.es\/ceipalfar\/files\/2016\/12\/DSCN5761-150x150.jpg 150w, https:\/\/blogsaverroes.juntadeandalucia.es\/ceipalfar\/files\/2016\/12\/DSCN5761-100x100.jpg 100w\" sizes=\"(max-width: 150px) 100vw, 150px\" \/><\/a>\n\t\t\t<\/dt><\/dl><br style=\"clear: both\" \/><dl class='gallery-item'>\n\t\t\t<dt class='gallery-icon landscape'>\n\t\t\t\t<a href='https:\/\/blogsaverroes.juntadeandalucia.es\/ceipalfar\/2016\/12\/10\/visitamos-estepa-2016\/dscn5762\/'><img loading=\"lazy\" decoding=\"async\" width=\"150\" height=\"150\" src=\"https:\/\/blogsaverroes.juntadeandalucia.es\/ceipalfar\/files\/2016\/12\/DSCN5762-150x150.jpg\" class=\"attachment-thumbnail size-thumbnail\" alt=\"\" srcset=\"https:\/\/blogsaverroes.juntadeandalucia.es\/ceipalfar\/files\/2016\/12\/DSCN5762-150x150.jpg 150w, https:\/\/blogsaverroes.juntadeandalucia.es\/ceipalfar\/files\/2016\/12\/DSCN5762-100x100.jpg 100w\" sizes=\"(max-width: 150px) 100vw, 150px\" \/><\/a>\n\t\t\t<\/dt><\/dl><dl class='gallery-item'>\n\t\t\t<dt class='gallery-icon landscape'>\n\t\t\t\t<a href='https:\/\/blogsaverroes.juntadeandalucia.es\/ceipalfar\/2016\/12\/10\/visitamos-estepa-2016\/dscn5763\/'><img loading=\"lazy\" decoding=\"async\" width=\"150\" height=\"150\" src=\"https:\/\/blogsaverroes.juntadeandalucia.es\/ceipalfar\/files\/2016\/12\/DSCN5763-150x150.jpg\" class=\"attachment-thumbnail size-thumbnail\" alt=\"\" srcset=\"https:\/\/blogsaverroes.juntadeandalucia.es\/ceipalfar\/files\/2016\/12\/DSCN5763-150x150.jpg 150w, https:\/\/blogsaverroes.juntadeandalucia.es\/ceipalfar\/files\/2016\/12\/DSCN5763-100x100.jpg 100w\" sizes=\"(max-width: 150px) 100vw, 150px\" \/><\/a>\n\t\t\t<\/dt><\/dl><dl class='gallery-item'>\n\t\t\t<dt class='gallery-icon landscape'>\n\t\t\t\t<a href='https:\/\/blogsaverroes.juntadeandalucia.es\/ceipalfar\/2016\/12\/10\/visitamos-estepa-2016\/dscn5764\/'><img loading=\"lazy\" decoding=\"async\" width=\"150\" height=\"150\" src=\"https:\/\/blogsaverroes.juntadeandalucia.es\/ceipalfar\/files\/2016\/12\/DSCN5764-150x150.jpg\" class=\"attachment-thumbnail size-thumbnail\" alt=\"\" srcset=\"https:\/\/blogsaverroes.juntadeandalucia.es\/ceipalfar\/files\/2016\/12\/DSCN5764-150x150.jpg 150w, https:\/\/blogsaverroes.juntadeandalucia.es\/ceipalfar\/files\/2016\/12\/DSCN5764-100x100.jpg 100w\" sizes=\"(max-width: 150px) 100vw, 150px\" \/><\/a>\n\t\t\t<\/dt><\/dl><br style=\"clear: both\" \/><dl class='gallery-item'>\n\t\t\t<dt class='gallery-icon landscape'>\n\t\t\t\t<a href='https:\/\/blogsaverroes.juntadeandalucia.es\/ceipalfar\/2016\/12\/10\/visitamos-estepa-2016\/dscn5765\/'><img loading=\"lazy\" decoding=\"async\" width=\"150\" height=\"150\" src=\"https:\/\/blogsaverroes.juntadeandalucia.es\/ceipalfar\/files\/2016\/12\/DSCN5765-150x150.jpg\" class=\"attachment-thumbnail size-thumbnail\" alt=\"\" srcset=\"https:\/\/blogsaverroes.juntadeandalucia.es\/ceipalfar\/files\/2016\/12\/DSCN5765-150x150.jpg 150w, https:\/\/blogsaverroes.juntadeandalucia.es\/ceipalfar\/files\/2016\/12\/DSCN5765-100x100.jpg 100w\" sizes=\"(max-width: 150px) 100vw, 150px\" \/><\/a>\n\t\t\t<\/dt><\/dl><dl class='gallery-item'>\n\t\t\t<dt class='gallery-icon landscape'>\n\t\t\t\t<a href='https:\/\/blogsaverroes.juntadeandalucia.es\/ceipalfar\/2016\/12\/10\/visitamos-estepa-2016\/dscn5766\/'><img loading=\"lazy\" decoding=\"async\" width=\"150\" height=\"150\" src=\"https:\/\/blogsaverroes.juntadeandalucia.es\/ceipalfar\/files\/2016\/12\/DSCN5766-150x150.jpg\" class=\"attachment-thumbnail size-thumbnail\" alt=\"\" srcset=\"https:\/\/blogsaverroes.juntadeandalucia.es\/ceipalfar\/files\/2016\/12\/DSCN5766-150x150.jpg 150w, https:\/\/blogsaverroes.juntadeandalucia.es\/ceipalfar\/files\/2016\/12\/DSCN5766-100x100.jpg 100w\" sizes=\"(max-width: 150px) 100vw, 150px\" \/><\/a>\n\t\t\t<\/dt><\/dl><dl class='gallery-item'>\n\t\t\t<dt class='gallery-icon landscape'>\n\t\t\t\t<a href='https:\/\/blogsaverroes.juntadeandalucia.es\/ceipalfar\/2016\/12\/10\/visitamos-estepa-2016\/dscn5767\/'><img loading=\"lazy\" decoding=\"async\" width=\"150\" height=\"150\" src=\"https:\/\/blogsaverroes.juntadeandalucia.es\/ceipalfar\/files\/2016\/12\/DSCN5767-150x150.jpg\" class=\"attachment-thumbnail size-thumbnail\" alt=\"\" srcset=\"https:\/\/blogsaverroes.juntadeandalucia.es\/ceipalfar\/files\/2016\/12\/DSCN5767-150x150.jpg 150w, https:\/\/blogsaverroes.juntadeandalucia.es\/ceipalfar\/files\/2016\/12\/DSCN5767-100x100.jpg 100w\" sizes=\"(max-width: 150px) 100vw, 150px\" \/><\/a>\n\t\t\t<\/dt><\/dl><br style=\"clear: both\" \/><dl class='gallery-item'>\n\t\t\t<dt class='gallery-icon landscape'>\n\t\t\t\t<a href='https:\/\/blogsaverroes.juntadeandalucia.es\/ceipalfar\/2016\/12\/10\/visitamos-estepa-2016\/dscn5768\/'><img loading=\"lazy\" decoding=\"async\" width=\"150\" height=\"150\" src=\"https:\/\/blogsaverroes.juntadeandalucia.es\/ceipalfar\/files\/2016\/12\/DSCN5768-150x150.jpg\" class=\"attachment-thumbnail size-thumbnail\" alt=\"\" srcset=\"https:\/\/blogsaverroes.juntadeandalucia.es\/ceipalfar\/files\/2016\/12\/DSCN5768-150x150.jpg 150w, https:\/\/blogsaverroes.juntadeandalucia.es\/ceipalfar\/files\/2016\/12\/DSCN5768-100x100.jpg 100w\" sizes=\"(max-width: 150px) 100vw, 150px\" \/><\/a>\n\t\t\t<\/dt><\/dl><dl class='gallery-item'>\n\t\t\t<dt class='gallery-icon landscape'>\n\t\t\t\t<a href='https:\/\/blogsaverroes.juntadeandalucia.es\/ceipalfar\/2016\/12\/10\/visitamos-estepa-2016\/dscn5769\/'><img loading=\"lazy\" decoding=\"async\" width=\"150\" height=\"150\" src=\"https:\/\/blogsaverroes.juntadeandalucia.es\/ceipalfar\/files\/2016\/12\/DSCN5769-150x150.jpg\" class=\"attachment-thumbnail size-thumbnail\" alt=\"\" srcset=\"https:\/\/blogsaverroes.juntadeandalucia.es\/ceipalfar\/files\/2016\/12\/DSCN5769-150x150.jpg 150w, https:\/\/blogsaverroes.juntadeandalucia.es\/ceipalfar\/files\/2016\/12\/DSCN5769-100x100.jpg 100w\" sizes=\"(max-width: 150px) 100vw, 150px\" \/><\/a>\n\t\t\t<\/dt><\/dl><dl class='gallery-item'>\n\t\t\t<dt class='gallery-icon portrait'>\n\t\t\t\t<a href='https:\/\/blogsaverroes.juntadeandalucia.es\/ceipalfar\/2016\/12\/10\/visitamos-estepa-2016\/dscn5770\/'><img loading=\"lazy\" decoding=\"async\" width=\"150\" height=\"150\" src=\"https:\/\/blogsaverroes.juntadeandalucia.es\/ceipalfar\/files\/2016\/12\/DSCN5770-150x150.jpg\" class=\"attachment-thumbnail size-thumbnail\" alt=\"\" srcset=\"https:\/\/blogsaverroes.juntadeandalucia.es\/ceipalfar\/files\/2016\/12\/DSCN5770-150x150.jpg 150w, https:\/\/blogsaverroes.juntadeandalucia.es\/ceipalfar\/files\/2016\/12\/DSCN5770-100x100.jpg 100w\" sizes=\"(max-width: 150px) 100vw, 150px\" \/><\/a>\n\t\t\t<\/dt><\/dl><br style=\"clear: both\" \/><dl class='gallery-item'>\n\t\t\t<dt class='gallery-icon portrait'>\n\t\t\t\t<a href='https:\/\/blogsaverroes.juntadeandalucia.es\/ceipalfar\/2016\/12\/10\/visitamos-estepa-2016\/dscn5771\/'><img loading=\"lazy\" decoding=\"async\" width=\"150\" height=\"150\" src=\"https:\/\/blogsaverroes.juntadeandalucia.es\/ceipalfar\/files\/2016\/12\/DSCN5771-150x150.jpg\" class=\"attachment-thumbnail size-thumbnail\" alt=\"\" srcset=\"https:\/\/blogsaverroes.juntadeandalucia.es\/ceipalfar\/files\/2016\/12\/DSCN5771-150x150.jpg 150w, https:\/\/blogsaverroes.juntadeandalucia.es\/ceipalfar\/files\/2016\/12\/DSCN5771-100x100.jpg 100w\" sizes=\"(max-width: 150px) 100vw, 150px\" \/><\/a>\n\t\t\t<\/dt><\/dl><dl class='gallery-item'>\n\t\t\t<dt class='gallery-icon landscape'>\n\t\t\t\t<a href='https:\/\/blogsaverroes.juntadeandalucia.es\/ceipalfar\/2016\/12\/10\/visitamos-estepa-2016\/dscn5772\/'><img loading=\"lazy\" decoding=\"async\" width=\"150\" height=\"150\" src=\"https:\/\/blogsaverroes.juntadeandalucia.es\/ceipalfar\/files\/2016\/12\/DSCN5772-150x150.jpg\" class=\"attachment-thumbnail size-thumbnail\" alt=\"\" srcset=\"https:\/\/blogsaverroes.juntadeandalucia.es\/ceipalfar\/files\/2016\/12\/DSCN5772-150x150.jpg 150w, https:\/\/blogsaverroes.juntadeandalucia.es\/ceipalfar\/files\/2016\/12\/DSCN5772-100x100.jpg 100w\" sizes=\"(max-width: 150px) 100vw, 150px\" \/><\/a>\n\t\t\t<\/dt><\/dl><dl class='gallery-item'>\n\t\t\t<dt class='gallery-icon landscape'>\n\t\t\t\t<a href='https:\/\/blogsaverroes.juntadeandalucia.es\/ceipalfar\/2016\/12\/10\/visitamos-estepa-2016\/dscn5773\/'><img loading=\"lazy\" decoding=\"async\" width=\"150\" height=\"150\" src=\"https:\/\/blogsaverroes.juntadeandalucia.es\/ceipalfar\/files\/2016\/12\/DSCN5773-150x150.jpg\" class=\"attachment-thumbnail size-thumbnail\" alt=\"\" srcset=\"https:\/\/blogsaverroes.juntadeandalucia.es\/ceipalfar\/files\/2016\/12\/DSCN5773-150x150.jpg 150w, https:\/\/blogsaverroes.juntadeandalucia.es\/ceipalfar\/files\/2016\/12\/DSCN5773-100x100.jpg 100w\" sizes=\"(max-width: 150px) 100vw, 150px\" \/><\/a>\n\t\t\t<\/dt><\/dl><br style=\"clear: both\" \/><dl class='gallery-item'>\n\t\t\t<dt class='gallery-icon landscape'>\n\t\t\t\t<a href='https:\/\/blogsaverroes.juntadeandalucia.es\/ceipalfar\/2016\/12\/10\/visitamos-estepa-2016\/dscn5774\/'><img loading=\"lazy\" decoding=\"async\" width=\"150\" height=\"150\" src=\"https:\/\/blogsaverroes.juntadeandalucia.es\/ceipalfar\/files\/2016\/12\/DSCN5774-150x150.jpg\" class=\"attachment-thumbnail size-thumbnail\" alt=\"\" srcset=\"https:\/\/blogsaverroes.juntadeandalucia.es\/ceipalfar\/files\/2016\/12\/DSCN5774-150x150.jpg 150w, https:\/\/blogsaverroes.juntadeandalucia.es\/ceipalfar\/files\/2016\/12\/DSCN5774-100x100.jpg 100w\" sizes=\"(max-width: 150px) 100vw, 150px\" \/><\/a>\n\t\t\t<\/dt><\/dl><dl class='gallery-item'>\n\t\t\t<dt class='gallery-icon landscape'>\n\t\t\t\t<a href='https:\/\/blogsaverroes.juntadeandalucia.es\/ceipalfar\/2016\/12\/10\/visitamos-estepa-2016\/dscn5775\/'><img loading=\"lazy\" decoding=\"async\" width=\"150\" height=\"150\" src=\"https:\/\/blogsaverroes.juntadeandalucia.es\/ceipalfar\/files\/2016\/12\/DSCN5775-150x150.jpg\" class=\"attachment-thumbnail size-thumbnail\" alt=\"\" srcset=\"https:\/\/blogsaverroes.juntadeandalucia.es\/ceipalfar\/files\/2016\/12\/DSCN5775-150x150.jpg 150w, https:\/\/blogsaverroes.juntadeandalucia.es\/ceipalfar\/files\/2016\/12\/DSCN5775-100x100.jpg 100w\" sizes=\"(max-width: 150px) 100vw, 150px\" \/><\/a>\n\t\t\t<\/dt><\/dl><dl class='gallery-item'>\n\t\t\t<dt class='gallery-icon landscape'>\n\t\t\t\t<a href='https:\/\/blogsaverroes.juntadeandalucia.es\/ceipalfar\/2016\/12\/10\/visitamos-estepa-2016\/dscn5777\/'><img loading=\"lazy\" decoding=\"async\" width=\"150\" height=\"150\" src=\"https:\/\/blogsaverroes.juntadeandalucia.es\/ceipalfar\/files\/2016\/12\/DSCN5777-150x150.jpg\" class=\"attachment-thumbnail size-thumbnail\" alt=\"\" srcset=\"https:\/\/blogsaverroes.juntadeandalucia.es\/ceipalfar\/files\/2016\/12\/DSCN5777-150x150.jpg 150w, https:\/\/blogsaverroes.juntadeandalucia.es\/ceipalfar\/files\/2016\/12\/DSCN5777-100x100.jpg 100w\" sizes=\"(max-width: 150px) 100vw, 150px\" \/><\/a>\n\t\t\t<\/dt><\/dl><br style=\"clear: both\" \/><dl class='gallery-item'>\n\t\t\t<dt class='gallery-icon landscape'>\n\t\t\t\t<a href='https:\/\/blogsaverroes.juntadeandalucia.es\/ceipalfar\/2016\/12\/10\/visitamos-estepa-2016\/dscn5778\/'><img loading=\"lazy\" decoding=\"async\" width=\"150\" height=\"150\" src=\"https:\/\/blogsaverroes.juntadeandalucia.es\/ceipalfar\/files\/2016\/12\/DSCN5778-150x150.jpg\" class=\"attachment-thumbnail size-thumbnail\" alt=\"\" srcset=\"https:\/\/blogsaverroes.juntadeandalucia.es\/ceipalfar\/files\/2016\/12\/DSCN5778-150x150.jpg 150w, https:\/\/blogsaverroes.juntadeandalucia.es\/ceipalfar\/files\/2016\/12\/DSCN5778-100x100.jpg 100w\" sizes=\"(max-width: 150px) 100vw, 150px\" \/><\/a>\n\t\t\t<\/dt><\/dl><dl class='gallery-item'>\n\t\t\t<dt class='gallery-icon portrait'>\n\t\t\t\t<a href='https:\/\/blogsaverroes.juntadeandalucia.es\/ceipalfar\/2016\/12\/10\/visitamos-estepa-2016\/dscn5779\/'><img loading=\"lazy\" decoding=\"async\" width=\"150\" height=\"150\" src=\"https:\/\/blogsaverroes.juntadeandalucia.es\/ceipalfar\/files\/2016\/12\/DSCN5779-150x150.jpg\" class=\"attachment-thumbnail size-thumbnail\" alt=\"\" srcset=\"https:\/\/blogsaverroes.juntadeandalucia.es\/ceipalfar\/files\/2016\/12\/DSCN5779-150x150.jpg 150w, https:\/\/blogsaverroes.juntadeandalucia.es\/ceipalfar\/files\/2016\/12\/DSCN5779-100x100.jpg 100w\" sizes=\"(max-width: 150px) 100vw, 150px\" \/><\/a>\n\t\t\t<\/dt><\/dl><dl class='gallery-item'>\n\t\t\t<dt class='gallery-icon portrait'>\n\t\t\t\t<a href='https:\/\/blogsaverroes.juntadeandalucia.es\/ceipalfar\/2016\/12\/10\/visitamos-estepa-2016\/dscn5780\/'><img loading=\"lazy\" decoding=\"async\" width=\"150\" height=\"150\" src=\"https:\/\/blogsaverroes.juntadeandalucia.es\/ceipalfar\/files\/2016\/12\/DSCN5780-150x150.jpg\" class=\"attachment-thumbnail size-thumbnail\" alt=\"\" srcset=\"https:\/\/blogsaverroes.juntadeandalucia.es\/ceipalfar\/files\/2016\/12\/DSCN5780-150x150.jpg 150w, https:\/\/blogsaverroes.juntadeandalucia.es\/ceipalfar\/files\/2016\/12\/DSCN5780-100x100.jpg 100w\" sizes=\"(max-width: 150px) 100vw, 150px\" \/><\/a>\n\t\t\t<\/dt><\/dl><br style=\"clear: both\" \/><dl class='gallery-item'>\n\t\t\t<dt class='gallery-icon landscape'>\n\t\t\t\t<a href='https:\/\/blogsaverroes.juntadeandalucia.es\/ceipalfar\/2016\/12\/10\/visitamos-estepa-2016\/dscn5781\/'><img loading=\"lazy\" decoding=\"async\" width=\"150\" height=\"150\" src=\"https:\/\/blogsaverroes.juntadeandalucia.es\/ceipalfar\/files\/2016\/12\/DSCN5781-150x150.jpg\" class=\"attachment-thumbnail size-thumbnail\" alt=\"\" srcset=\"https:\/\/blogsaverroes.juntadeandalucia.es\/ceipalfar\/files\/2016\/12\/DSCN5781-150x150.jpg 150w, https:\/\/blogsaverroes.juntadeandalucia.es\/ceipalfar\/files\/2016\/12\/DSCN5781-100x100.jpg 100w\" sizes=\"(max-width: 150px) 100vw, 150px\" \/><\/a>\n\t\t\t<\/dt><\/dl><dl class='gallery-item'>\n\t\t\t<dt class='gallery-icon landscape'>\n\t\t\t\t<a href='https:\/\/blogsaverroes.juntadeandalucia.es\/ceipalfar\/2016\/12\/10\/visitamos-estepa-2016\/dscn5782\/'><img loading=\"lazy\" decoding=\"async\" width=\"150\" height=\"150\" src=\"https:\/\/blogsaverroes.juntadeandalucia.es\/ceipalfar\/files\/2016\/12\/DSCN5782-150x150.jpg\" class=\"attachment-thumbnail size-thumbnail\" alt=\"\" srcset=\"https:\/\/blogsaverroes.juntadeandalucia.es\/ceipalfar\/files\/2016\/12\/DSCN5782-150x150.jpg 150w, https:\/\/blogsaverroes.juntadeandalucia.es\/ceipalfar\/files\/2016\/12\/DSCN5782-100x100.jpg 100w\" sizes=\"(max-width: 150px) 100vw, 150px\" \/><\/a>\n\t\t\t<\/dt><\/dl><dl class='gallery-item'>\n\t\t\t<dt class='gallery-icon landscape'>\n\t\t\t\t<a href='https:\/\/blogsaverroes.juntadeandalucia.es\/ceipalfar\/2016\/12\/10\/visitamos-estepa-2016\/dscn5783\/'><img loading=\"lazy\" decoding=\"async\" width=\"150\" height=\"150\" src=\"https:\/\/blogsaverroes.juntadeandalucia.es\/ceipalfar\/files\/2016\/12\/DSCN5783-150x150.jpg\" class=\"attachment-thumbnail size-thumbnail\" alt=\"\" srcset=\"https:\/\/blogsaverroes.juntadeandalucia.es\/ceipalfar\/files\/2016\/12\/DSCN5783-150x150.jpg 150w, https:\/\/blogsaverroes.juntadeandalucia.es\/ceipalfar\/files\/2016\/12\/DSCN5783-100x100.jpg 100w\" sizes=\"(max-width: 150px) 100vw, 150px\" \/><\/a>\n\t\t\t<\/dt><\/dl><br style=\"clear: both\" \/><dl class='gallery-item'>\n\t\t\t<dt class='gallery-icon portrait'>\n\t\t\t\t<a href='https:\/\/blogsaverroes.juntadeandalucia.es\/ceipalfar\/2016\/12\/10\/visitamos-estepa-2016\/dscn5784\/'><img loading=\"lazy\" decoding=\"async\" width=\"150\" height=\"150\" src=\"https:\/\/blogsaverroes.juntadeandalucia.es\/ceipalfar\/files\/2016\/12\/DSCN5784-150x150.jpg\" class=\"attachment-thumbnail size-thumbnail\" alt=\"\" srcset=\"https:\/\/blogsaverroes.juntadeandalucia.es\/ceipalfar\/files\/2016\/12\/DSCN5784-150x150.jpg 150w, https:\/\/blogsaverroes.juntadeandalucia.es\/ceipalfar\/files\/2016\/12\/DSCN5784-100x100.jpg 100w\" sizes=\"(max-width: 150px) 100vw, 150px\" \/><\/a>\n\t\t\t<\/dt><\/dl><dl class='gallery-item'>\n\t\t\t<dt class='gallery-icon landscape'>\n\t\t\t\t<a href='https:\/\/blogsaverroes.juntadeandalucia.es\/ceipalfar\/2016\/12\/10\/visitamos-estepa-2016\/dscn5786\/'><img loading=\"lazy\" decoding=\"async\" width=\"150\" height=\"150\" src=\"https:\/\/blogsaverroes.juntadeandalucia.es\/ceipalfar\/files\/2016\/12\/DSCN5786-150x150.jpg\" class=\"attachment-thumbnail size-thumbnail\" alt=\"\" srcset=\"https:\/\/blogsaverroes.juntadeandalucia.es\/ceipalfar\/files\/2016\/12\/DSCN5786-150x150.jpg 150w, https:\/\/blogsaverroes.juntadeandalucia.es\/ceipalfar\/files\/2016\/12\/DSCN5786-100x100.jpg 100w\" sizes=\"(max-width: 150px) 100vw, 150px\" \/><\/a>\n\t\t\t<\/dt><\/dl><dl class='gallery-item'>\n\t\t\t<dt class='gallery-icon portrait'>\n\t\t\t\t<a href='https:\/\/blogsaverroes.juntadeandalucia.es\/ceipalfar\/2016\/12\/10\/visitamos-estepa-2016\/dscn5787\/'><img loading=\"lazy\" decoding=\"async\" width=\"150\" height=\"150\" src=\"https:\/\/blogsaverroes.juntadeandalucia.es\/ceipalfar\/files\/2016\/12\/DSCN5787-150x150.jpg\" class=\"attachment-thumbnail size-thumbnail\" alt=\"\" srcset=\"https:\/\/blogsaverroes.juntadeandalucia.es\/ceipalfar\/files\/2016\/12\/DSCN5787-150x150.jpg 150w, https:\/\/blogsaverroes.juntadeandalucia.es\/ceipalfar\/files\/2016\/12\/DSCN5787-100x100.jpg 100w\" sizes=\"(max-width: 150px) 100vw, 150px\" \/><\/a>\n\t\t\t<\/dt><\/dl><br style=\"clear: both\" \/>\n\t\t<\/div>\n\n<p>&nbsp;<\/p>\n","protected":false},"excerpt":{"rendered":"<p>Llegando la Navidad el CEIP Alfar \u00a0 visita Estepa. \u00a0Los alumnos\/as de 3\u00ba, 5\u00ba y 6\u00ba de E. Primaria \u00a0con sus \u00a0tutores\/as, el director \u00a0y algunos padres\/madres \u00a0y abuelas \u00a0 recorrimos \u00a0esta localidad \u00a0sevillana.&#46;&#46;&#46;<\/p>\n","protected":false},"author":2291,"featured_media":6210,"comment_status":"open","ping_status":"open","sticky":false,"template":"","format":"standard","meta":{"ngg_post_thumbnail":0,"footnotes":""},"categories":[11909],"tags":[],"aioseo_notices":[],"_links":{"self":[{"href":"https:\/\/blogsaverroes.juntadeandalucia.es\/ceipalfar\/wp-json\/wp\/v2\/posts\/6184"}],"collection":[{"href":"https:\/\/blogsaverroes.juntadeandalucia.es\/ceipalfar\/wp-json\/wp\/v2\/posts"}],"about":[{"href":"https:\/\/blogsaverroes.juntadeandalucia.es\/ceipalfar\/wp-json\/wp\/v2\/types\/post"}],"author":[{"embeddable":true,"href":"https:\/\/blogsaverroes.juntadeandalucia.es\/ceipalfar\/wp-json\/wp\/v2\/users\/2291"}],"replies":[{"embeddable":true,"href":"https:\/\/blogsaverroes.juntadeandalucia.es\/ceipalfar\/wp-json\/wp\/v2\/comments?post=6184"}],"version-history":[{"count":5,"href":"https:\/\/blogsaverroes.juntadeandalucia.es\/ceipalfar\/wp-json\/wp\/v2\/posts\/6184\/revisions"}],"predecessor-version":[{"id":6240,"href":"https:\/\/blogsaverroes.juntadeandalucia.es\/ceipalfar\/wp-json\/wp\/v2\/posts\/6184\/revisions\/6240"}],"wp:featuredmedia":[{"embeddable":true,"href":"https:\/\/blogsaverroes.juntadeandalucia.es\/ceipalfar\/wp-json\/wp\/v2\/media\/6210"}],"wp:attachment":[{"href":"https:\/\/blogsaverroes.juntadeandalucia.es\/ceipalfar\/wp-json\/wp\/v2\/media?parent=6184"}],"wp:term":[{"taxonomy":"category","embeddable":true,"href":"https:\/\/blogsaverroes.juntadeandalucia.es\/ceipalfar\/wp-json\/wp\/v2\/categories?post=6184"},{"taxonomy":"post_tag","embeddable":true,"href":"https:\/\/blogsaverroes.juntadeandalucia.es\/ceipalfar\/wp-json\/wp\/v2\/tags?post=6184"}],"curies":[{"name":"wp","href":"https:\/\/api.w.org\/{rel}","templated":true}]}}