{"id":13765,"date":"2018-10-06T14:18:07","date_gmt":"2018-10-06T14:18:07","guid":{"rendered":"http:\/\/prueba19.ceipalmodovar.es\/?p=13765"},"modified":"2021-11-17T11:41:26","modified_gmt":"2021-11-17T10:41:26","slug":"enhorabuena-dire","status":"publish","type":"post","link":"https:\/\/blogsaverroes.juntadeandalucia.es\/ceipalmodovar\/enhorabuena-dire\/","title":{"rendered":"\u00a1\u00a1\u00a1Enhorabuena Dire!!!"},"content":{"rendered":"\n<figure class=\"wp-block-image\"><img decoding=\"async\" src=\"http:\/\/ceipalmodovar.es\/images\/IMG-20181005-WA0034.jpg\" alt=\"\" \/><\/figure>\n\n\n\n<p>El Almod\u00f3var&nbsp; est\u00e1 de enhorabuena porque nuestro director, Jos\u00e9 Manuel Mallofret Jim\u00e9nez,que&nbsp; fue uno de los pocos seleccionados a nivel nacional para formar parte de la COHORTE de Google Madrid 2018 ya est\u00e1 de vuelta con una certificaci\u00f3n oficial que sin duda marcar\u00e1 un antes y un despu\u00e9s en su vida y por tanto en la de nuestro cole.<\/p>\n\n\n\n<p>Tras m\u00e1s de 11 a\u00f1os, solo 1.600 personas en todo el mundo han conseguido ser EDUCADORES INNOVADORES CERTIFICADOS. En Espa\u00f1a hay poco m\u00e1s de 40 entre los que est\u00e1 Jos\u00e9 Manuel, profe de la educaci\u00f3n p\u00fablica en nuestro CEIP Antonio Rodr\u00edguez Almod\u00f3var de Salteras.<\/p>\n\n\n\n<p>Desde el centro, aprovecharemos sin duda este gran recurso con una apuesta decidida por la innovaci\u00f3n educativa y el uso de las nuevas tecnolog\u00edas.<\/p>\n\n\n\n<p>\u00a1\u00a1\u00a1Enhorabuena Jos\u00e9 Manuel!!!<\/p>\n\n\n\n<p>\u00a1\u00a1\u00a1Bravo @MaestroMallo!!!<\/p>\n\n\n\n<figure class=\"wp-block-image\"><img decoding=\"async\" src=\"http:\/\/ceipalmodovar.es\/images\/IMG-20181005-WA0032.jpg\" alt=\"\" \/><\/figure>\n","protected":false},"excerpt":{"rendered":"<p>El Almod\u00f3var&nbsp; est\u00e1 de enhorabuena porque nuestro director, Jos\u00e9 Manuel Mallofret Jim\u00e9nez,que&nbsp; fue uno de los pocos seleccionados a nivel nacional para formar parte de la COHORTE de Google Madrid 2018 ya est\u00e1 de vuelta con una certificaci\u00f3n oficial que sin duda marcar\u00e1 un antes y un despu\u00e9s en su vida y por tanto en [&hellip;]<\/p>\n","protected":false},"author":13976,"featured_media":13713,"comment_status":"closed","ping_status":"closed","sticky":false,"template":"","format":"standard","meta":{"_et_pb_use_builder":"","_et_pb_old_content":"","_et_gb_content_width":"","ngg_post_thumbnail":0,"footnotes":""},"categories":[3,16,17],"tags":[19,38],"aioseo_notices":[],"_links":{"self":[{"href":"https:\/\/blogsaverroes.juntadeandalucia.es\/ceipalmodovar\/wp-json\/wp\/v2\/posts\/13765"}],"collection":[{"href":"https:\/\/blogsaverroes.juntadeandalucia.es\/ceipalmodovar\/wp-json\/wp\/v2\/posts"}],"about":[{"href":"https:\/\/blogsaverroes.juntadeandalucia.es\/ceipalmodovar\/wp-json\/wp\/v2\/types\/post"}],"author":[{"embeddable":true,"href":"https:\/\/blogsaverroes.juntadeandalucia.es\/ceipalmodovar\/wp-json\/wp\/v2\/users\/13976"}],"replies":[{"embeddable":true,"href":"https:\/\/blogsaverroes.juntadeandalucia.es\/ceipalmodovar\/wp-json\/wp\/v2\/comments?post=13765"}],"version-history":[{"count":1,"href":"https:\/\/blogsaverroes.juntadeandalucia.es\/ceipalmodovar\/wp-json\/wp\/v2\/posts\/13765\/revisions"}],"predecessor-version":[{"id":15078,"href":"https:\/\/blogsaverroes.juntadeandalucia.es\/ceipalmodovar\/wp-json\/wp\/v2\/posts\/13765\/revisions\/15078"}],"wp:featuredmedia":[{"embeddable":true,"href":"https:\/\/blogsaverroes.juntadeandalucia.es\/ceipalmodovar\/wp-json\/wp\/v2\/media\/13713"}],"wp:attachment":[{"href":"https:\/\/blogsaverroes.juntadeandalucia.es\/ceipalmodovar\/wp-json\/wp\/v2\/media?parent=13765"}],"wp:term":[{"taxonomy":"category","embeddable":true,"href":"https:\/\/blogsaverroes.juntadeandalucia.es\/ceipalmodovar\/wp-json\/wp\/v2\/categories?post=13765"},{"taxonomy":"post_tag","embeddable":true,"href":"https:\/\/blogsaverroes.juntadeandalucia.es\/ceipalmodovar\/wp-json\/wp\/v2\/tags?post=13765"}],"curies":[{"name":"wp","href":"https:\/\/api.w.org\/{rel}","templated":true}]}}