{"id":14394,"date":"2019-10-08T11:59:22","date_gmt":"2019-10-08T09:59:22","guid":{"rendered":"http:\/\/www.ceipalmodovar.es\/?p=14394"},"modified":"2021-11-17T11:41:00","modified_gmt":"2021-11-17T10:41:00","slug":"comprometidos-con-la-formacion","status":"publish","type":"post","link":"https:\/\/blogsaverroes.juntadeandalucia.es\/ceipalmodovar\/comprometidos-con-la-formacion\/","title":{"rendered":"Comprometidos con la Formaci\u00f3n"},"content":{"rendered":"\n<p>El pasado fin de semana, algunos docentes de nuestro colegio acudieron al <strong><a href=\"https:\/\/justkeynote.com\/just-edu-2\/\">congreso educativo JUSTEDU 2<\/a><\/strong>, celebrado en Pinto, Madrid. El compromiso del claustro del centro por la formaci\u00f3n contin\u00faa es constante y no solo se acude a las actuaciones realizadas en nuestro cole o en el entorno cercano.<\/p>\n\n\n\n<p>En esta ocasi\u00f3n el Almod\u00f3var estuvo representado en un congreso con 350 docentes de Primaria y Secundaria de toda Espa\u00f1a movidos por la innovaci\u00f3n educativa, el cambio y la actualizaci\u00f3n metodol\u00f3gica constante.<\/p>\n\n\n\n<p>Talleres sobre neurociencia o trabajo por proyectos se alternaban con otros m\u00e1s concretos y pr\u00e1cticos en los que nuestro profesorado pudo introducirse en la gamificaci\u00f3n de las clases, en el Dise\u00f1o Universal de Aprendizaje, la creaci\u00f3n de paisajes de aprendizaje o la impresi\u00f3n 3D, entre otros.<\/p>\n\n\n\n<p>Fue una buena oportunidad adem\u00e1s de convivir y compartir inquietudes con docentes de otras comunidades y otros tipos de centros docentes, que a buen seguro habr\u00e1n ampliado las miras de nuestro claustro.<\/p>\n\n\n\n<p><a href=\"https:\/\/twitter.com\/Mariquilla_FB\"><strong>Mar\u00eda Ferreira<\/strong><\/a>, nuestra jefa de estudios, destacaba que <em>&#8220;Vivir una experiencia formativa como JUSTEDU2 en la que compartes talleres, charlas e ideas con personas de cualquier punto de Espa\u00f1a, con realidades muy distintas pero con un <strong>nexo de uni\u00f3n tan potente como la vocaci\u00f3n<\/strong> por la profesi\u00f3n m\u00e1s bonita del mundo, te inspira y te da el impulso que, de vez en cuando, hace falta para seguir trabajando en mejorar y crecer como docentes.&#8221;<\/em><\/p>\n\n\n\n<p>Por su parte para <strong>Ana Morente:<\/strong> <em>&#8220;ha supuesto <strong>subid\u00f3n <\/strong>cuando ves tantas <strong>personas implicadas<\/strong> en su trabajo y queriendo mejorar d\u00eda a d\u00eda. Hace que me plantee querer aprender cosas nuevas y darme cuenta que tengo muuuuuuucho que aprender. Tengo que agradecer que se nos haga participes de experiencias tan motivadoras, pasar unos d\u00edas con los compa\u00f1eros supone satisfaci\u00f3n y alegr\u00eda. &#8220;<\/em><\/p>\n\n\n\n<p> &#8220;El segundo congreso de <strong><a href=\"https:\/\/twitter.com\/justkeynote\">JustEdu <\/a><\/strong>ha supuesto una magn\u00edfica <strong>convivencia entre docentes<\/strong> que buscan mejorar en su actividad diaria y encontrar los elementos que se suponen necesarios para la educaci\u00f3n del siglo XXI, teniendo como eje central el <strong>satisfacer los intereses y necesidades de nuestro alumnado <\/strong>en la sociedad actual.&#8221; destacaba nuestro compa\u00f1ero Juan Manuel.<\/p>\n\n\n\n<p>Nuestro <a href=\"https:\/\/twitter.com\/maestromallo?lang=es\">dire<\/a>, sin embargo, destacaba <em>&#8220;que en eventos como estos es donde de verdad se puede pulsar el sentimiento y las inquietudes del motor del cambio, <strong>el profesorado<\/strong>. Para m\u00ed es un <strong>orgullo que docentes del Almod\u00f3var<\/strong> sean ya habituales en este tipo de eventos a pesar del esfuerzo que les supone separarse de sus familias un fin de semana.&#8221;<\/em><\/p>\n\n\n\n<p>Seguro que no ser\u00e1 la \u00faltima salida de nuestro claustro y que m\u00e1s pronto que tarde veremos en las aulas ejemplos pr\u00e1cticos de los aprendizajes vividos en JustEdu2.<\/p>\n\n\n\n<ul class=\"wp-block-gallery columns-3 is-cropped wp-block-gallery-1 is-layout-flex wp-block-gallery-is-layout-flex\"><li class=\"blocks-gallery-item\"><figure><img decoding=\"async\" src=\"https:\/\/blogsaverroes.juntadeandalucia.es\/ceipalmodovar\/files\/2019\/10\/IMG-20191005-WA0007-1170x694.jpg\" alt=\"\" data-id=\"14395\" data-link=\"http:\/\/www.ceipalmodovar.es\/?attachment_id=14395\" class=\"wp-image-14395\" \/><\/figure><\/li><li class=\"blocks-gallery-item\"><figure><img decoding=\"async\" src=\"https:\/\/blogsaverroes.juntadeandalucia.es\/ceipalmodovar\/files\/2019\/10\/IMG-20191005-WA0003-1170x694.jpg\" alt=\"\" data-id=\"14396\" data-link=\"http:\/\/www.ceipalmodovar.es\/?attachment_id=14396\" class=\"wp-image-14396\" \/><\/figure><\/li><li class=\"blocks-gallery-item\"><figure><img decoding=\"async\" src=\"https:\/\/blogsaverroes.juntadeandalucia.es\/ceipalmodovar\/files\/2019\/10\/EGIP7RdWsAED9hu-1170x694.jpg\" alt=\"\" data-id=\"14397\" data-link=\"http:\/\/www.ceipalmodovar.es\/?attachment_id=14397\" class=\"wp-image-14397\" \/><\/figure><\/li><li class=\"blocks-gallery-item\"><figure><img decoding=\"async\" src=\"https:\/\/blogsaverroes.juntadeandalucia.es\/ceipalmodovar\/files\/2019\/10\/EGLkCkWX0AAfCPu-1170x694.jpg\" alt=\"\" data-id=\"14398\" data-link=\"http:\/\/www.ceipalmodovar.es\/?attachment_id=14398\" class=\"wp-image-14398\" \/><\/figure><\/li><li class=\"blocks-gallery-item\"><figure><img decoding=\"async\" src=\"https:\/\/blogsaverroes.juntadeandalucia.es\/ceipalmodovar\/files\/2019\/10\/EGHfIzRWwAE6_dS-1024x694.jpg\" alt=\"\" data-id=\"14399\" data-link=\"http:\/\/www.ceipalmodovar.es\/?attachment_id=14399\" class=\"wp-image-14399\" \/><\/figure><\/li><li class=\"blocks-gallery-item\"><figure><img decoding=\"async\" src=\"https:\/\/blogsaverroes.juntadeandalucia.es\/ceipalmodovar\/files\/2019\/10\/EGHkyO4XkAAjVFJ-1170x694.jpg\" alt=\"\" data-id=\"14400\" data-link=\"http:\/\/www.ceipalmodovar.es\/?attachment_id=14400\" class=\"wp-image-14400\" \/><\/figure><\/li><li class=\"blocks-gallery-item\"><figure><img decoding=\"async\" src=\"https:\/\/blogsaverroes.juntadeandalucia.es\/ceipalmodovar\/files\/2019\/10\/EGGdQQJXUAAmxJh-1170x694.jpg\" alt=\"\" data-id=\"14401\" data-link=\"http:\/\/www.ceipalmodovar.es\/?attachment_id=14401\" class=\"wp-image-14401\" \/><\/figure><\/li><li class=\"blocks-gallery-item\"><figure><img decoding=\"async\" src=\"https:\/\/blogsaverroes.juntadeandalucia.es\/ceipalmodovar\/files\/2019\/10\/EGHUDMLXoAAmkpz-1170x694.jpg\" alt=\"\" data-id=\"14402\" data-link=\"http:\/\/www.ceipalmodovar.es\/?attachment_id=14402\" class=\"wp-image-14402\" \/><\/figure><\/li><li class=\"blocks-gallery-item\"><figure><img decoding=\"async\" src=\"https:\/\/blogsaverroes.juntadeandalucia.es\/ceipalmodovar\/files\/2019\/10\/EGIIFeeWwAU-WDR-1170x694.jpg\" alt=\"\" data-id=\"14403\" data-link=\"http:\/\/www.ceipalmodovar.es\/?attachment_id=14403\" class=\"wp-image-14403\" \/><\/figure><\/li><li class=\"blocks-gallery-item\"><figure><img decoding=\"async\" src=\"https:\/\/blogsaverroes.juntadeandalucia.es\/ceipalmodovar\/files\/2019\/10\/EGIIFeyXYAEQcoW-1170x694.jpg\" alt=\"\" data-id=\"14404\" data-link=\"http:\/\/www.ceipalmodovar.es\/?attachment_id=14404\" class=\"wp-image-14404\" \/><\/figure><\/li><li class=\"blocks-gallery-item\"><figure><img decoding=\"async\" src=\"https:\/\/blogsaverroes.juntadeandalucia.es\/ceipalmodovar\/files\/2019\/10\/EGIjLwkW4AAHwK9-1170x694.jpg\" alt=\"\" data-id=\"14405\" data-link=\"http:\/\/www.ceipalmodovar.es\/?attachment_id=14405\" class=\"wp-image-14405\" \/><\/figure><\/li><li class=\"blocks-gallery-item\"><figure><img decoding=\"async\" src=\"https:\/\/blogsaverroes.juntadeandalucia.es\/ceipalmodovar\/files\/2019\/10\/EGMTZaDXUAAI6QY-1170x694.jpg\" alt=\"\" data-id=\"14406\" data-link=\"http:\/\/www.ceipalmodovar.es\/?attachment_id=14406\" class=\"wp-image-14406\" \/><\/figure><\/li><li class=\"blocks-gallery-item\"><figure><img decoding=\"async\" src=\"https:\/\/blogsaverroes.juntadeandalucia.es\/ceipalmodovar\/files\/2019\/10\/EGNQx3eWsAAMbfx-1170x654.jpg\" alt=\"\" data-id=\"14407\" data-link=\"http:\/\/www.ceipalmodovar.es\/?attachment_id=14407\" class=\"wp-image-14407\" \/><\/figure><\/li><li class=\"blocks-gallery-item\"><figure><img decoding=\"async\" src=\"https:\/\/blogsaverroes.juntadeandalucia.es\/ceipalmodovar\/files\/2019\/10\/EGQdTyEWsAA1yx6-1170x694.jpg\" alt=\"\" data-id=\"14408\" data-link=\"http:\/\/www.ceipalmodovar.es\/?attachment_id=14408\" class=\"wp-image-14408\" \/><\/figure><\/li><li class=\"blocks-gallery-item\"><figure><img decoding=\"async\" src=\"https:\/\/blogsaverroes.juntadeandalucia.es\/ceipalmodovar\/files\/2019\/10\/EGQdTyDXYAEET4d-1170x694.jpg\" alt=\"\" data-id=\"14409\" data-link=\"http:\/\/www.ceipalmodovar.es\/?attachment_id=14409\" class=\"wp-image-14409\" \/><\/figure><\/li><li class=\"blocks-gallery-item\"><figure><img decoding=\"async\" src=\"https:\/\/blogsaverroes.juntadeandalucia.es\/ceipalmodovar\/files\/2019\/10\/EGS2AzXXYAIuS2k-1170x694.jpg\" alt=\"\" data-id=\"14410\" data-link=\"http:\/\/www.ceipalmodovar.es\/?attachment_id=14410\" class=\"wp-image-14410\" \/><\/figure><\/li><li class=\"blocks-gallery-item\"><figure><img decoding=\"async\" src=\"https:\/\/blogsaverroes.juntadeandalucia.es\/ceipalmodovar\/files\/2019\/10\/EGI1FxFXoAAU3Do-1170x694.jpg\" alt=\"\" data-id=\"14411\" data-link=\"http:\/\/www.ceipalmodovar.es\/?attachment_id=14411\" class=\"wp-image-14411\" \/><\/figure><\/li><\/ul>\n","protected":false},"excerpt":{"rendered":"<p>El pasado fin de semana, algunos docentes de nuestro colegio acudieron al congreso educativo JUSTEDU 2, celebrado en Pinto, Madrid. El compromiso del claustro del centro por la formaci\u00f3n contin\u00faa es constante y no solo se acude a las actuaciones realizadas en nuestro cole o en el entorno cercano. En esta ocasi\u00f3n el Almod\u00f3var estuvo [&hellip;]<\/p>\n","protected":false},"author":13976,"featured_media":14396,"comment_status":"closed","ping_status":"closed","sticky":false,"template":"","format":"standard","meta":{"_et_pb_use_builder":"","_et_pb_old_content":"","_et_gb_content_width":"","ngg_post_thumbnail":0,"footnotes":""},"categories":[3,18],"tags":[41],"aioseo_notices":[],"_links":{"self":[{"href":"https:\/\/blogsaverroes.juntadeandalucia.es\/ceipalmodovar\/wp-json\/wp\/v2\/posts\/14394"}],"collection":[{"href":"https:\/\/blogsaverroes.juntadeandalucia.es\/ceipalmodovar\/wp-json\/wp\/v2\/posts"}],"about":[{"href":"https:\/\/blogsaverroes.juntadeandalucia.es\/ceipalmodovar\/wp-json\/wp\/v2\/types\/post"}],"author":[{"embeddable":true,"href":"https:\/\/blogsaverroes.juntadeandalucia.es\/ceipalmodovar\/wp-json\/wp\/v2\/users\/13976"}],"replies":[{"embeddable":true,"href":"https:\/\/blogsaverroes.juntadeandalucia.es\/ceipalmodovar\/wp-json\/wp\/v2\/comments?post=14394"}],"version-history":[{"count":1,"href":"https:\/\/blogsaverroes.juntadeandalucia.es\/ceipalmodovar\/wp-json\/wp\/v2\/posts\/14394\/revisions"}],"predecessor-version":[{"id":15066,"href":"https:\/\/blogsaverroes.juntadeandalucia.es\/ceipalmodovar\/wp-json\/wp\/v2\/posts\/14394\/revisions\/15066"}],"wp:featuredmedia":[{"embeddable":true,"href":"https:\/\/blogsaverroes.juntadeandalucia.es\/ceipalmodovar\/wp-json\/wp\/v2\/media\/14396"}],"wp:attachment":[{"href":"https:\/\/blogsaverroes.juntadeandalucia.es\/ceipalmodovar\/wp-json\/wp\/v2\/media?parent=14394"}],"wp:term":[{"taxonomy":"category","embeddable":true,"href":"https:\/\/blogsaverroes.juntadeandalucia.es\/ceipalmodovar\/wp-json\/wp\/v2\/categories?post=14394"},{"taxonomy":"post_tag","embeddable":true,"href":"https:\/\/blogsaverroes.juntadeandalucia.es\/ceipalmodovar\/wp-json\/wp\/v2\/tags?post=14394"}],"curies":[{"name":"wp","href":"https:\/\/api.w.org\/{rel}","templated":true}]}}